{"id":60362,"date":"2015-07-27T09:58:15","date_gmt":"2015-07-27T12:58:15","guid":{"rendered":"http:\/\/www.eltrabajo.cl\/portal\/?p=60362"},"modified":"2015-07-27T09:58:15","modified_gmt":"2015-07-27T12:58:15","slug":"os7-incauta-drogas-y-arma-de-fuego-desde-vivienda-en-juan-pablo-ii","status":"publish","type":"post","link":"https:\/\/eltrabajo.cl\/portal\/os7-incauta-drogas-y-arma-de-fuego-desde-vivienda-en-juan-pablo-ii\/","title":{"rendered":"OS7 incauta drogas y arma de fuego desde vivienda en Juan Pablo II"},"content":{"rendered":"<figure id=\"attachment_60363\" aria-describedby=\"caption-attachment-60363\" style=\"width: 300px\" class=\"wp-caption alignleft\"><a href=\"https:\/\/i0.wp.com\/www.eltrabajo.cl\/portal\/wp-content\/uploads\/2015\/07\/Drogas-Juan-Pablo-II.jpg\"><img data-recalc-dims=\"1\" loading=\"lazy\" decoding=\"async\" class=\"wp-image-60363 size-medium\" src=\"https:\/\/i0.wp.com\/www.eltrabajo.cl\/portal\/wp-content\/uploads\/2015\/07\/Drogas-Juan-Pablo-II-300x197.jpg?resize=300%2C197\" alt=\"Personal de OS7 de Carabineros de San Felipe decomis\u00f3 pasta base de coca\u00edna y marihuana elaborada desde un domicilio de la villa Juan Pablo II de esta comuna la tarde de este jueves.\" width=\"300\" height=\"197\" srcset=\"https:\/\/i0.wp.com\/eltrabajo.cl\/portal\/wp-content\/uploads\/2015\/07\/Drogas-Juan-Pablo-II.jpg?resize=300%2C197&amp;ssl=1 300w, https:\/\/i0.wp.com\/eltrabajo.cl\/portal\/wp-content\/uploads\/2015\/07\/Drogas-Juan-Pablo-II.jpg?resize=200%2C131&amp;ssl=1 200w, https:\/\/i0.wp.com\/eltrabajo.cl\/portal\/wp-content\/uploads\/2015\/07\/Drogas-Juan-Pablo-II.jpg?resize=228%2C150&amp;ssl=1 228w, https:\/\/i0.wp.com\/eltrabajo.cl\/portal\/wp-content\/uploads\/2015\/07\/Drogas-Juan-Pablo-II.jpg?resize=400%2C263&amp;ssl=1 400w, https:\/\/i0.wp.com\/eltrabajo.cl\/portal\/wp-content\/uploads\/2015\/07\/Drogas-Juan-Pablo-II.jpg?w=530&amp;ssl=1 530w\" sizes=\"auto, (max-width: 300px) 100vw, 300px\" \/><\/a><figcaption id=\"caption-attachment-60363\" class=\"wp-caption-text\">Personal de OS7 de Carabineros de San Felipe decomis\u00f3 pasta base de coca\u00edna y marihuana elaborada desde un domicilio de la villa Juan Pablo II de esta comuna la tarde de este jueves.<\/figcaption><\/figure>\n<ul>\n<li><strong>Servicio extraordinario de Carabineros permiti\u00f3 incautar pasta base de coca\u00edna y marihuana en una vivienda en villa Juan Pablo II de San Felipe, decomisando adem\u00e1s una pistola y sus municiones.<\/strong><\/li>\n<\/ul>\n<p>Con la incautaci\u00f3n de 21 gramos de pasta base de coca\u00edna, 47 gramos de marihuana elaborada, una pistola calibre 45 y sus respectivas municiones culminaron las diligencias encabezadas por los efectivos policiales de OS7 de Carabineros, luego de realizar un allanamiento en una vivienda ubicada en la villa Juan Pablo II de San Felipe, cuyo imputado se encuentra pr\u00f3fugo de la justicia.<br \/>\nEl procedimiento se efectu\u00f3 a ra\u00edz de las rondas extraordinarias dispuestas por la Prefectura de Carabineros de Aconcagua desde la tarde del jueves, circunstancias en las que el departamento especializado de drogas de la polic\u00eda uniformada manten\u00eda antecedentes de la comercializaci\u00f3n de drogas en dicha poblaci\u00f3n. Efectivos policiales realizaron las primeras movilizaciones con un agente revelador que adquiri\u00f3 papelillos de estupefacientes de manos de un individuo de iniciales G.A.R.A de 19 a\u00f1os de edad.<br \/>\nEl Ministerio P\u00fablico de San Felipe fue puesto en conocimiento de dichos sucesos para oficiar una orden de entrada y registro ante el Juez del Tribunal de Garant\u00eda de esta comuna, autorizando el allanamiento a la vivienda que en esos precisos instantes ya se encontraba sin moradores. Desde el interior del inmueble incautaron un monedero que conten\u00eda 120 envoltorios de pasta base de coca\u00edna, 18 papelinas de marihuana elaborada y una pesa digital.<br \/>\nAsimismo, los efectivos policiales encontraron al interior de un closet una pistola marca Norinco calibre 45 con su cargador con siete municiones del mismo calibre. Sin embargo, tras realizar patrullajes por los alrededores y otros puntos de la comuna de San Felipe, no se logr\u00f3 la detenci\u00f3n del imputado que se encuentra plenamente identificado y su captura es inminente.<br \/>\nNo obstante Carabineros remiti\u00f3 los antecedentes del caso a la Fiscal\u00eda, detallando las pruebas incautadas respecto a este procedimiento de microtr\u00e1fico y porte ilegal de arma de fuego: con 21 gramos de pasta base de coca\u00edna, 47 gramos de marihuana elaborada, una pistola calibre 45 con siete municiones y una pesa digital para la dosificaci\u00f3n de la droga.<br \/>\n<strong>Pablo Salinas Sald\u00edas<\/strong><\/p>\n","protected":false},"excerpt":{"rendered":"<p>Servicio extraordinario de Carabineros permiti\u00f3 incautar pasta base de coca\u00edna y marihuana en una vivienda en villa Juan Pablo II de San Felipe, decomisando adem\u00e1s una pistola y sus municiones. Con la&#8230;<\/p>\n","protected":false},"author":482,"featured_media":60363,"comment_status":"open","ping_status":"open","sticky":false,"template":"","format":"standard","meta":{"advanced_seo_description":"","jetpack_seo_html_title":"","jetpack_seo_noindex":false,"_jetpack_memberships_contains_paid_content":false,"footnotes":""},"categories":[21],"tags":[],"class_list":["post-60362","post","type-post","status-publish","format-standard","has-post-thumbnail","hentry","category-policial"],"jetpack_featured_media_url":"https:\/\/i0.wp.com\/eltrabajo.cl\/portal\/wp-content\/uploads\/2015\/07\/Drogas-Juan-Pablo-II.jpg?fit=530%2C348&ssl=1","jetpack_sharing_enabled":true,"jetpack_likes_enabled":true,"jetpack-related-posts":[],"_links":{"self":[{"href":"https:\/\/eltrabajo.cl\/portal\/wp-json\/wp\/v2\/posts\/60362","targetHints":{"allow":["GET"]}}],"collection":[{"href":"https:\/\/eltrabajo.cl\/portal\/wp-json\/wp\/v2\/posts"}],"about":[{"href":"https:\/\/eltrabajo.cl\/portal\/wp-json\/wp\/v2\/types\/post"}],"author":[{"embeddable":true,"href":"https:\/\/eltrabajo.cl\/portal\/wp-json\/wp\/v2\/users\/482"}],"replies":[{"embeddable":true,"href":"https:\/\/eltrabajo.cl\/portal\/wp-json\/wp\/v2\/comments?post=60362"}],"version-history":[{"count":0,"href":"https:\/\/eltrabajo.cl\/portal\/wp-json\/wp\/v2\/posts\/60362\/revisions"}],"wp:featuredmedia":[{"embeddable":true,"href":"https:\/\/eltrabajo.cl\/portal\/wp-json\/wp\/v2\/media\/60363"}],"wp:attachment":[{"href":"https:\/\/eltrabajo.cl\/portal\/wp-json\/wp\/v2\/media?parent=60362"}],"wp:term":[{"taxonomy":"category","embeddable":true,"href":"https:\/\/eltrabajo.cl\/portal\/wp-json\/wp\/v2\/categories?post=60362"},{"taxonomy":"post_tag","embeddable":true,"href":"https:\/\/eltrabajo.cl\/portal\/wp-json\/wp\/v2\/tags?post=60362"}],"curies":[{"name":"wp","href":"https:\/\/api.w.org\/{rel}","templated":true}]}}