{"id":60365,"date":"2015-07-27T09:59:42","date_gmt":"2015-07-27T12:59:42","guid":{"rendered":"http:\/\/www.eltrabajo.cl\/portal\/?p=60365"},"modified":"2015-07-27T09:59:42","modified_gmt":"2015-07-27T12:59:42","slug":"inician-sumario-por-fallecimiento-de-usuario-de-hospital-psiquiatrico-que-cayo-desde-el-tercer-piso","status":"publish","type":"post","link":"https:\/\/eltrabajo.cl\/portal\/inician-sumario-por-fallecimiento-de-usuario-de-hospital-psiquiatrico-que-cayo-desde-el-tercer-piso\/","title":{"rendered":"Inician sumario por fallecimiento de usuario de Hospital Psiqui\u00e1trico que cay\u00f3 desde el tercer piso"},"content":{"rendered":"<figure id=\"attachment_60366\" aria-describedby=\"caption-attachment-60366\" style=\"width: 300px\" class=\"wp-caption alignleft\"><a href=\"https:\/\/i0.wp.com\/www.eltrabajo.cl\/portal\/wp-content\/uploads\/2015\/07\/referencialpsiquiatrico.jpg\"><img data-recalc-dims=\"1\" loading=\"lazy\" decoding=\"async\" class=\"wp-image-60366 size-medium\" src=\"https:\/\/i0.wp.com\/www.eltrabajo.cl\/portal\/wp-content\/uploads\/2015\/07\/referencialpsiquiatrico-300x199.jpg?resize=300%2C199\" alt=\"La instituci\u00f3n ya inici\u00f3 un sumario administrativo para esclarecer los hechos que condujeron a la muerte a este usuario.\" width=\"300\" height=\"199\" srcset=\"https:\/\/i0.wp.com\/eltrabajo.cl\/portal\/wp-content\/uploads\/2015\/07\/referencialpsiquiatrico.jpg?resize=300%2C199&amp;ssl=1 300w, https:\/\/i0.wp.com\/eltrabajo.cl\/portal\/wp-content\/uploads\/2015\/07\/referencialpsiquiatrico.jpg?resize=200%2C133&amp;ssl=1 200w, https:\/\/i0.wp.com\/eltrabajo.cl\/portal\/wp-content\/uploads\/2015\/07\/referencialpsiquiatrico.jpg?resize=226%2C150&amp;ssl=1 226w, https:\/\/i0.wp.com\/eltrabajo.cl\/portal\/wp-content\/uploads\/2015\/07\/referencialpsiquiatrico.jpg?resize=400%2C265&amp;ssl=1 400w, https:\/\/i0.wp.com\/eltrabajo.cl\/portal\/wp-content\/uploads\/2015\/07\/referencialpsiquiatrico.jpg?w=528&amp;ssl=1 528w\" sizes=\"auto, (max-width: 300px) 100vw, 300px\" \/><\/a><figcaption id=\"caption-attachment-60366\" class=\"wp-caption-text\">La instituci\u00f3n ya inici\u00f3 un sumario administrativo para esclarecer los hechos que condujeron a la muerte a este usuario.<\/figcaption><\/figure>\n<p>Un hombre de 52 a\u00f1os de edad identificado como Jos\u00e9 Antonio Orellana Barrientos, paciente del Hospital Psiqui\u00e1trico Dr. Philippe Pinel de Putaendo, falleci\u00f3 la tarde del s\u00e1bado mientras era atendido en el hospital San Juan de Dios de Los Andes, debido a que horas antes y en circunstancias que se investigan, cay\u00f3 desde el tercer piso del establecimiento de salud mental.<br \/>\nSeg\u00fan lo informado por el centro asistencial, el paciente habr\u00eda saltado desde el tercer piso del edificio evadiendo las medidas de seguridad existentes en el mencionado recinto hospitalario.<br \/>\nInmediatamente ocurrido el hecho, el equipo de salud del Hospital Psiqui\u00e1trico de Putaendo activ\u00f3 los protocolos establecidos y asisti\u00f3 al usuario que se encontraba a\u00fan con signos vitales, estabiliz\u00e1ndolo y traslad\u00e1ndolo al Hospital San Antonio de Putaendo desde donde luego de recibir la atenci\u00f3n m\u00e9dica primaria de urgencia, fue enviado hasta el Hospital San Juan de Dios de Los Andes, lugar en el cual fallece en horas de la tarde del s\u00e1bado, a pesar de los esfuerzos realizados por el personal cl\u00ednico.<br \/>\nSimult\u00e1neamente el Hospital Dr. Philippe Pinel tom\u00f3 contacto con la familia inform\u00e1ndole lo ocurrido y entreg\u00e1ndole el apoyo correspondiente, acompa\u00f1amiento y las orientaciones respectivas para iniciar los tr\u00e1mites de rigor.<br \/>\nJunto con lamentar esta situaci\u00f3n, la Direcci\u00f3n del Hospital Psiqui\u00e1trico Dr. Philippe Pinel anunci\u00f3 la inmediata instrucci\u00f3n de un sumario administrativo para esclarecer los hechos y aplicar las medidas que resulten pertinentes.<br \/>\nNo obstante, el hecho tambi\u00e9n comenz\u00f3 a ser investigado por la Brigada de Homicidios de la PDI de Los Andes.<br \/>\nEl paciente ten\u00eda domicilio en la poblaci\u00f3n Alonso de Ercilla de Los Andes y en varias oportunidades hab\u00eda estado internado en ese hospital debido a sus problemas de salud mental.<\/p>\n","protected":false},"excerpt":{"rendered":"<p>Un hombre de 52 a\u00f1os de edad identificado como Jos\u00e9 Antonio Orellana Barrientos, paciente del Hospital Psiqui\u00e1trico Dr. Philippe Pinel de Putaendo, falleci\u00f3 la tarde del s\u00e1bado mientras era atendido en el&#8230;<\/p>\n","protected":false},"author":482,"featured_media":60366,"comment_status":"open","ping_status":"open","sticky":false,"template":"","format":"standard","meta":{"advanced_seo_description":"","jetpack_seo_html_title":"","jetpack_seo_noindex":false,"_jetpack_memberships_contains_paid_content":false,"footnotes":""},"categories":[21],"tags":[],"class_list":["post-60365","post","type-post","status-publish","format-standard","has-post-thumbnail","hentry","category-policial"],"jetpack_featured_media_url":"https:\/\/i0.wp.com\/eltrabajo.cl\/portal\/wp-content\/uploads\/2015\/07\/referencialpsiquiatrico.jpg?fit=528%2C350&ssl=1","jetpack_sharing_enabled":true,"jetpack_likes_enabled":true,"jetpack-related-posts":[],"_links":{"self":[{"href":"https:\/\/eltrabajo.cl\/portal\/wp-json\/wp\/v2\/posts\/60365","targetHints":{"allow":["GET"]}}],"collection":[{"href":"https:\/\/eltrabajo.cl\/portal\/wp-json\/wp\/v2\/posts"}],"about":[{"href":"https:\/\/eltrabajo.cl\/portal\/wp-json\/wp\/v2\/types\/post"}],"author":[{"embeddable":true,"href":"https:\/\/eltrabajo.cl\/portal\/wp-json\/wp\/v2\/users\/482"}],"replies":[{"embeddable":true,"href":"https:\/\/eltrabajo.cl\/portal\/wp-json\/wp\/v2\/comments?post=60365"}],"version-history":[{"count":0,"href":"https:\/\/eltrabajo.cl\/portal\/wp-json\/wp\/v2\/posts\/60365\/revisions"}],"wp:featuredmedia":[{"embeddable":true,"href":"https:\/\/eltrabajo.cl\/portal\/wp-json\/wp\/v2\/media\/60366"}],"wp:attachment":[{"href":"https:\/\/eltrabajo.cl\/portal\/wp-json\/wp\/v2\/media?parent=60365"}],"wp:term":[{"taxonomy":"category","embeddable":true,"href":"https:\/\/eltrabajo.cl\/portal\/wp-json\/wp\/v2\/categories?post=60365"},{"taxonomy":"post_tag","embeddable":true,"href":"https:\/\/eltrabajo.cl\/portal\/wp-json\/wp\/v2\/tags?post=60365"}],"curies":[{"name":"wp","href":"https:\/\/api.w.org\/{rel}","templated":true}]}}