{"id":60371,"date":"2015-07-28T09:37:05","date_gmt":"2015-07-28T12:37:05","guid":{"rendered":"http:\/\/www.eltrabajo.cl\/portal\/?p=60371"},"modified":"2015-07-28T09:37:05","modified_gmt":"2015-07-28T12:37:05","slug":"funcionario-jovino-gallardo-sera-premiado-este-viernes","status":"publish","type":"post","link":"https:\/\/eltrabajo.cl\/portal\/funcionario-jovino-gallardo-sera-premiado-este-viernes\/","title":{"rendered":"Funcionario Jovino Gallardo ser\u00e1 premiado este viernes"},"content":{"rendered":"<figure id=\"attachment_60372\" aria-describedby=\"caption-attachment-60372\" style=\"width: 300px\" class=\"wp-caption alignleft\"><a href=\"https:\/\/i0.wp.com\/www.eltrabajo.cl\/portal\/wp-content\/uploads\/2015\/07\/Jovino-Gallardo.jpg\"><img data-recalc-dims=\"1\" loading=\"lazy\" decoding=\"async\" class=\"wp-image-60372 size-medium\" src=\"https:\/\/i0.wp.com\/www.eltrabajo.cl\/portal\/wp-content\/uploads\/2015\/07\/Jovino-Gallardo-300x197.jpg?resize=300%2C197\" alt=\"Jovino \u2018Pelao\u2019 Gallardo Gald\u00e1mez, ser\u00e1 premiado este viernes por el Municipio.\" width=\"300\" height=\"197\" srcset=\"https:\/\/i0.wp.com\/eltrabajo.cl\/portal\/wp-content\/uploads\/2015\/07\/Jovino-Gallardo.jpg?resize=300%2C197&amp;ssl=1 300w, https:\/\/i0.wp.com\/eltrabajo.cl\/portal\/wp-content\/uploads\/2015\/07\/Jovino-Gallardo.jpg?resize=200%2C131&amp;ssl=1 200w, https:\/\/i0.wp.com\/eltrabajo.cl\/portal\/wp-content\/uploads\/2015\/07\/Jovino-Gallardo.jpg?resize=228%2C150&amp;ssl=1 228w, https:\/\/i0.wp.com\/eltrabajo.cl\/portal\/wp-content\/uploads\/2015\/07\/Jovino-Gallardo.jpg?resize=400%2C263&amp;ssl=1 400w, https:\/\/i0.wp.com\/eltrabajo.cl\/portal\/wp-content\/uploads\/2015\/07\/Jovino-Gallardo.jpg?w=530&amp;ssl=1 530w\" sizes=\"auto, (max-width: 300px) 100vw, 300px\" \/><\/a><figcaption id=\"caption-attachment-60372\" class=\"wp-caption-text\">Jovino \u2018Pelao\u2019 Gallardo Gald\u00e1mez, ser\u00e1 premiado este viernes por el Municipio.<\/figcaption><\/figure>\n<p>En la categor\u00eda Servidor P\u00fablico, el municipio sanfelipe\u00f1o premiar\u00e1 este viernes 31 de julio en el teatro del Liceo Roberto Humeres, a un ejemplar funcionario municipal de gran trayectoria. Se trata del popular Jovino \u2018Pelao\u2019 Gallardo Gald\u00e1mez, quien desde hace muchos a\u00f1os se desempe\u00f1a exitosamente desde hace 20 a\u00f1os en la Oficina de Cultura y Recreaci\u00f3n.<br \/>\n\u00abNac\u00ed en Barrancas de Quebrada Herrera, aqu\u00ed en San Felipe. Estoy soltero. Desde hace a\u00f1os que laboro, desde 1995, en el Departamento extraescolar\u00bb, coment\u00f3 inicialmente Gallardo a Diario El Trabajo.<br \/>\nSeg\u00fan nos coment\u00f3 \u2018El Pelao\u2019 Gallardo, a \u00e9l le encanta correr, disfrutar del campo y de los animales, \u00abtambi\u00e9n me encanta la m\u00fasica ranchera mexicana; el rodeo; soy aficionado al Colo Colo y de La Roja\u00bb, coment\u00f3 Jovino sobre sus gustos personales y pasatiempos.<br \/>\nLa labor que este funcionario desarrolla no la realiza en solitario, pues \u00e9l trabaja con otras cinco personas, quienes tambi\u00e9n ampl\u00edan su accionar gracias a otras personas.<\/p>\n<figure id=\"attachment_60373\" aria-describedby=\"caption-attachment-60373\" style=\"width: 300px\" class=\"wp-caption alignright\"><a href=\"https:\/\/i0.wp.com\/www.eltrabajo.cl\/portal\/wp-content\/uploads\/2015\/07\/Planta1.jpg\"><img data-recalc-dims=\"1\" loading=\"lazy\" decoding=\"async\" class=\"wp-image-60373 size-medium\" src=\"https:\/\/i0.wp.com\/www.eltrabajo.cl\/portal\/wp-content\/uploads\/2015\/07\/Planta1-300x198.jpg?resize=300%2C198\" alt=\"EQUIPO DE TRABAJO.- Ellos son parte del equipo de trabajo: Danilo Godoy, Patricia Castro, Jovino Gallardo, Gabriela Aliaga y Marco L\u00f3pez.\" width=\"300\" height=\"198\" srcset=\"https:\/\/i0.wp.com\/eltrabajo.cl\/portal\/wp-content\/uploads\/2015\/07\/Planta1.jpg?resize=300%2C198&amp;ssl=1 300w, https:\/\/i0.wp.com\/eltrabajo.cl\/portal\/wp-content\/uploads\/2015\/07\/Planta1.jpg?resize=200%2C132&amp;ssl=1 200w, https:\/\/i0.wp.com\/eltrabajo.cl\/portal\/wp-content\/uploads\/2015\/07\/Planta1.jpg?resize=227%2C150&amp;ssl=1 227w, https:\/\/i0.wp.com\/eltrabajo.cl\/portal\/wp-content\/uploads\/2015\/07\/Planta1.jpg?resize=400%2C264&amp;ssl=1 400w, https:\/\/i0.wp.com\/eltrabajo.cl\/portal\/wp-content\/uploads\/2015\/07\/Planta1.jpg?w=530&amp;ssl=1 530w\" sizes=\"auto, (max-width: 300px) 100vw, 300px\" \/><\/a><figcaption id=\"caption-attachment-60373\" class=\"wp-caption-text\">EQUIPO DE TRABAJO.- Ellos son parte del equipo de trabajo: Danilo Godoy, Patricia Castro, Jovino Gallardo, Gabriela Aliaga y Marco L\u00f3pez.<\/figcaption><\/figure>\n<p>\u00abNosotros lo que realizamos en la comuna son talleres, no lo hacemos solos, pues contamos con el apoyo de unos 35 monitores externos, entre ellos y mi equipo logramos desarrollar cursos de ballet, teatro, pintura y muchas otras actividades socioculturales para los ni\u00f1os y j\u00f3venes. Los talleres los hacemos aqu\u00ed, en Chacabuco 178 o en algunas poblaciones\u00bb, explic\u00f3 finalmente Gallardo sobre c\u00f3mo desarrolla su trabajo.<br \/>\n<strong>Roberto Gonz\u00e1lez Short<\/strong><br \/>\n<strong>rgonzalez@eltrabajo.cl<\/strong><\/p>\n","protected":false},"excerpt":{"rendered":"<p>En la categor\u00eda Servidor P\u00fablico, el municipio sanfelipe\u00f1o premiar\u00e1 este viernes 31 de julio en el teatro del Liceo Roberto Humeres, a un ejemplar funcionario municipal de gran trayectoria. Se trata del&#8230;<\/p>\n","protected":false},"author":482,"featured_media":60372,"comment_status":"open","ping_status":"open","sticky":false,"template":"","format":"standard","meta":{"advanced_seo_description":"","jetpack_seo_html_title":"","jetpack_seo_noindex":false,"_jetpack_memberships_contains_paid_content":false,"footnotes":""},"categories":[15],"tags":[],"class_list":["post-60371","post","type-post","status-publish","format-standard","has-post-thumbnail","hentry","category-comunidad"],"jetpack_featured_media_url":"https:\/\/i0.wp.com\/eltrabajo.cl\/portal\/wp-content\/uploads\/2015\/07\/Jovino-Gallardo.jpg?fit=530%2C348&ssl=1","jetpack_sharing_enabled":true,"jetpack_likes_enabled":true,"jetpack-related-posts":[],"_links":{"self":[{"href":"https:\/\/eltrabajo.cl\/portal\/wp-json\/wp\/v2\/posts\/60371","targetHints":{"allow":["GET"]}}],"collection":[{"href":"https:\/\/eltrabajo.cl\/portal\/wp-json\/wp\/v2\/posts"}],"about":[{"href":"https:\/\/eltrabajo.cl\/portal\/wp-json\/wp\/v2\/types\/post"}],"author":[{"embeddable":true,"href":"https:\/\/eltrabajo.cl\/portal\/wp-json\/wp\/v2\/users\/482"}],"replies":[{"embeddable":true,"href":"https:\/\/eltrabajo.cl\/portal\/wp-json\/wp\/v2\/comments?post=60371"}],"version-history":[{"count":0,"href":"https:\/\/eltrabajo.cl\/portal\/wp-json\/wp\/v2\/posts\/60371\/revisions"}],"wp:featuredmedia":[{"embeddable":true,"href":"https:\/\/eltrabajo.cl\/portal\/wp-json\/wp\/v2\/media\/60372"}],"wp:attachment":[{"href":"https:\/\/eltrabajo.cl\/portal\/wp-json\/wp\/v2\/media?parent=60371"}],"wp:term":[{"taxonomy":"category","embeddable":true,"href":"https:\/\/eltrabajo.cl\/portal\/wp-json\/wp\/v2\/categories?post=60371"},{"taxonomy":"post_tag","embeddable":true,"href":"https:\/\/eltrabajo.cl\/portal\/wp-json\/wp\/v2\/tags?post=60371"}],"curies":[{"name":"wp","href":"https:\/\/api.w.org\/{rel}","templated":true}]}}