{"id":60376,"date":"2015-07-28T09:38:19","date_gmt":"2015-07-28T12:38:19","guid":{"rendered":"http:\/\/www.eltrabajo.cl\/portal\/?p=60376"},"modified":"2015-07-28T09:38:19","modified_gmt":"2015-07-28T12:38:19","slug":"inicia-exposicion-itinerante-geometria-construyendo-la-naturaleza","status":"publish","type":"post","link":"https:\/\/eltrabajo.cl\/portal\/inicia-exposicion-itinerante-geometria-construyendo-la-naturaleza\/","title":{"rendered":"Inicia exposici\u00f3n itinerante \u2018Geometr\u00eda: construyendo la naturaleza\u2019"},"content":{"rendered":"<figure id=\"attachment_60377\" aria-describedby=\"caption-attachment-60377\" style=\"width: 300px\" class=\"wp-caption alignleft\"><a href=\"https:\/\/i0.wp.com\/www.eltrabajo.cl\/portal\/wp-content\/uploads\/2015\/07\/Par-Explora-2.jpg\"><img data-recalc-dims=\"1\" loading=\"lazy\" decoding=\"async\" class=\"wp-image-60377 size-medium\" src=\"https:\/\/i0.wp.com\/www.eltrabajo.cl\/portal\/wp-content\/uploads\/2015\/07\/Par-Explora-2-300x198.jpg?resize=300%2C198\" alt=\"La muestra se encuentra disponible hasta el 31 de julio en la Biblioteca Municipal de Catemu de lunes a viernes y la entrada es gratuita.\" width=\"300\" height=\"198\" srcset=\"https:\/\/i0.wp.com\/eltrabajo.cl\/portal\/wp-content\/uploads\/2015\/07\/Par-Explora-2.jpg?resize=300%2C198&amp;ssl=1 300w, https:\/\/i0.wp.com\/eltrabajo.cl\/portal\/wp-content\/uploads\/2015\/07\/Par-Explora-2.jpg?resize=200%2C132&amp;ssl=1 200w, https:\/\/i0.wp.com\/eltrabajo.cl\/portal\/wp-content\/uploads\/2015\/07\/Par-Explora-2.jpg?resize=228%2C150&amp;ssl=1 228w, https:\/\/i0.wp.com\/eltrabajo.cl\/portal\/wp-content\/uploads\/2015\/07\/Par-Explora-2.jpg?resize=400%2C263&amp;ssl=1 400w, https:\/\/i0.wp.com\/eltrabajo.cl\/portal\/wp-content\/uploads\/2015\/07\/Par-Explora-2.jpg?w=530&amp;ssl=1 530w\" sizes=\"auto, (max-width: 300px) 100vw, 300px\" \/><\/a><figcaption id=\"caption-attachment-60377\" class=\"wp-caption-text\">La muestra se encuentra disponible hasta el 31 de julio en la Biblioteca Municipal de Catemu de lunes a viernes y la entrada es gratuita.<\/figcaption><\/figure>\n<p><strong>CATEMU.<\/strong>&#8211; En presencia del alcalde Boris Luksic; el Jefe Daem F\u00e9lix Ar\u00e9valo, directores de establecimientos municipales de la comuna, y una delegaci\u00f3n de alumnos del Liceo Polivalente Chagres, se realiz\u00f3 la inauguraci\u00f3n de la muestra interactiva \u2018Geometr\u00eda: Construyendo la naturaleza\u2019, que empieza un nuevo recorrido por la regi\u00f3n comenzando por la comuna de Catemu.<br \/>\nSe trata de una exposici\u00f3n desarrollada por el Proyecto Asociativo Regional, Par Explora Valpara\u00edso junto al Instituto de Matem\u00e1ticas de la Pontificia Universidad Cat\u00f3lica de Valpara\u00edso, y dise\u00f1ada en la Escuela de Arquitectura y Dise\u00f1o de la misma universidad.<br \/>\nLa muestra, dise\u00f1ada para todo p\u00fablico, cuenta con 8 m\u00f3dulos tem\u00e1ticos en los que el observador podr\u00e1 interactuar con conceptos como: ondas, simetr\u00eda y rotaci\u00f3n, fractales, espiral de Fibonacci, curva natural catenaria, fuerza puntual, teselaci\u00f3n hexagonal y formas \u00f3ptimas para contener. Los m\u00f3dulos interactivos son acompa\u00f1ados por monitores capacitados, quienes guiar\u00e1n a los visitantes en el proceso de volverse m\u00e1s observadores y curiosos de las formas que hay a su alrededor.<br \/>\nHasta el 31 de julio se encontrar\u00e1 en la biblioteca municipal de Catemu (Calle Borja Garc\u00eda Huidobro 025, Catemu). Su horario de atenci\u00f3n es de lunes a viernes, de 9:00 a 13:00 horas y de 14:30 a 17:00 horas. La entrada es gratuita y la actividad es apta para todo p\u00fablico.<br \/>\n\u201cPermanentemente estamos realizando diversas acciones para incentivar el aprendizaje de los estudiantes de nuestra comuna, el traer este tipo de muestras a Catemu permiten que se ese aprendizaje sea a trav\u00e9s de la propia experimentaci\u00f3n, por lo tanto m\u00e1s efectivo; por otra parte otorga la posibilidad de aprender a toda la comunidad, ya que la muestra es gratuita y abierta a todo p\u00fablico\u201d, se\u00f1al\u00f3 el alcalde de Catemu.<\/p>\n","protected":false},"excerpt":{"rendered":"<p>CATEMU.&#8211; En presencia del alcalde Boris Luksic; el Jefe Daem F\u00e9lix Ar\u00e9valo, directores de establecimientos municipales de la comuna, y una delegaci\u00f3n de alumnos del Liceo Polivalente Chagres, se realiz\u00f3 la inauguraci\u00f3n&#8230;<\/p>\n","protected":false},"author":482,"featured_media":60377,"comment_status":"open","ping_status":"open","sticky":false,"template":"","format":"standard","meta":{"advanced_seo_description":"","jetpack_seo_html_title":"","jetpack_seo_noindex":false,"_jetpack_memberships_contains_paid_content":false,"footnotes":""},"categories":[15],"tags":[],"class_list":["post-60376","post","type-post","status-publish","format-standard","has-post-thumbnail","hentry","category-comunidad"],"jetpack_featured_media_url":"https:\/\/i0.wp.com\/eltrabajo.cl\/portal\/wp-content\/uploads\/2015\/07\/Par-Explora-2.jpg?fit=530%2C349&ssl=1","jetpack_sharing_enabled":true,"jetpack_likes_enabled":true,"jetpack-related-posts":[],"_links":{"self":[{"href":"https:\/\/eltrabajo.cl\/portal\/wp-json\/wp\/v2\/posts\/60376","targetHints":{"allow":["GET"]}}],"collection":[{"href":"https:\/\/eltrabajo.cl\/portal\/wp-json\/wp\/v2\/posts"}],"about":[{"href":"https:\/\/eltrabajo.cl\/portal\/wp-json\/wp\/v2\/types\/post"}],"author":[{"embeddable":true,"href":"https:\/\/eltrabajo.cl\/portal\/wp-json\/wp\/v2\/users\/482"}],"replies":[{"embeddable":true,"href":"https:\/\/eltrabajo.cl\/portal\/wp-json\/wp\/v2\/comments?post=60376"}],"version-history":[{"count":0,"href":"https:\/\/eltrabajo.cl\/portal\/wp-json\/wp\/v2\/posts\/60376\/revisions"}],"wp:featuredmedia":[{"embeddable":true,"href":"https:\/\/eltrabajo.cl\/portal\/wp-json\/wp\/v2\/media\/60377"}],"wp:attachment":[{"href":"https:\/\/eltrabajo.cl\/portal\/wp-json\/wp\/v2\/media?parent=60376"}],"wp:term":[{"taxonomy":"category","embeddable":true,"href":"https:\/\/eltrabajo.cl\/portal\/wp-json\/wp\/v2\/categories?post=60376"},{"taxonomy":"post_tag","embeddable":true,"href":"https:\/\/eltrabajo.cl\/portal\/wp-json\/wp\/v2\/tags?post=60376"}],"curies":[{"name":"wp","href":"https:\/\/api.w.org\/{rel}","templated":true}]}}