{"id":60379,"date":"2015-07-28T09:39:27","date_gmt":"2015-07-28T12:39:27","guid":{"rendered":"http:\/\/www.eltrabajo.cl\/portal\/?p=60379"},"modified":"2015-07-28T09:39:27","modified_gmt":"2015-07-28T12:39:27","slug":"realizaran-5a-fecha-del-zonal-centro-de-enduro-en-jahuel","status":"publish","type":"post","link":"https:\/\/eltrabajo.cl\/portal\/realizaran-5a-fecha-del-zonal-centro-de-enduro-en-jahuel\/","title":{"rendered":"Realizar\u00e1n 5\u00aa fecha del Zonal Centro de Enduro en Jahuel"},"content":{"rendered":"<figure id=\"attachment_60380\" aria-describedby=\"caption-attachment-60380\" style=\"width: 300px\" class=\"wp-caption alignleft\"><a href=\"https:\/\/i0.wp.com\/www.eltrabajo.cl\/portal\/wp-content\/uploads\/2015\/07\/Miguel-Olivares-Club-Motos.jpg\"><img data-recalc-dims=\"1\" loading=\"lazy\" decoding=\"async\" class=\"wp-image-60380 size-medium\" src=\"https:\/\/i0.wp.com\/www.eltrabajo.cl\/portal\/wp-content\/uploads\/2015\/07\/Miguel-Olivares-Club-Motos-300x198.jpg?resize=300%2C198\" alt=\"Miguel Olivares Presidente Jahuel Moto Club\" width=\"300\" height=\"198\" srcset=\"https:\/\/i0.wp.com\/eltrabajo.cl\/portal\/wp-content\/uploads\/2015\/07\/Miguel-Olivares-Club-Motos.jpg?resize=300%2C198&amp;ssl=1 300w, https:\/\/i0.wp.com\/eltrabajo.cl\/portal\/wp-content\/uploads\/2015\/07\/Miguel-Olivares-Club-Motos.jpg?resize=200%2C132&amp;ssl=1 200w, https:\/\/i0.wp.com\/eltrabajo.cl\/portal\/wp-content\/uploads\/2015\/07\/Miguel-Olivares-Club-Motos.jpg?resize=227%2C150&amp;ssl=1 227w, https:\/\/i0.wp.com\/eltrabajo.cl\/portal\/wp-content\/uploads\/2015\/07\/Miguel-Olivares-Club-Motos.jpg?resize=400%2C264&amp;ssl=1 400w, https:\/\/i0.wp.com\/eltrabajo.cl\/portal\/wp-content\/uploads\/2015\/07\/Miguel-Olivares-Club-Motos.jpg?w=530&amp;ssl=1 530w\" sizes=\"auto, (max-width: 300px) 100vw, 300px\" \/><\/a><figcaption id=\"caption-attachment-60380\" class=\"wp-caption-text\">Miguel Olivares Presidente Jahuel Moto Club<\/figcaption><\/figure>\n<p>La ya reconocida pista de Motocross Don Bosco de Jahuel tendr\u00e1 en sus 19 kil\u00f3metros de recorrido la quinta fecha del Zonal de Enduro, con reconocidos pilotos de diversos lugares de la zona central del pa\u00eds y se llevar\u00e1 a cabo los d\u00edas 1 y 2 de agosto. Cabe destacar que la pista cuenta con cuatro circuitos distintos seg\u00fan la categor\u00eda del competidor, siendo la pista para expertos la m\u00e1s codiciada con 19 km de longitud y diversos obst\u00e1culos que demuestran toda la habilidad de los pilotos quienes deben saltar zanjones, tomar curvas cerradas, escalar cerros empinados y recorrer un circuito que demanda el m\u00e1ximo de concentraci\u00f3n y condici\u00f3n f\u00edsica y un excelente desempe\u00f1o y mantenci\u00f3n a las motos.<br \/>\nMiguel Olivares, Presidente de Jahuel Moto Club, concesionarios de la pista y organizadores de la fecha, se mostr\u00f3 muy ansioso para que todo comience: \u201cHemos hecho algunas modificaciones este a\u00f1o aunque la pista mantiene sus 19 kil\u00f3metros de recorrido en su pista m\u00e1s larga. En realidad son cuatro pistas, existe: una que es la Mamadera y es para pilotos tan j\u00f3venes como cuatro a\u00f1os de edad; esta la pista 5,0 y 75cc, que es para pilotos m\u00e1s grandes, de alrededor de siete a\u00f1os; tenemos la pista de 85cc que esa tiene alrededor de 8 km y la pista larga que es para expertos y profesionales que tiene 19 km de extrema dificultad y donde se pone a prueba todas las habilidades y la resistencia de los pilotos, ya que toman alrededor de 35 minutos para dar una vuelta al circuito\u201d.<br \/>\nEl Zonal Centro Enduro es un campeonato consolidado a nivel nacional donde re\u00fane entre 350 a 400 pilotos por cada fecha, pilotos desde la 4\u00ba a la 6\u00ba regi\u00f3n vienen a correr cada fecha de este campeonato, incluso nombres de connotaci\u00f3n nacional. La pista Don Bosco tiene la particularidad de su entorno geogr\u00e1fico privilegiado que permite tener una visi\u00f3n casi total de los circuitos desde las alturas colindantes.<br \/>\nEsta adem\u00e1s es una fecha con gran apoyo municipal, de bomberos y que cuenta con todos los implementos y equipos de seguridad y coordinaci\u00f3n respectivas para dar una atenci\u00f3n inmediata y expedita ante cualquier adversidad. Tambi\u00e9n, alrededor se consagra todo un sistema de abastecimiento y servicios que permite a los equipos acampar en el lugar durante los dos d\u00edas de competencia.<br \/>\nEn resumen, asistir al espect\u00e1culo que se promueve en la pista Don Bosco es presenciar un tremendo show tuerca que nada tiene a envidiar a fechas tanto nacionales como internacionales, pudiendo apreciar el espectador tecnolog\u00eda de punta, expositores del m\u00e1s alto nivel y una competencia donde la adrenalina y la experticia de los pilotos es puesta a prueba logrando resultados espectaculares.<br \/>\n<strong>Roberto Mercado Aced<\/strong><\/p>\n","protected":false},"excerpt":{"rendered":"<p>La ya reconocida pista de Motocross Don Bosco de Jahuel tendr\u00e1 en sus 19 kil\u00f3metros de recorrido la quinta fecha del Zonal de Enduro, con reconocidos pilotos de diversos lugares de la&#8230;<\/p>\n","protected":false},"author":482,"featured_media":60380,"comment_status":"open","ping_status":"open","sticky":false,"template":"","format":"standard","meta":{"advanced_seo_description":"","jetpack_seo_html_title":"","jetpack_seo_noindex":false,"_jetpack_memberships_contains_paid_content":false,"footnotes":""},"categories":[15],"tags":[],"class_list":["post-60379","post","type-post","status-publish","format-standard","has-post-thumbnail","hentry","category-comunidad"],"jetpack_featured_media_url":"https:\/\/i0.wp.com\/eltrabajo.cl\/portal\/wp-content\/uploads\/2015\/07\/Miguel-Olivares-Club-Motos.jpg?fit=530%2C350&ssl=1","jetpack_sharing_enabled":true,"jetpack_likes_enabled":true,"jetpack-related-posts":[],"_links":{"self":[{"href":"https:\/\/eltrabajo.cl\/portal\/wp-json\/wp\/v2\/posts\/60379","targetHints":{"allow":["GET"]}}],"collection":[{"href":"https:\/\/eltrabajo.cl\/portal\/wp-json\/wp\/v2\/posts"}],"about":[{"href":"https:\/\/eltrabajo.cl\/portal\/wp-json\/wp\/v2\/types\/post"}],"author":[{"embeddable":true,"href":"https:\/\/eltrabajo.cl\/portal\/wp-json\/wp\/v2\/users\/482"}],"replies":[{"embeddable":true,"href":"https:\/\/eltrabajo.cl\/portal\/wp-json\/wp\/v2\/comments?post=60379"}],"version-history":[{"count":0,"href":"https:\/\/eltrabajo.cl\/portal\/wp-json\/wp\/v2\/posts\/60379\/revisions"}],"wp:featuredmedia":[{"embeddable":true,"href":"https:\/\/eltrabajo.cl\/portal\/wp-json\/wp\/v2\/media\/60380"}],"wp:attachment":[{"href":"https:\/\/eltrabajo.cl\/portal\/wp-json\/wp\/v2\/media?parent=60379"}],"wp:term":[{"taxonomy":"category","embeddable":true,"href":"https:\/\/eltrabajo.cl\/portal\/wp-json\/wp\/v2\/categories?post=60379"},{"taxonomy":"post_tag","embeddable":true,"href":"https:\/\/eltrabajo.cl\/portal\/wp-json\/wp\/v2\/tags?post=60379"}],"curies":[{"name":"wp","href":"https:\/\/api.w.org\/{rel}","templated":true}]}}