{"id":60385,"date":"2015-07-28T09:41:36","date_gmt":"2015-07-28T12:41:36","guid":{"rendered":"http:\/\/www.eltrabajo.cl\/portal\/?p=60385"},"modified":"2015-07-28T09:41:36","modified_gmt":"2015-07-28T12:41:36","slug":"subcontratistas-bloquean-camino-a-saladillo-impidiendo-acceder-a-la-mina","status":"publish","type":"post","link":"https:\/\/eltrabajo.cl\/portal\/subcontratistas-bloquean-camino-a-saladillo-impidiendo-acceder-a-la-mina\/","title":{"rendered":"Subcontratistas bloquean camino a Saladillo impidiendo acceder a la mina"},"content":{"rendered":"<figure id=\"attachment_60386\" aria-describedby=\"caption-attachment-60386\" style=\"width: 300px\" class=\"wp-caption alignleft\"><a href=\"https:\/\/i0.wp.com\/www.eltrabajo.cl\/portal\/wp-content\/uploads\/2015\/07\/marco-paro18.jpg\"><img data-recalc-dims=\"1\" loading=\"lazy\" decoding=\"async\" class=\"wp-image-60386 size-medium\" src=\"https:\/\/i0.wp.com\/www.eltrabajo.cl\/portal\/wp-content\/uploads\/2015\/07\/marco-paro18-300x198.jpg?resize=300%2C198\" alt=\"A\u00fan contin\u00faan las manifestaciones y bloqueos de rutas de los trabajadores contratistas de Andina.\" width=\"300\" height=\"198\" srcset=\"https:\/\/i0.wp.com\/eltrabajo.cl\/portal\/wp-content\/uploads\/2015\/07\/marco-paro18.jpg?resize=300%2C198&amp;ssl=1 300w, https:\/\/i0.wp.com\/eltrabajo.cl\/portal\/wp-content\/uploads\/2015\/07\/marco-paro18.jpg?resize=200%2C132&amp;ssl=1 200w, https:\/\/i0.wp.com\/eltrabajo.cl\/portal\/wp-content\/uploads\/2015\/07\/marco-paro18.jpg?resize=228%2C150&amp;ssl=1 228w, https:\/\/i0.wp.com\/eltrabajo.cl\/portal\/wp-content\/uploads\/2015\/07\/marco-paro18.jpg?resize=400%2C263&amp;ssl=1 400w, https:\/\/i0.wp.com\/eltrabajo.cl\/portal\/wp-content\/uploads\/2015\/07\/marco-paro18.jpg?w=530&amp;ssl=1 530w\" sizes=\"auto, (max-width: 300px) 100vw, 300px\" \/><\/a><figcaption id=\"caption-attachment-60386\" class=\"wp-caption-text\">A\u00fan contin\u00faan las manifestaciones y bloqueos de rutas de los trabajadores contratistas de Andina.<\/figcaption><\/figure>\n<ul>\n<li><strong>Contratistas denuncian los esfuerzos de la empresa por hacer subir personal a toda costa al yacimiento.<\/strong><\/li>\n<\/ul>\n<p><strong>LOS ANDES.<\/strong>&#8211; El Presidente de la Federaci\u00f3n de Sindicatos de Trabajadores de empresas de la Miner\u00eda (Fetramin) denunci\u00f3 los intentos de Codelco hacer subir a como d\u00e9 lugar a trabajadores de planta y contratistas a sus faenas en Andina poniendo en riesgo su seguridad.<br \/>\nAs\u00ed por ejemplo, durante la ma\u00f1ana del lunes los trabajadores de planta fueron citados en el polideportivo de Andina, ubicado en avenida Enrique de la Fuente, a fin de poder desde all\u00ed hacerlos subir en diferentes medios, incluso taxis.<br \/>\nAnte ello, el dirigente contratista acus\u00f3 a Codelco de sus intento de vulnerar las condiciones de seguridad que la propia empresa impone en sus faenas a haciendo subir trabajadores en condiciones de seguridad precarias, a sabiendas incluso que el camino a Saladillo est\u00e1 bloqueado.<br \/>\nDijo que a\u00fan no hay una respuesta clara de Codelco para sentarse a conversar en una mesa tripartita a fin de negociar el acuerdo marco.<\/p>\n","protected":false},"excerpt":{"rendered":"<p>Contratistas denuncian los esfuerzos de la empresa por hacer subir personal a toda costa al yacimiento. LOS ANDES.&#8211; El Presidente de la Federaci\u00f3n de Sindicatos de Trabajadores de empresas de la Miner\u00eda&#8230;<\/p>\n","protected":false},"author":482,"featured_media":60386,"comment_status":"open","ping_status":"open","sticky":false,"template":"","format":"standard","meta":{"advanced_seo_description":"","jetpack_seo_html_title":"","jetpack_seo_noindex":false,"_jetpack_memberships_contains_paid_content":false,"footnotes":""},"categories":[15],"tags":[],"class_list":["post-60385","post","type-post","status-publish","format-standard","has-post-thumbnail","hentry","category-comunidad"],"jetpack_featured_media_url":"https:\/\/i0.wp.com\/eltrabajo.cl\/portal\/wp-content\/uploads\/2015\/07\/marco-paro18.jpg?fit=530%2C349&ssl=1","jetpack_sharing_enabled":true,"jetpack_likes_enabled":true,"jetpack-related-posts":[],"_links":{"self":[{"href":"https:\/\/eltrabajo.cl\/portal\/wp-json\/wp\/v2\/posts\/60385","targetHints":{"allow":["GET"]}}],"collection":[{"href":"https:\/\/eltrabajo.cl\/portal\/wp-json\/wp\/v2\/posts"}],"about":[{"href":"https:\/\/eltrabajo.cl\/portal\/wp-json\/wp\/v2\/types\/post"}],"author":[{"embeddable":true,"href":"https:\/\/eltrabajo.cl\/portal\/wp-json\/wp\/v2\/users\/482"}],"replies":[{"embeddable":true,"href":"https:\/\/eltrabajo.cl\/portal\/wp-json\/wp\/v2\/comments?post=60385"}],"version-history":[{"count":0,"href":"https:\/\/eltrabajo.cl\/portal\/wp-json\/wp\/v2\/posts\/60385\/revisions"}],"wp:featuredmedia":[{"embeddable":true,"href":"https:\/\/eltrabajo.cl\/portal\/wp-json\/wp\/v2\/media\/60386"}],"wp:attachment":[{"href":"https:\/\/eltrabajo.cl\/portal\/wp-json\/wp\/v2\/media?parent=60385"}],"wp:term":[{"taxonomy":"category","embeddable":true,"href":"https:\/\/eltrabajo.cl\/portal\/wp-json\/wp\/v2\/categories?post=60385"},{"taxonomy":"post_tag","embeddable":true,"href":"https:\/\/eltrabajo.cl\/portal\/wp-json\/wp\/v2\/tags?post=60385"}],"curies":[{"name":"wp","href":"https:\/\/api.w.org\/{rel}","templated":true}]}}