{"id":60397,"date":"2015-07-28T09:48:29","date_gmt":"2015-07-28T12:48:29","guid":{"rendered":"http:\/\/www.eltrabajo.cl\/portal\/?p=60397"},"modified":"2015-07-28T09:48:29","modified_gmt":"2015-07-28T12:48:29","slug":"burocracia-del-mop-impide-que-abran-calle-chercan-tapia","status":"publish","type":"post","link":"https:\/\/eltrabajo.cl\/portal\/burocracia-del-mop-impide-que-abran-calle-chercan-tapia\/","title":{"rendered":"Burocracia del MOP impide que abran calle Cherc\u00e1n Tapia"},"content":{"rendered":"<figure id=\"attachment_60398\" aria-describedby=\"caption-attachment-60398\" style=\"width: 300px\" class=\"wp-caption alignleft\"><a href=\"https:\/\/i0.wp.com\/www.eltrabajo.cl\/portal\/wp-content\/uploads\/2015\/07\/Cierre1.jpg\"><img data-recalc-dims=\"1\" loading=\"lazy\" decoding=\"async\" class=\"wp-image-60398 size-medium\" src=\"https:\/\/i0.wp.com\/www.eltrabajo.cl\/portal\/wp-content\/uploads\/2015\/07\/Cierre1-300x198.jpg?resize=300%2C198\" alt=\"SIN PASO.- Milton Rebolledo, obrero de la empresa constructora, permanec\u00eda ayer impidiendo que los conductores usaran la v\u00eda.\" width=\"300\" height=\"198\" srcset=\"https:\/\/i0.wp.com\/eltrabajo.cl\/portal\/wp-content\/uploads\/2015\/07\/Cierre1.jpg?resize=300%2C198&amp;ssl=1 300w, https:\/\/i0.wp.com\/eltrabajo.cl\/portal\/wp-content\/uploads\/2015\/07\/Cierre1.jpg?resize=200%2C132&amp;ssl=1 200w, https:\/\/i0.wp.com\/eltrabajo.cl\/portal\/wp-content\/uploads\/2015\/07\/Cierre1.jpg?resize=227%2C150&amp;ssl=1 227w, https:\/\/i0.wp.com\/eltrabajo.cl\/portal\/wp-content\/uploads\/2015\/07\/Cierre1.jpg?resize=400%2C264&amp;ssl=1 400w, https:\/\/i0.wp.com\/eltrabajo.cl\/portal\/wp-content\/uploads\/2015\/07\/Cierre1.jpg?w=530&amp;ssl=1 530w\" sizes=\"auto, (max-width: 300px) 100vw, 300px\" \/><\/a><figcaption id=\"caption-attachment-60398\" class=\"wp-caption-text\">SIN PASO.- Milton Rebolledo, obrero de la empresa constructora, permanec\u00eda ayer impidiendo que los conductores usaran la v\u00eda.<\/figcaption><\/figure>\n<p>Una \u2018pasada de rollo\u2019, por llamarlo coloquialmente, fue el anuncio realizado el mes pasado por el Ingeniero Constructor Cristian P\u00e9rez, administrador del contrato de las obras de reconstrucci\u00f3n de calle Cherc\u00e1n Tapia, luego que anunciara que las obras de esa arteria vial ser\u00edan entregadas a los usuarios al finalizar junio, inauguraci\u00f3n que hasta el d\u00eda de hoy ni siquiera tiene establecida una fecha.<\/p>\n<p><strong>PASO EN FALSO<\/strong><br \/>\n\u00abEstas obras las recibimos el 22 de diciembre de 2014 y se estableci\u00f3 en esa fecha, que lo estar\u00edamos entregando en septiembre pr\u00f3ximo, sin embargo logramos cumplir sin retrasos todas las etapas del trabajo, por lo que economizamos tres meses de tiempo\u00bb, explic\u00f3 en aquella oportunidad P\u00e9rez a Diario El Trabajo, sin embargo y a un mes exacto de la fecha anunciada, el paso sigue cerrado al p\u00fablico, aunque luces y sem\u00e1foros ya est\u00e1n instalados.<br \/>\nNuestro medio realiz\u00f3 un recorrido por esta v\u00eda, para ver si efectivamente faltaban detalles que terminar de la obra, sin embargo \u00e9stas est\u00e1n terminadas, incluyendo luces y sem\u00e1foros, pero el MOP y el Municipio simplemente insisten en dejar sin paso a las personas, quienes ya se est\u00e1n atreviendo a abrirse paso y usarlo de todas formas.<br \/>\nMilton Rebolledo, obrero de la empresa constructora, quien permanec\u00eda ayer impidiendo que los conductores usaran la v\u00eda, respondi\u00f3 a nuestro medio que \u00aba m\u00ed s\u00f3lo me dieron la orden de no dejar pasar a nadie por esta v\u00eda, s\u00e9 que desde hace d\u00edas terminaron de instalar las luminarias, no s\u00e9 si a los sem\u00e1foros instalados les falta alg\u00fan detalle, pero ya en la parte de construcci\u00f3n terminamos desde hace tiempo\u00bb.<\/p>\n<p><strong>SIMPLE BUROCRACIA<\/strong><br \/>\nDiario El Trabajo habl\u00f3 con Claudio Paredes, director de la Secretar\u00eda de Planificaci\u00f3n de la Municipalidad de San Felipe, quien explic\u00f3 que \u00abdesde el punto de vista de Vialidad, este proyecto ya est\u00e1 concluido, lo que pasa es que el se\u00f1or alcalde solicit\u00f3 que esta v\u00eda estuviera iluminada, ya que el proyecto original no contaba con luminarias, y se retras\u00f3 un poco a fin de que este trabajo quedara bien hecho\u00bb, dijo el funcionario.<br \/>\nSobre el hecho de que ya los sem\u00e1foros est\u00e1n instalados, las luminarias tambi\u00e9n en su lugar y que a\u00fan no abren ni hay obreros en el sector, Paredes agreg\u00f3 que \u00abnosotros queremos que una vez que estas obras de iluminaci\u00f3n terminen, abrir la v\u00eda r\u00e1pidamente, aunque los sem\u00e1foros est\u00e9n instalados, es necesario que recibamos una autorizaci\u00f3n del MOP, quienes finalmente tienen la palabra en este tema\u00bb.<br \/>\nEsta obra se realiz\u00f3 gracias a la fuerza laboral de unos 150 obreros, quienes trabajaron de lunes a s\u00e1bado de las 08:00 a las 18:30 horas. El monto de este contrato es de 1.698 millones de pesos, son 750 metros lineales y este tramo lleva un binder de 8 cent\u00edmetros y 7 cent\u00edmetros de asfalto, la calle est\u00e1 hecha a doble calzada y con aceras, tambi\u00e9n cuenta con una ciclov\u00eda, la obra fue ejecutada por Constructora Tricam de Santiago.<br \/>\n<strong>Roberto Gonz\u00e1lez Short<\/strong><br \/>\n<strong>rgonzalez@eltrabajo.cl<\/strong><\/p>\n<div class=\"tiled-gallery type-rectangular tiled-gallery-unresized\" data-original-width=\"640\" data-carousel-extra='null' itemscope itemtype=\"http:\/\/schema.org\/ImageGallery\" > <div class=\"gallery-row\" style=\"width: 640px; height: 284px;\" data-original-width=\"640\" data-original-height=\"284\" > <div class=\"gallery-group images-1\" style=\"width: 426px; height: 284px;\" data-original-width=\"426\" data-original-height=\"284\" > <div class=\"tiled-gallery-item tiled-gallery-item-large\" itemprop=\"associatedMedia\" itemscope itemtype=\"http:\/\/schema.org\/ImageObject\"> <a href=\"https:\/\/eltrabajo.cl\/portal\/burocracia-del-mop-impide-que-abran-calle-chercan-tapia\/cierre2-2\/\" border=\"0\" itemprop=\"url\"> <meta itemprop=\"width\" content=\"422\"> <meta itemprop=\"height\" content=\"280\"> <img decoding=\"async\" class=\"\" data-attachment-id=\"60399\" data-orig-file=\"https:\/\/eltrabajo.cl\/portal\/wp-content\/uploads\/2015\/07\/Cierre2.jpg\" data-orig-size=\"528,350\" data-comments-opened=\"1\" data-image-meta=\"{&quot;aperture&quot;:&quot;0&quot;,&quot;credit&quot;:&quot;&quot;,&quot;camera&quot;:&quot;&quot;,&quot;caption&quot;:&quot;&quot;,&quot;created_timestamp&quot;:&quot;0&quot;,&quot;copyright&quot;:&quot;&quot;,&quot;focal_length&quot;:&quot;0&quot;,&quot;iso&quot;:&quot;0&quot;,&quot;shutter_speed&quot;:&quot;0&quot;,&quot;title&quot;:&quot;&quot;,&quot;orientation&quot;:&quot;0&quot;}\" data-image-title=\"Cierre2\" data-image-description=\"&lt;p&gt;CONDUCTORES IMPACIENTES.- Algunos conductores se las ingenian para usar esta v\u00eda, misma que las autoridades simplemente no abren, quiz\u00e1 lo har\u00e1n en fechas festivas.&lt;\/p&gt; \" data-medium-file=\"https:\/\/i0.wp.com\/eltrabajo.cl\/portal\/wp-content\/uploads\/2015\/07\/Cierre2.jpg?fit=300%2C199&#038;ssl=1\" data-large-file=\"https:\/\/i0.wp.com\/eltrabajo.cl\/portal\/wp-content\/uploads\/2015\/07\/Cierre2.jpg?fit=528%2C350&#038;ssl=1\" src=\"https:\/\/i0.wp.com\/eltrabajo.cl\/portal\/wp-content\/uploads\/2015\/07\/Cierre2.jpg?w=422&#038;h=280&#038;ssl=1\" srcset=\"https:\/\/i0.wp.com\/eltrabajo.cl\/portal\/wp-content\/uploads\/2015\/07\/Cierre2.jpg?w=528&amp;ssl=1 528w, https:\/\/i0.wp.com\/eltrabajo.cl\/portal\/wp-content\/uploads\/2015\/07\/Cierre2.jpg?resize=200%2C133&amp;ssl=1 200w, https:\/\/i0.wp.com\/eltrabajo.cl\/portal\/wp-content\/uploads\/2015\/07\/Cierre2.jpg?resize=300%2C199&amp;ssl=1 300w, https:\/\/i0.wp.com\/eltrabajo.cl\/portal\/wp-content\/uploads\/2015\/07\/Cierre2.jpg?resize=226%2C150&amp;ssl=1 226w, https:\/\/i0.wp.com\/eltrabajo.cl\/portal\/wp-content\/uploads\/2015\/07\/Cierre2.jpg?resize=400%2C265&amp;ssl=1 400w\" width=\"422\" height=\"280\" loading=\"lazy\" data-original-width=\"422\" data-original-height=\"280\" itemprop=\"http:\/\/schema.org\/image\" title=\"Cierre2\" alt=\"CONDUCTORES IMPACIENTES.- Algunos conductores se las ingenian para usar esta v\u00eda, misma que las autoridades simplemente no abren, quiz\u00e1 lo har\u00e1n en fechas festivas.\" style=\"width: 422px; height: 280px;\" \/> <\/a> <div class=\"tiled-gallery-caption\" itemprop=\"caption description\"> CONDUCTORES IMPACIENTES.- Algunos conductores se las ingenian para usar esta v\u00eda, misma que las autoridades simplemente no abren, quiz\u00e1 lo har\u00e1n en fechas festivas. <\/div> <\/div> <\/div> <!-- close group --> <div class=\"gallery-group images-2\" style=\"width: 214px; height: 284px;\" data-original-width=\"214\" data-original-height=\"284\" > <div class=\"tiled-gallery-item tiled-gallery-item-small\" itemprop=\"associatedMedia\" itemscope itemtype=\"http:\/\/schema.org\/ImageObject\"> <a href=\"https:\/\/eltrabajo.cl\/portal\/burocracia-del-mop-impide-que-abran-calle-chercan-tapia\/semaforos1-2\/\" border=\"0\" itemprop=\"url\"> <meta itemprop=\"width\" content=\"210\"> <meta itemprop=\"height\" content=\"138\"> <img decoding=\"async\" class=\"\" data-attachment-id=\"60401\" data-orig-file=\"https:\/\/eltrabajo.cl\/portal\/wp-content\/uploads\/2015\/07\/Semaforos1.jpg\" data-orig-size=\"530,350\" data-comments-opened=\"1\" data-image-meta=\"{&quot;aperture&quot;:&quot;0&quot;,&quot;credit&quot;:&quot;&quot;,&quot;camera&quot;:&quot;&quot;,&quot;caption&quot;:&quot;&quot;,&quot;created_timestamp&quot;:&quot;0&quot;,&quot;copyright&quot;:&quot;&quot;,&quot;focal_length&quot;:&quot;0&quot;,&quot;iso&quot;:&quot;0&quot;,&quot;shutter_speed&quot;:&quot;0&quot;,&quot;title&quot;:&quot;&quot;,&quot;orientation&quot;:&quot;0&quot;}\" data-image-title=\"Semaforos1\" data-image-description=\"&lt;p&gt;SEM\u00c1FOROS EN SUE\u00d1O.- Tal como lo muestra esta gr\u00e1fica, desde hace d\u00edas los sem\u00e1foros ya est\u00e1n instalados&lt;\/p&gt; \" data-medium-file=\"https:\/\/i0.wp.com\/eltrabajo.cl\/portal\/wp-content\/uploads\/2015\/07\/Semaforos1.jpg?fit=300%2C198&#038;ssl=1\" data-large-file=\"https:\/\/i0.wp.com\/eltrabajo.cl\/portal\/wp-content\/uploads\/2015\/07\/Semaforos1.jpg?fit=530%2C350&#038;ssl=1\" src=\"https:\/\/i0.wp.com\/eltrabajo.cl\/portal\/wp-content\/uploads\/2015\/07\/Semaforos1.jpg?w=210&#038;h=138&#038;ssl=1\" srcset=\"https:\/\/i0.wp.com\/eltrabajo.cl\/portal\/wp-content\/uploads\/2015\/07\/Semaforos1.jpg?w=530&amp;ssl=1 530w, https:\/\/i0.wp.com\/eltrabajo.cl\/portal\/wp-content\/uploads\/2015\/07\/Semaforos1.jpg?resize=200%2C132&amp;ssl=1 200w, https:\/\/i0.wp.com\/eltrabajo.cl\/portal\/wp-content\/uploads\/2015\/07\/Semaforos1.jpg?resize=300%2C198&amp;ssl=1 300w, https:\/\/i0.wp.com\/eltrabajo.cl\/portal\/wp-content\/uploads\/2015\/07\/Semaforos1.jpg?resize=227%2C150&amp;ssl=1 227w, https:\/\/i0.wp.com\/eltrabajo.cl\/portal\/wp-content\/uploads\/2015\/07\/Semaforos1.jpg?resize=400%2C264&amp;ssl=1 400w\" width=\"210\" height=\"138\" loading=\"lazy\" data-original-width=\"210\" data-original-height=\"138\" itemprop=\"http:\/\/schema.org\/image\" title=\"Semaforos1\" alt=\"SEM\u00c1FOROS EN SUE\u00d1O.- Tal como lo muestra esta gr\u00e1fica, desde hace d\u00edas los sem\u00e1foros ya est\u00e1n instalados\" style=\"width: 210px; height: 138px;\" \/> <\/a> <div class=\"tiled-gallery-caption\" itemprop=\"caption description\"> SEM\u00c1FOROS EN SUE\u00d1O.- Tal como lo muestra esta gr\u00e1fica, desde hace d\u00edas los sem\u00e1foros ya est\u00e1n instalados <\/div> <\/div> <div class=\"tiled-gallery-item tiled-gallery-item-small\" itemprop=\"associatedMedia\" itemscope itemtype=\"http:\/\/schema.org\/ImageObject\"> <a href=\"https:\/\/eltrabajo.cl\/portal\/burocracia-del-mop-impide-que-abran-calle-chercan-tapia\/claudio-paredes-9\/\" border=\"0\" itemprop=\"url\"> <meta itemprop=\"width\" content=\"210\"> <meta itemprop=\"height\" content=\"138\"> <img decoding=\"async\" class=\"\" data-attachment-id=\"60400\" data-orig-file=\"https:\/\/eltrabajo.cl\/portal\/wp-content\/uploads\/2015\/07\/Claudio-Paredes.jpg\" data-orig-size=\"530,348\" data-comments-opened=\"1\" data-image-meta=\"{&quot;aperture&quot;:&quot;0&quot;,&quot;credit&quot;:&quot;&quot;,&quot;camera&quot;:&quot;&quot;,&quot;caption&quot;:&quot;&quot;,&quot;created_timestamp&quot;:&quot;0&quot;,&quot;copyright&quot;:&quot;&quot;,&quot;focal_length&quot;:&quot;0&quot;,&quot;iso&quot;:&quot;0&quot;,&quot;shutter_speed&quot;:&quot;0&quot;,&quot;title&quot;:&quot;&quot;,&quot;orientation&quot;:&quot;0&quot;}\" data-image-title=\"Claudio Paredes\" data-image-description=\"&lt;p&gt;Claudio Paredes, director de la Secretar\u00eda de Planificaci\u00f3n de la Municipalidad de San Felipe.&lt;\/p&gt; \" data-medium-file=\"https:\/\/i0.wp.com\/eltrabajo.cl\/portal\/wp-content\/uploads\/2015\/07\/Claudio-Paredes.jpg?fit=300%2C197&#038;ssl=1\" data-large-file=\"https:\/\/i0.wp.com\/eltrabajo.cl\/portal\/wp-content\/uploads\/2015\/07\/Claudio-Paredes.jpg?fit=530%2C348&#038;ssl=1\" src=\"https:\/\/i0.wp.com\/eltrabajo.cl\/portal\/wp-content\/uploads\/2015\/07\/Claudio-Paredes.jpg?w=210&#038;h=138&#038;ssl=1\" srcset=\"https:\/\/i0.wp.com\/eltrabajo.cl\/portal\/wp-content\/uploads\/2015\/07\/Claudio-Paredes.jpg?w=530&amp;ssl=1 530w, https:\/\/i0.wp.com\/eltrabajo.cl\/portal\/wp-content\/uploads\/2015\/07\/Claudio-Paredes.jpg?resize=200%2C131&amp;ssl=1 200w, https:\/\/i0.wp.com\/eltrabajo.cl\/portal\/wp-content\/uploads\/2015\/07\/Claudio-Paredes.jpg?resize=300%2C197&amp;ssl=1 300w, https:\/\/i0.wp.com\/eltrabajo.cl\/portal\/wp-content\/uploads\/2015\/07\/Claudio-Paredes.jpg?resize=228%2C150&amp;ssl=1 228w, https:\/\/i0.wp.com\/eltrabajo.cl\/portal\/wp-content\/uploads\/2015\/07\/Claudio-Paredes.jpg?resize=400%2C263&amp;ssl=1 400w\" width=\"210\" height=\"138\" loading=\"lazy\" data-original-width=\"210\" data-original-height=\"138\" itemprop=\"http:\/\/schema.org\/image\" title=\"Claudio Paredes\" alt=\"Claudio Paredes, director de la Secretar\u00eda de Planificaci\u00f3n de la Municipalidad de San Felipe.\" style=\"width: 210px; height: 138px;\" \/> <\/a> <div class=\"tiled-gallery-caption\" itemprop=\"caption description\"> Claudio Paredes, director de la Secretar\u00eda de Planificaci\u00f3n de la Municipalidad de San Felipe. <\/div> <\/div> <\/div> <!-- close group --> <\/div> <!-- close row --> <\/div>\n","protected":false},"excerpt":{"rendered":"<p>Una \u2018pasada de rollo\u2019, por llamarlo coloquialmente, fue el anuncio realizado el mes pasado por el Ingeniero Constructor Cristian P\u00e9rez, administrador del contrato de las obras de reconstrucci\u00f3n de calle Cherc\u00e1n Tapia,&#8230;<\/p>\n","protected":false},"author":482,"featured_media":60398,"comment_status":"open","ping_status":"open","sticky":false,"template":"","format":"standard","meta":{"advanced_seo_description":"","jetpack_seo_html_title":"","jetpack_seo_noindex":false,"_jetpack_memberships_contains_paid_content":false,"footnotes":""},"categories":[15],"tags":[],"class_list":["post-60397","post","type-post","status-publish","format-standard","has-post-thumbnail","hentry","category-comunidad"],"jetpack_featured_media_url":"https:\/\/i0.wp.com\/eltrabajo.cl\/portal\/wp-content\/uploads\/2015\/07\/Cierre1.jpg?fit=530%2C350&ssl=1","jetpack_sharing_enabled":true,"jetpack_likes_enabled":true,"jetpack-related-posts":[],"_links":{"self":[{"href":"https:\/\/eltrabajo.cl\/portal\/wp-json\/wp\/v2\/posts\/60397","targetHints":{"allow":["GET"]}}],"collection":[{"href":"https:\/\/eltrabajo.cl\/portal\/wp-json\/wp\/v2\/posts"}],"about":[{"href":"https:\/\/eltrabajo.cl\/portal\/wp-json\/wp\/v2\/types\/post"}],"author":[{"embeddable":true,"href":"https:\/\/eltrabajo.cl\/portal\/wp-json\/wp\/v2\/users\/482"}],"replies":[{"embeddable":true,"href":"https:\/\/eltrabajo.cl\/portal\/wp-json\/wp\/v2\/comments?post=60397"}],"version-history":[{"count":0,"href":"https:\/\/eltrabajo.cl\/portal\/wp-json\/wp\/v2\/posts\/60397\/revisions"}],"wp:featuredmedia":[{"embeddable":true,"href":"https:\/\/eltrabajo.cl\/portal\/wp-json\/wp\/v2\/media\/60398"}],"wp:attachment":[{"href":"https:\/\/eltrabajo.cl\/portal\/wp-json\/wp\/v2\/media?parent=60397"}],"wp:term":[{"taxonomy":"category","embeddable":true,"href":"https:\/\/eltrabajo.cl\/portal\/wp-json\/wp\/v2\/categories?post=60397"},{"taxonomy":"post_tag","embeddable":true,"href":"https:\/\/eltrabajo.cl\/portal\/wp-json\/wp\/v2\/tags?post=60397"}],"curies":[{"name":"wp","href":"https:\/\/api.w.org\/{rel}","templated":true}]}}