{"id":60406,"date":"2015-07-28T09:56:38","date_gmt":"2015-07-28T12:56:38","guid":{"rendered":"http:\/\/www.eltrabajo.cl\/portal\/?p=60406"},"modified":"2015-07-28T09:56:38","modified_gmt":"2015-07-28T12:56:38","slug":"hasta-30-anos-de-carcel-arriesga-pablo-zorra-por-dos-homicidios-frustrados","status":"publish","type":"post","link":"https:\/\/eltrabajo.cl\/portal\/hasta-30-anos-de-carcel-arriesga-pablo-zorra-por-dos-homicidios-frustrados\/","title":{"rendered":"Hasta 30 a\u00f1os de c\u00e1rcel arriesga \u2018Pablo Zorra\u2019 por dos homicidios frustrados"},"content":{"rendered":"<figure id=\"attachment_60410\" aria-describedby=\"caption-attachment-60410\" style=\"width: 300px\" class=\"wp-caption alignleft\"><a href=\"https:\/\/i0.wp.com\/www.eltrabajo.cl\/portal\/wp-content\/uploads\/2015\/07\/Pablo-Zorra-.jpg\"><img data-recalc-dims=\"1\" loading=\"lazy\" decoding=\"async\" class=\"wp-image-60410 size-medium\" src=\"https:\/\/i0.wp.com\/www.eltrabajo.cl\/portal\/wp-content\/uploads\/2015\/07\/Pablo-Zorra--300x198.jpg?resize=300%2C198\" alt=\"El imputado Juan Pablo Caballero Llanca alias \u2018Pablo Zorra\u2019 arriesga una pena de 30 a\u00f1os por dos homicidios frustrados cometidos en la comuna de San Felipe.\" width=\"300\" height=\"198\" srcset=\"https:\/\/i0.wp.com\/eltrabajo.cl\/portal\/wp-content\/uploads\/2015\/07\/Pablo-Zorra-.jpg?resize=300%2C198&amp;ssl=1 300w, https:\/\/i0.wp.com\/eltrabajo.cl\/portal\/wp-content\/uploads\/2015\/07\/Pablo-Zorra-.jpg?resize=200%2C132&amp;ssl=1 200w, https:\/\/i0.wp.com\/eltrabajo.cl\/portal\/wp-content\/uploads\/2015\/07\/Pablo-Zorra-.jpg?resize=228%2C150&amp;ssl=1 228w, https:\/\/i0.wp.com\/eltrabajo.cl\/portal\/wp-content\/uploads\/2015\/07\/Pablo-Zorra-.jpg?resize=400%2C263&amp;ssl=1 400w, https:\/\/i0.wp.com\/eltrabajo.cl\/portal\/wp-content\/uploads\/2015\/07\/Pablo-Zorra-.jpg?w=530&amp;ssl=1 530w\" sizes=\"auto, (max-width: 300px) 100vw, 300px\" \/><\/a><figcaption id=\"caption-attachment-60410\" class=\"wp-caption-text\">El imputado Juan Pablo Caballero Llanca alias \u2018Pablo Zorra\u2019 arriesga una pena de 30 a\u00f1os por dos homicidios frustrados cometidos en la comuna de San Felipe.<\/figcaption><\/figure>\n<ul>\n<li><strong>Juan Pablo Caballero Llanca es el \u00fanico imputado por dos homicidios frustrados, siendo acusado por la Fiscal\u00eda de disparar con una escopeta en contra del abuelo y en contra de la madre de su ex pareja, con quien mantiene un hijo en com\u00fan en la poblaci\u00f3n La Santita de San Felipe el pasado 25 de septiembre.<\/strong><\/li>\n<\/ul>\n<p>Durante el transcurso del d\u00eda de ayer lunes se dio inicio al juicio oral en contra de Juan Pablo Caballero Llanca, alias \u2018El Pablo Zorra\u2019, peligroso antisocial acusado por la Fiscal\u00eda de dos homicidios frustrados y porte ilegal de arma de fuego, requiriendo en los alegatos de apertura en la sala del Tribunal Oral en Lo Penal de San Felipe, las m\u00e1ximas penas establecidas en el C\u00f3digo Penal que ascienden a los 30 a\u00f1os de c\u00e1rcel.<br \/>\nEl Fiscal a cargo de este caso, Eduardo Fajardo De La Cuba, persigue establecer la culpabilidad de Caballero Llanca en los hechos que afectaron f\u00edsica y psicol\u00f3gicamente a dos v\u00edctimas en la comuna de San Felipe, las que participar\u00e1n en el desarrollo del juicio relatando lo sucedido; adem\u00e1s de efectivos policiales y testigos de contexto que entregar\u00e1n su testimonio ante la terna de jueces que cotejar\u00e1n las pruebas tanto de la Fiscal\u00eda como de la Defensor\u00eda, para determinar la imputabilidad de los cargos que hasta el momento mantiene el acusado.<br \/>\nLos hechos de la carpeta investigativa de la Fiscal\u00eda se refieren a los sucesos cometidos el d\u00eda 25 de septiembre de 2014, cuando un enfurecido \u2018Pablo Zorra\u2019 se dirigi\u00f3 hasta la vivienda del abuelo y de la madre de su ex pareja, disparando dos tiros de escopeta a cada uno con el firme prop\u00f3sito de encontrar a su ex polola.<\/p>\n<p><strong>LOS HECHOS<\/strong><br \/>\nFue a eso de las 13:30 horas cuando el imputado irrumpi\u00f3 en el inmueble de las v\u00edctimas ubicado en avenida Tocornal de poblaci\u00f3n La Santita de San Felipe, de propiedad de Jaime Silva Silva de 71 a\u00f1os, quien en esos momentos se encontraba almorzando en la cocina, instancia en que Juan Pablo Caballero pregunt\u00f3 la ubicaci\u00f3n de su nieta Camila, quien hasta ese entonces era su ex pareja y madre del hijo que mantienen en com\u00fan.<br \/>\nTras un altercado entre ambos y la negativa de entregar informaci\u00f3n del paradero de la muchacha, Juan Pablo Caballero apunt\u00f3 su escopeta sobre el cuerpo del adulto mayor, a quien la bala hiri\u00f3 en su codo izquierdo gracias a un afortunado movimiento, caus\u00e1ndole una herida profunda en un tend\u00f3n, quedando inmovilizado en el piso.<br \/>\nDesde las habitaciones, la ex suegra de este sujeto identificada como Carmen Gloria Silva, estaba aterrorizada con el disparo que recibi\u00f3 su esposo, mientras cargaba entre sus brazos a su peque\u00f1o nieto de un a\u00f1o y seis meses, hijo del mismo imputado; en ese momento, la mujer le suplicaba que deb\u00eda alejarse de su hija por existir una orden judicial que la proteg\u00eda.<\/p>\n<figure id=\"attachment_60408\" aria-describedby=\"caption-attachment-60408\" style=\"width: 300px\" class=\"wp-caption alignright\"><a href=\"https:\/\/i0.wp.com\/www.eltrabajo.cl\/portal\/wp-content\/uploads\/2015\/07\/PABLO-DETENIDO.jpg\"><img data-recalc-dims=\"1\" loading=\"lazy\" decoding=\"async\" class=\"wp-image-60408 size-medium\" src=\"https:\/\/i0.wp.com\/www.eltrabajo.cl\/portal\/wp-content\/uploads\/2015\/07\/PABLO-DETENIDO-300x198.jpg?resize=300%2C198\" alt=\"El juicio en contra del \u00fanico imputado por estos delitos podr\u00eda culminar ma\u00f1ana mi\u00e9rcoles en la sala del Tribunal Oral en Lo Penal de San Felipe.\" width=\"300\" height=\"198\" srcset=\"https:\/\/i0.wp.com\/eltrabajo.cl\/portal\/wp-content\/uploads\/2015\/07\/PABLO-DETENIDO.jpg?resize=300%2C198&amp;ssl=1 300w, https:\/\/i0.wp.com\/eltrabajo.cl\/portal\/wp-content\/uploads\/2015\/07\/PABLO-DETENIDO.jpg?resize=200%2C132&amp;ssl=1 200w, https:\/\/i0.wp.com\/eltrabajo.cl\/portal\/wp-content\/uploads\/2015\/07\/PABLO-DETENIDO.jpg?resize=227%2C150&amp;ssl=1 227w, https:\/\/i0.wp.com\/eltrabajo.cl\/portal\/wp-content\/uploads\/2015\/07\/PABLO-DETENIDO.jpg?resize=400%2C264&amp;ssl=1 400w, https:\/\/i0.wp.com\/eltrabajo.cl\/portal\/wp-content\/uploads\/2015\/07\/PABLO-DETENIDO.jpg?w=530&amp;ssl=1 530w\" sizes=\"auto, (max-width: 300px) 100vw, 300px\" \/><\/a><figcaption id=\"caption-attachment-60408\" class=\"wp-caption-text\">El juicio en contra del \u00fanico imputado por estos delitos podr\u00eda culminar ma\u00f1ana mi\u00e9rcoles en la sala del Tribunal Oral en Lo Penal de San Felipe.<\/figcaption><\/figure>\n<p>Llena de terror y ante los arrebatos de este sujeto que se encontraba armado, Carmen Gloria sali\u00f3 de la vivienda pidiendo a gritos el auxilio de sus vecinos, con el beb\u00e9 en brazos, mientras que su ex yerno, \u2018Pablo Zorra\u2019, enardecido la persigui\u00f3 y la tom\u00f3 violentamente de uno de sus brazos para empujarla y en segundos apuntar a corta distancia con escopeta, sin importarle que estaba frente a su propio hijo. Sin contemplaciones le dispar\u00f3 directo al abdomen de la mujer, quien se precipit\u00f3 al suelo con el ni\u00f1o en brazos.<br \/>\nSeg\u00fan se pudo conocer, una vecina, al escuchar los gritos de auxilio y posteriores disparos, sali\u00f3 a la calle a socorrer a Carmen, quien se encontraba cubierta de sangre en el suelo y con el lactante en sus brazos. La mujer le confes\u00f3 entre susurros que su ex yerno \u2018Pablo Zorra\u2019 le hab\u00eda disparado y adem\u00e1s hab\u00eda amenazado con matar a su ex pareja.<br \/>\nAl lugar de los hechos se aproxim\u00f3 un hermano de Carmen Gloria, quien vive cerca del domicilio, observando al imputado escapar en direcci\u00f3n desconocida, y descubriendo a su cu\u00f1ado y hermana heridos de gravedad, debiendo trasladarlos en una camioneta hasta el Hospital San Camilo de San Felipe.<br \/>\nEl diagn\u00f3stico m\u00e9dico para Jaime Silva Silva fue una herida con arma de fuego en el tend\u00f3n de su codo izquierdo, debiendo quedar internado en la Unidad Traumatol\u00f3gica del Hospital San Juan de Dios de Los Andes. Mientras que Carmen Gloria Silva fue intervenida quir\u00fargicamente para extraer la munici\u00f3n que se aloj\u00f3 en su abdomen, que afortunadamente no la mantuvo con riesgo vital, quedando en observaci\u00f3n en la unidad de Cirug\u00eda del Hospital San Camilo de San Felipe.<br \/>\nEn tanto, el \u00fanico imputado por estos cr\u00edmenes se encontraba pr\u00f3fugo de la justicia hasta que transcurridos dos d\u00edas de los hechos, se entreg\u00f3 voluntariamente ante la Polic\u00eda de Investigaciones de San Felipe, no siendo detenido por no haber una orden. Al tercer d\u00eda Caballero Llanca concurri\u00f3 hasta las dependencias del Juzgado de Garant\u00eda, lugar donde llev\u00f3 su escopeta calibre 16 y cuatro cartuchos sin percutir a eso de las 09:00 horas; es ah\u00ed donde finalmente fue detenido tras los infructuosos operativos que hab\u00edan desplegado horas antes ambas polic\u00edas.<br \/>\nCabe se\u00f1alar que desde su formalizaci\u00f3n, este sujeto se encuentra en prisi\u00f3n preventiva a la espera del t\u00e9rmino de juicio que determine su culpabilidad o absoluci\u00f3n de los delitos que se le imputan. El Fiscal Eduardo Fajardo requiri\u00f3 dos penas de 10 a\u00f1os por cada homicidio frustrado, adem\u00e1s de 10 a\u00f1os adicionales por el porte de armamento de fuego, lo que suma un total de 30 a\u00f1os de c\u00e1rcel, considerando que el imputado mantiene condenas por robo con intimidaci\u00f3n, lesiones menos graves y amenazas.<br \/>\n<strong>Pablo Salinas Sald\u00edas<\/strong><\/p>\n","protected":false},"excerpt":{"rendered":"<p>Juan Pablo Caballero Llanca es el \u00fanico imputado por dos homicidios frustrados, siendo acusado por la Fiscal\u00eda de disparar con una escopeta en contra del abuelo y en contra de la madre&#8230;<\/p>\n","protected":false},"author":482,"featured_media":60410,"comment_status":"open","ping_status":"open","sticky":false,"template":"","format":"standard","meta":{"advanced_seo_description":"","jetpack_seo_html_title":"","jetpack_seo_noindex":false,"_jetpack_memberships_contains_paid_content":false,"footnotes":""},"categories":[21],"tags":[],"class_list":["post-60406","post","type-post","status-publish","format-standard","has-post-thumbnail","hentry","category-policial"],"jetpack_featured_media_url":"https:\/\/i0.wp.com\/eltrabajo.cl\/portal\/wp-content\/uploads\/2015\/07\/Pablo-Zorra-.jpg?fit=530%2C349&ssl=1","jetpack_sharing_enabled":true,"jetpack_likes_enabled":true,"jetpack-related-posts":[],"_links":{"self":[{"href":"https:\/\/eltrabajo.cl\/portal\/wp-json\/wp\/v2\/posts\/60406","targetHints":{"allow":["GET"]}}],"collection":[{"href":"https:\/\/eltrabajo.cl\/portal\/wp-json\/wp\/v2\/posts"}],"about":[{"href":"https:\/\/eltrabajo.cl\/portal\/wp-json\/wp\/v2\/types\/post"}],"author":[{"embeddable":true,"href":"https:\/\/eltrabajo.cl\/portal\/wp-json\/wp\/v2\/users\/482"}],"replies":[{"embeddable":true,"href":"https:\/\/eltrabajo.cl\/portal\/wp-json\/wp\/v2\/comments?post=60406"}],"version-history":[{"count":0,"href":"https:\/\/eltrabajo.cl\/portal\/wp-json\/wp\/v2\/posts\/60406\/revisions"}],"wp:featuredmedia":[{"embeddable":true,"href":"https:\/\/eltrabajo.cl\/portal\/wp-json\/wp\/v2\/media\/60410"}],"wp:attachment":[{"href":"https:\/\/eltrabajo.cl\/portal\/wp-json\/wp\/v2\/media?parent=60406"}],"wp:term":[{"taxonomy":"category","embeddable":true,"href":"https:\/\/eltrabajo.cl\/portal\/wp-json\/wp\/v2\/categories?post=60406"},{"taxonomy":"post_tag","embeddable":true,"href":"https:\/\/eltrabajo.cl\/portal\/wp-json\/wp\/v2\/tags?post=60406"}],"curies":[{"name":"wp","href":"https:\/\/api.w.org\/{rel}","templated":true}]}}