{"id":60415,"date":"2015-07-29T09:28:12","date_gmt":"2015-07-29T12:28:12","guid":{"rendered":"http:\/\/www.eltrabajo.cl\/portal\/?p=60415"},"modified":"2015-07-29T09:28:12","modified_gmt":"2015-07-29T12:28:12","slug":"denuncian-constantes-danos-de-camiones-en-cableado-electrico-y-telefonico","status":"publish","type":"post","link":"https:\/\/eltrabajo.cl\/portal\/denuncian-constantes-danos-de-camiones-en-cableado-electrico-y-telefonico\/","title":{"rendered":"Denuncian constantes da\u00f1os de camiones en cableado el\u00e9ctrico y telef\u00f3nico"},"content":{"rendered":"<figure id=\"attachment_60416\" aria-describedby=\"caption-attachment-60416\" style=\"width: 300px\" class=\"wp-caption alignleft\"><a href=\"https:\/\/i0.wp.com\/www.eltrabajo.cl\/portal\/wp-content\/uploads\/2015\/07\/cables.jpg\"><img data-recalc-dims=\"1\" loading=\"lazy\" decoding=\"async\" class=\"wp-image-60416 size-medium\" src=\"https:\/\/i0.wp.com\/www.eltrabajo.cl\/portal\/wp-content\/uploads\/2015\/07\/cables-300x198.jpg?resize=300%2C198\" alt=\"Rodrigo Tapia, vecino de la poblaci\u00f3n Do\u00f1a Javiera denuncia el da\u00f1o que conductores de camiones han generado al cableado el\u00e9ctrico y telef\u00f3nico.\" width=\"300\" height=\"198\" srcset=\"https:\/\/i0.wp.com\/eltrabajo.cl\/portal\/wp-content\/uploads\/2015\/07\/cables.jpg?resize=300%2C198&amp;ssl=1 300w, https:\/\/i0.wp.com\/eltrabajo.cl\/portal\/wp-content\/uploads\/2015\/07\/cables.jpg?resize=200%2C132&amp;ssl=1 200w, https:\/\/i0.wp.com\/eltrabajo.cl\/portal\/wp-content\/uploads\/2015\/07\/cables.jpg?resize=227%2C150&amp;ssl=1 227w, https:\/\/i0.wp.com\/eltrabajo.cl\/portal\/wp-content\/uploads\/2015\/07\/cables.jpg?resize=400%2C264&amp;ssl=1 400w, https:\/\/i0.wp.com\/eltrabajo.cl\/portal\/wp-content\/uploads\/2015\/07\/cables.jpg?w=530&amp;ssl=1 530w\" sizes=\"auto, (max-width: 300px) 100vw, 300px\" \/><\/a><figcaption id=\"caption-attachment-60416\" class=\"wp-caption-text\">Rodrigo Tapia, vecino de la poblaci\u00f3n Do\u00f1a Javiera denuncia el da\u00f1o que conductores de camiones han generado al cableado el\u00e9ctrico y telef\u00f3nico.<\/figcaption><\/figure>\n<p><strong>PUTAENDO<\/strong>.- Rodrigo Tapia, vecino de la poblaci\u00f3n Do\u00f1a Javiera, denunci\u00f3 el continuo da\u00f1o que camiones han generado en el cableado el\u00e9ctrico y de telefon\u00eda en ese sector, producto que no toman las precauciones necesarias y circulan a alta velocidad.<br \/>\nEl afectado asegur\u00f3 que no es la primera vez que camiones de gran altura pasan r\u00e1pidamente por el pasaje 20 de Marzo y otros pasajes del sector, cortando los cables de telefon\u00eda y de electricidad, e indic\u00f3 que incluso los conductores no se percatan del hecho, ya que circulan por el sector demasiado r\u00e1pido.<br \/>\nTapia sostuvo que los cables cortados por un cami\u00f3n quedaron a orilla de camino y ve con mucha preocupaci\u00f3n c\u00f3mo ni\u00f1os llegan a jugar con los cables, e indic\u00f3 que no se tiene claridad si alg\u00fan cable pueda estar energizado, motivo por el cual solicit\u00f3 que la compa\u00f1\u00eda telef\u00f3nica, Chilquinta o la Municipalidad puedan retirar los cables, ya que los ni\u00f1os con su curiosidad pueden comenzar a tirarlos y pasar a llevar cables energizados.<br \/>\n<strong>Patricio Gallardo M.<\/strong><\/p>\n","protected":false},"excerpt":{"rendered":"<p>PUTAENDO.- Rodrigo Tapia, vecino de la poblaci\u00f3n Do\u00f1a Javiera, denunci\u00f3 el continuo da\u00f1o que camiones han generado en el cableado el\u00e9ctrico y de telefon\u00eda en ese sector, producto que no toman las&#8230;<\/p>\n","protected":false},"author":482,"featured_media":60416,"comment_status":"open","ping_status":"open","sticky":false,"template":"","format":"standard","meta":{"advanced_seo_description":"","jetpack_seo_html_title":"","jetpack_seo_noindex":false,"_jetpack_memberships_contains_paid_content":false,"footnotes":""},"categories":[15],"tags":[],"class_list":["post-60415","post","type-post","status-publish","format-standard","has-post-thumbnail","hentry","category-comunidad"],"jetpack_featured_media_url":"https:\/\/i0.wp.com\/eltrabajo.cl\/portal\/wp-content\/uploads\/2015\/07\/cables.jpg?fit=530%2C350&ssl=1","jetpack_sharing_enabled":true,"jetpack_likes_enabled":true,"jetpack-related-posts":[],"_links":{"self":[{"href":"https:\/\/eltrabajo.cl\/portal\/wp-json\/wp\/v2\/posts\/60415","targetHints":{"allow":["GET"]}}],"collection":[{"href":"https:\/\/eltrabajo.cl\/portal\/wp-json\/wp\/v2\/posts"}],"about":[{"href":"https:\/\/eltrabajo.cl\/portal\/wp-json\/wp\/v2\/types\/post"}],"author":[{"embeddable":true,"href":"https:\/\/eltrabajo.cl\/portal\/wp-json\/wp\/v2\/users\/482"}],"replies":[{"embeddable":true,"href":"https:\/\/eltrabajo.cl\/portal\/wp-json\/wp\/v2\/comments?post=60415"}],"version-history":[{"count":0,"href":"https:\/\/eltrabajo.cl\/portal\/wp-json\/wp\/v2\/posts\/60415\/revisions"}],"wp:featuredmedia":[{"embeddable":true,"href":"https:\/\/eltrabajo.cl\/portal\/wp-json\/wp\/v2\/media\/60416"}],"wp:attachment":[{"href":"https:\/\/eltrabajo.cl\/portal\/wp-json\/wp\/v2\/media?parent=60415"}],"wp:term":[{"taxonomy":"category","embeddable":true,"href":"https:\/\/eltrabajo.cl\/portal\/wp-json\/wp\/v2\/categories?post=60415"},{"taxonomy":"post_tag","embeddable":true,"href":"https:\/\/eltrabajo.cl\/portal\/wp-json\/wp\/v2\/tags?post=60415"}],"curies":[{"name":"wp","href":"https:\/\/api.w.org\/{rel}","templated":true}]}}