{"id":60418,"date":"2015-07-29T09:30:06","date_gmt":"2015-07-29T12:30:06","guid":{"rendered":"http:\/\/www.eltrabajo.cl\/portal\/?p=60418"},"modified":"2015-07-29T09:30:06","modified_gmt":"2015-07-29T12:30:06","slug":"en-ceremonia-de-titulacion-servicio-de-salud-renueva-convenio-de-formacion-de-tecnicos-de-nivel-superior","status":"publish","type":"post","link":"https:\/\/eltrabajo.cl\/portal\/en-ceremonia-de-titulacion-servicio-de-salud-renueva-convenio-de-formacion-de-tecnicos-de-nivel-superior\/","title":{"rendered":"En ceremonia de titulaci\u00f3n Servicio de Salud renueva convenio de formaci\u00f3n de t\u00e9cnicos de nivel superior"},"content":{"rendered":"<figure id=\"attachment_60419\" aria-describedby=\"caption-attachment-60419\" style=\"width: 300px\" class=\"wp-caption alignleft\"><a href=\"https:\/\/i0.wp.com\/www.eltrabajo.cl\/portal\/wp-content\/uploads\/2015\/07\/Firma-Convenio-1.jpg\"><img data-recalc-dims=\"1\" loading=\"lazy\" decoding=\"async\" class=\"wp-image-60419 size-medium\" src=\"https:\/\/i0.wp.com\/www.eltrabajo.cl\/portal\/wp-content\/uploads\/2015\/07\/Firma-Convenio-1-300x197.jpg?resize=300%2C197\" alt=\"A la firma del convenio asisti\u00f3 la Directora del Servicio de Salud Aconcagua, Dra. Vilma Olave; Ver\u00f3nica Lorca Caro, Subdirectora Acad\u00e9mica CFT de Universidad de Valpara\u00edso y Hugo Figueroa Zamora, Presidente Federaci\u00f3n de T\u00e9cnicos en Enfermer\u00eda de Aconcagua.\" width=\"300\" height=\"197\" srcset=\"https:\/\/i0.wp.com\/eltrabajo.cl\/portal\/wp-content\/uploads\/2015\/07\/Firma-Convenio-1.jpg?resize=300%2C197&amp;ssl=1 300w, https:\/\/i0.wp.com\/eltrabajo.cl\/portal\/wp-content\/uploads\/2015\/07\/Firma-Convenio-1.jpg?resize=200%2C131&amp;ssl=1 200w, https:\/\/i0.wp.com\/eltrabajo.cl\/portal\/wp-content\/uploads\/2015\/07\/Firma-Convenio-1.jpg?resize=228%2C150&amp;ssl=1 228w, https:\/\/i0.wp.com\/eltrabajo.cl\/portal\/wp-content\/uploads\/2015\/07\/Firma-Convenio-1.jpg?resize=400%2C263&amp;ssl=1 400w, https:\/\/i0.wp.com\/eltrabajo.cl\/portal\/wp-content\/uploads\/2015\/07\/Firma-Convenio-1.jpg?w=530&amp;ssl=1 530w\" sizes=\"auto, (max-width: 300px) 100vw, 300px\" \/><\/a><figcaption id=\"caption-attachment-60419\" class=\"wp-caption-text\">A la firma del convenio asisti\u00f3 la Directora del Servicio de Salud Aconcagua, Dra. Vilma Olave; Ver\u00f3nica Lorca Caro, Subdirectora Acad\u00e9mica CFT de Universidad de Valpara\u00edso y Hugo Figueroa Zamora, Presidente Federaci\u00f3n de T\u00e9cnicos en Enfermer\u00eda de Aconcagua.<\/figcaption><\/figure>\n<ul>\n<li><strong>Pol\u00edtica orientada al desarrollo y reconocimiento de mayores competencias y calidad del personal, 37 funcionarios recibieron su t\u00edtulo en este tercer curso iniciado en abril del a\u00f1o pasado.<\/strong><\/li>\n<\/ul>\n<p>Con la presencia de la Directora del Servicio de Salud Aconcagua, Dra Vilma Olave, de la Subdirectora Acad\u00e9mica del CFT de la Universidad de Valpara\u00edso, Ver\u00f3nica Lorca, y del Presidente de la Federaci\u00f3n de T\u00e9cnicos en Enfermer\u00eda, Hugo Figueroa, se realiz\u00f3 la Ceremonia de Titulaci\u00f3n de 37 T\u00e9cnicos de Nivel Superior en Enfermer\u00eda, TENS, y la firma de renovaci\u00f3n de convenio que de manera continua dotar\u00e1 al personal de mayores competencias y calidad en las labores que desempe\u00f1en.<br \/>\nEn su intervenci\u00f3n, Ver\u00f3nica Lorca Caro, Subdirectora Acad\u00e9mica CFT UV, junto con felicitar a los 37 nuevos TENS, reconoci\u00f3 el esfuerzo y dedicaci\u00f3n de profesores y estudiantes, valor\u00f3 la acogida que tuvo esta iniciativa por parte del Servicio de Salud Aconcagua y de la Federaci\u00f3n de T\u00e9cnicos en Enfermer\u00eda, destacando la renovaci\u00f3n del convenio, donde indic\u00f3 que \u201cel inter\u00e9s demostrado por el Servicio de Salud Aconcagua y su directora, la Dra. Vilma Olave, ha sido sobresaliente para cumplir los objetivos de un perfeccionamiento permanente que le permita al personal actualizar sus conocimientos y mejorar la calidad de las labores que realiza\u201d.<br \/>\nPor su parte la Dra. Vilma Olave Garrido, Directora Servicio de Salud Aconcagua, en su intervenci\u00f3n junto felicitar a quienes se recibieron como T\u00e9cnicos de Nivel Superior en Enfermer\u00eda y destacar el compromiso demostrado para alcanzar este nuevo objetivo en su vida profesional, record\u00f3 c\u00f3mo comenz\u00f3 este programa y la necesidad de mantenerlo vigente. \u201cLos funcionarios y equipos de salud necesitan actualizar continuamente sus conocimientos y es por ello que este Servicio de Salud mantiene un pol\u00edtica orientada al desarrollo y reconocimiento de mayores competencias y calidad del personal. Junto con acompa\u00f1ar la titulaci\u00f3n de estos 37 funcionarios hemos decido renovar este convenio de formaci\u00f3n como una alternativa m\u00e1s para que el personal que labora en los diferentes establecimientos de la red tenga otra forma de capacitaci\u00f3n continua.\u201d<br \/>\nFinalmente, Hugo Figueroa Zamora, Presidente Federaci\u00f3n de T\u00e9cnicos en Enfermer\u00eda de Aconcagua, junto con relevar el esfuerzo de los trabajadores de los distintos establecimientos de la red de salud para convertirse en TENS, valor\u00f3 la iniciativa de sostener este programa especial, manifestando su optimismo ante la renovaci\u00f3n del convenio entre el Servicio de Salud Aconcagua, el CFT de la Universidad de Valpara\u00edso y la Federaci\u00f3n de T\u00e9cnico en Enfermer\u00eda de Aconcagua.<\/p>\n","protected":false},"excerpt":{"rendered":"<p>Pol\u00edtica orientada al desarrollo y reconocimiento de mayores competencias y calidad del personal, 37 funcionarios recibieron su t\u00edtulo en este tercer curso iniciado en abril del a\u00f1o pasado. Con la presencia de&#8230;<\/p>\n","protected":false},"author":482,"featured_media":60419,"comment_status":"open","ping_status":"open","sticky":false,"template":"","format":"standard","meta":{"advanced_seo_description":"","jetpack_seo_html_title":"","jetpack_seo_noindex":false,"_jetpack_memberships_contains_paid_content":false,"footnotes":""},"categories":[15],"tags":[],"class_list":["post-60418","post","type-post","status-publish","format-standard","has-post-thumbnail","hentry","category-comunidad"],"jetpack_featured_media_url":"https:\/\/i0.wp.com\/eltrabajo.cl\/portal\/wp-content\/uploads\/2015\/07\/Firma-Convenio-1.jpg?fit=530%2C348&ssl=1","jetpack_sharing_enabled":true,"jetpack_likes_enabled":true,"jetpack-related-posts":[],"_links":{"self":[{"href":"https:\/\/eltrabajo.cl\/portal\/wp-json\/wp\/v2\/posts\/60418","targetHints":{"allow":["GET"]}}],"collection":[{"href":"https:\/\/eltrabajo.cl\/portal\/wp-json\/wp\/v2\/posts"}],"about":[{"href":"https:\/\/eltrabajo.cl\/portal\/wp-json\/wp\/v2\/types\/post"}],"author":[{"embeddable":true,"href":"https:\/\/eltrabajo.cl\/portal\/wp-json\/wp\/v2\/users\/482"}],"replies":[{"embeddable":true,"href":"https:\/\/eltrabajo.cl\/portal\/wp-json\/wp\/v2\/comments?post=60418"}],"version-history":[{"count":0,"href":"https:\/\/eltrabajo.cl\/portal\/wp-json\/wp\/v2\/posts\/60418\/revisions"}],"wp:featuredmedia":[{"embeddable":true,"href":"https:\/\/eltrabajo.cl\/portal\/wp-json\/wp\/v2\/media\/60419"}],"wp:attachment":[{"href":"https:\/\/eltrabajo.cl\/portal\/wp-json\/wp\/v2\/media?parent=60418"}],"wp:term":[{"taxonomy":"category","embeddable":true,"href":"https:\/\/eltrabajo.cl\/portal\/wp-json\/wp\/v2\/categories?post=60418"},{"taxonomy":"post_tag","embeddable":true,"href":"https:\/\/eltrabajo.cl\/portal\/wp-json\/wp\/v2\/tags?post=60418"}],"curies":[{"name":"wp","href":"https:\/\/api.w.org\/{rel}","templated":true}]}}