{"id":6043,"date":"2011-11-14T08:30:14","date_gmt":"2011-11-14T12:30:14","guid":{"rendered":"http:\/\/www.eltrabajo.cl\/portal\/?p=6043"},"modified":"2011-11-14T08:35:08","modified_gmt":"2011-11-14T12:35:08","slug":"mas-de-20-000-peregrinos-visitaron-santa-filomena-en-su-dia","status":"publish","type":"post","link":"https:\/\/eltrabajo.cl\/portal\/mas-de-20-000-peregrinos-visitaron-santa-filomena-en-su-dia\/","title":{"rendered":"M\u00e1s de 20.000 peregrinos visitaron Santa Filomena en su d\u00eda"},"content":{"rendered":"<figure id=\"attachment_6044\" aria-describedby=\"caption-attachment-6044\" style=\"width: 600px\" class=\"wp-caption alignnone\"><a href=\"http:\/\/www.eltrabajo.cl\/portal\/archives\/6043\/eucarestia1\" rel=\"attachment wp-att-6044\"><img data-recalc-dims=\"1\" loading=\"lazy\" decoding=\"async\" class=\"size-full wp-image-6044\" title=\"Eucarestia1\" src=\"https:\/\/i0.wp.com\/www.eltrabajo.cl\/portal\/wp-content\/uploads\/2011\/11\/Eucarestia1.jpg?resize=600%2C387\" alt=\"\" width=\"600\" height=\"387\" srcset=\"https:\/\/i0.wp.com\/eltrabajo.cl\/portal\/wp-content\/uploads\/2011\/11\/Eucarestia1.jpg?w=600&amp;ssl=1 600w, https:\/\/i0.wp.com\/eltrabajo.cl\/portal\/wp-content\/uploads\/2011\/11\/Eucarestia1.jpg?resize=200%2C129&amp;ssl=1 200w, https:\/\/i0.wp.com\/eltrabajo.cl\/portal\/wp-content\/uploads\/2011\/11\/Eucarestia1.jpg?resize=300%2C193&amp;ssl=1 300w, https:\/\/i0.wp.com\/eltrabajo.cl\/portal\/wp-content\/uploads\/2011\/11\/Eucarestia1.jpg?resize=150%2C96&amp;ssl=1 150w, https:\/\/i0.wp.com\/eltrabajo.cl\/portal\/wp-content\/uploads\/2011\/11\/Eucarestia1.jpg?resize=400%2C258&amp;ssl=1 400w\" sizes=\"auto, (max-width: 600px) 100vw, 600px\" \/><\/a><figcaption id=\"caption-attachment-6044\" class=\"wp-caption-text\">Monse\u00f1or Cristian Contreras ofici\u00f3 una de las misas m\u00e1s emotivas y concurridas.Fieles de todas partes del pa\u00eds acudieron a los pies de la imagen de la Santa, tocar sus vestiduras represent\u00f3 para algunos cumplir alguna promesa y renovar sus votos de fe.Fieles de todas partes del pa\u00eds acudieron a los pies de la imagen de la Santa, tocar sus vestiduras represent\u00f3 para algunos cumplir alguna promesa y renovar sus votos de fe.<\/figcaption><\/figure>\n<p>Roberto Gonz\u00e1lez Short &#8211; rgonzalez@eltrabajo.cl<\/p>\n<div class=\"mceTemp\">Aunque la fecha religiosa Oficial de Santa Filomena se\u00f1ala el primer domingo de diciembre para honrarla, ayer domingo se realizaron cinco misas en honor a la Santa en la comunidad con el mismo nombre. Autoridades pol\u00edticas y religiosas acudieron a la cita en la parroquia local.<\/div>\n<p>Se calcula que al menos unas 20.000 personas llegaron de todo el pa\u00eds, entre ellas Monse\u00f1or Cristian Contreras, Obispo de San Felipe, quien tuvo a su cargo uno de los principales servicios religiosos en honor a la citada figura de la Iglesia.<\/p>\n<p>MILES DE PEREGRINOS<\/p>\n<p>En cuanto a sus tradiciones y creencias, Santa Filomena se destaca en su interior por la fiesta que se realiza todos los a\u00f1os para conmemorar a la Santa en el mes de noviembre. Recientemente el municipio de Santa Mar\u00eda ha permitido el desarrollo de una feria en las cercan\u00edas de la parroquia, este elemento representa uno de los atractivos que ayudan tambi\u00e9n a convocar a miles de amantes del comercio al aire libre.<\/p>\n<p>DIARIO EL TRABAJO realiz\u00f3 un recorrido por potreros y calles del lugar, los que estaban colmados de peregrinos de todas las edades. Familias enteras improvisaron fogatas, tiendas de campa\u00f1a y cientos de toldos a lo largo de los diferentes caminos cercanos a la capilla religiosa. En esos locales improvisados hubo miles de art\u00edculos artesanales como sombreros, ollas, comidas calientes, zapatos, pinturas, juguetes, ropa y muchos productos de gran demanda.<\/p>\n<p>REPARAR\u00c1N IGLESIA<\/p>\n<p>\u00abHubo muchas confesiones este d\u00eda, recibimos a miles de peregrinos, la actividad culmin\u00f3 con una misa a las 17:00 horas y una procesi\u00f3n al Cerro de la Cruz\u00bb, inform\u00f3 Pamela Silva, organizadora religiosa de la parroquia.<\/p>\n<p>Este santuario religioso fue declarado Monumento Nacional mediante decreto del 27 de enero del 2009 por el Ministerio de Educaci\u00f3n, quien lo declar\u00f3 por su valor hist\u00f3rico, arquitect\u00f3nico, simb\u00f3lico y por el tipo de construcci\u00f3n.<\/p>\n<p>Esta construcci\u00f3n de 800 metros cuadrados hechos de adobe, edificio bastante monumental para estar en una zona rural, ser\u00e1 reconstruida en primera instancia para consolidar su estructura, y las intervenciones arquitect\u00f3nicas a trav\u00e9s de proyectos, aunque en la actualidad est\u00e1 en muy mal estado. El Alcalde Claudio Zurita inform\u00f3 de la disponibilidad de $ 899.317.720 para las reparaciones y embellecimiento de la misma. Estos trabajos iniciar\u00edan el 2 de diciembre y los fondos provienen del Gobierno Regional.<\/p>\n","protected":false},"excerpt":{"rendered":"<p>Roberto Gonz\u00e1lez Short &#8211; rgonzalez@eltrabajo.cl Aunque la fecha religiosa Oficial de Santa Filomena se\u00f1ala el primer domingo de diciembre para honrarla, ayer domingo se realizaron cinco misas en honor a la Santa&#8230;<\/p>\n","protected":false},"author":482,"featured_media":6044,"comment_status":"open","ping_status":"open","sticky":false,"template":"","format":"standard","meta":{"advanced_seo_description":"","jetpack_seo_html_title":"","jetpack_seo_noindex":false,"_jetpack_memberships_contains_paid_content":false,"footnotes":""},"categories":[15],"tags":[],"class_list":["post-6043","post","type-post","status-publish","format-standard","has-post-thumbnail","hentry","category-comunidad"],"jetpack_featured_media_url":"https:\/\/i0.wp.com\/eltrabajo.cl\/portal\/wp-content\/uploads\/2011\/11\/Eucarestia1.jpg?fit=600%2C387&ssl=1","jetpack_sharing_enabled":true,"jetpack_likes_enabled":true,"jetpack-related-posts":[],"_links":{"self":[{"href":"https:\/\/eltrabajo.cl\/portal\/wp-json\/wp\/v2\/posts\/6043","targetHints":{"allow":["GET"]}}],"collection":[{"href":"https:\/\/eltrabajo.cl\/portal\/wp-json\/wp\/v2\/posts"}],"about":[{"href":"https:\/\/eltrabajo.cl\/portal\/wp-json\/wp\/v2\/types\/post"}],"author":[{"embeddable":true,"href":"https:\/\/eltrabajo.cl\/portal\/wp-json\/wp\/v2\/users\/482"}],"replies":[{"embeddable":true,"href":"https:\/\/eltrabajo.cl\/portal\/wp-json\/wp\/v2\/comments?post=6043"}],"version-history":[{"count":0,"href":"https:\/\/eltrabajo.cl\/portal\/wp-json\/wp\/v2\/posts\/6043\/revisions"}],"wp:featuredmedia":[{"embeddable":true,"href":"https:\/\/eltrabajo.cl\/portal\/wp-json\/wp\/v2\/media\/6044"}],"wp:attachment":[{"href":"https:\/\/eltrabajo.cl\/portal\/wp-json\/wp\/v2\/media?parent=6043"}],"wp:term":[{"taxonomy":"category","embeddable":true,"href":"https:\/\/eltrabajo.cl\/portal\/wp-json\/wp\/v2\/categories?post=6043"},{"taxonomy":"post_tag","embeddable":true,"href":"https:\/\/eltrabajo.cl\/portal\/wp-json\/wp\/v2\/tags?post=6043"}],"curies":[{"name":"wp","href":"https:\/\/api.w.org\/{rel}","templated":true}]}}