{"id":60440,"date":"2015-07-29T09:40:11","date_gmt":"2015-07-29T12:40:11","guid":{"rendered":"http:\/\/www.eltrabajo.cl\/portal\/?p=60440"},"modified":"2015-07-29T09:40:11","modified_gmt":"2015-07-29T12:40:11","slug":"capturan-a-tres-antisociales-que-intentaron-robar-en-centrico-local","status":"publish","type":"post","link":"https:\/\/eltrabajo.cl\/portal\/capturan-a-tres-antisociales-que-intentaron-robar-en-centrico-local\/","title":{"rendered":"Capturan a tres antisociales que intentaron robar en c\u00e9ntrico local"},"content":{"rendered":"<figure id=\"attachment_60441\" aria-describedby=\"caption-attachment-60441\" style=\"width: 300px\" class=\"wp-caption alignleft\"><a href=\"https:\/\/i0.wp.com\/www.eltrabajo.cl\/portal\/wp-content\/uploads\/2015\/07\/ROBO-FRUSTRADO-3-detenidos-copia.jpg\"><img data-recalc-dims=\"1\" loading=\"lazy\" decoding=\"async\" class=\"wp-image-60441 size-medium\" src=\"https:\/\/i0.wp.com\/www.eltrabajo.cl\/portal\/wp-content\/uploads\/2015\/07\/ROBO-FRUSTRADO-3-detenidos-copia-300x198.jpg?resize=300%2C198\" alt=\"Los antisociales con amplio prontuario delictivo fueron detenidos por Carabineros y puestos a disposici\u00f3n de la Fiscal\u00eda para investigar el delito de robo en lugar no habitado en grado de frustrado.\" width=\"300\" height=\"198\" srcset=\"https:\/\/i0.wp.com\/eltrabajo.cl\/portal\/wp-content\/uploads\/2015\/07\/ROBO-FRUSTRADO-3-detenidos-copia.jpg?resize=300%2C198&amp;ssl=1 300w, https:\/\/i0.wp.com\/eltrabajo.cl\/portal\/wp-content\/uploads\/2015\/07\/ROBO-FRUSTRADO-3-detenidos-copia.jpg?resize=200%2C132&amp;ssl=1 200w, https:\/\/i0.wp.com\/eltrabajo.cl\/portal\/wp-content\/uploads\/2015\/07\/ROBO-FRUSTRADO-3-detenidos-copia.jpg?resize=228%2C150&amp;ssl=1 228w, https:\/\/i0.wp.com\/eltrabajo.cl\/portal\/wp-content\/uploads\/2015\/07\/ROBO-FRUSTRADO-3-detenidos-copia.jpg?resize=400%2C263&amp;ssl=1 400w, https:\/\/i0.wp.com\/eltrabajo.cl\/portal\/wp-content\/uploads\/2015\/07\/ROBO-FRUSTRADO-3-detenidos-copia.jpg?w=530&amp;ssl=1 530w\" sizes=\"auto, (max-width: 300px) 100vw, 300px\" \/><\/a><figcaption id=\"caption-attachment-60441\" class=\"wp-caption-text\">Los antisociales con amplio prontuario delictivo fueron detenidos por Carabineros y puestos a disposici\u00f3n de la Fiscal\u00eda para investigar el delito de robo en lugar no habitado en grado de frustrado.<\/figcaption><\/figure>\n<ul>\n<li><strong>A fin de evitar nuevos delitos de robo, Carabineros fue alertado de la presencia de tres sujetos que intentaban robar desde la tienda Mota Groeshop ubicada en calle Salinas en la comuna de San Felipe.<\/strong><\/li>\n<\/ul>\n<p>Un nuevo intento de robo a un local comercial ubicado en calle Salinas a pasos del centro de la comuna de San Felipe result\u00f3 frustrado, luego que las c\u00e1maras de vigilancia operativas en la Central de Comunicaciones de Carabineros alertaron la presencia de tres sujetos que, utilizando un napole\u00f3n, cortaron los candados con el objetivo de acceder hasta el interior del establecimiento, lugar en que finalmente fueron detenidos por los efectivos policiales.<br \/>\nLos hechos se registraron en horas de la madrugada de ayer martes, en momentos que tres sospechosos circulaban por calle Salinas, siendo atentamente observados por las c\u00e1maras de seguridad operadas desde la Segunda Comisar\u00eda de Carabineros, descubriendo que los sujetos descerrajaron los candados de la tienda Mota Growshop.<br \/>\nEn breves minutos los efectivos de Carabineros del Plan Cuadrante se trasladaron hasta el lugar donde se encontraban los tres sujetos premunidos de un napole\u00f3n, por lo cual fueron detenidos y trasladados hasta la unidad policial.<br \/>\nDe acuerdo a la informaci\u00f3n proporcionada por la Comisario de Carabineros, Mayor Maureen Espinoza, los tres sujetos mantienen antecedentes por distintos delitos de robo y uno de ellos manten\u00eda una orden de detenci\u00f3n pendiente emanada del Tribunal de Garant\u00eda de San Felipe. \u00abLos individuos portaban un napole\u00f3n y candados que recientemente hab\u00edan sido cortados. Ellos fueron detenidos por el delito de robo en lugar no habitado, sin embargo estamos a la espera que el propietario del local comercial establezca si en definitiva se logr\u00f3 la sustracci\u00f3n o no de alguna especie. Los tres detenidos registran distintos tipos de delitos por robo y uno de ellos registraba una orden de detenci\u00f3n pendiente. Es otro procedimiento exitoso donde Carabineros saca de circulaci\u00f3n a delincuentes habituales que tienen residencia en la ciudad de San Felipe\u00bb.<br \/>\nLos imputados individualizados como Hern\u00e1n Bravo Gonz\u00e1lez, Francisco Celed\u00f3n Celed\u00f3n y Alexis Tapia Aguilera fueron trasladados por Carabineros hasta el Juzgado de Garant\u00eda de San Felipe para ser requeridos por la Fiscal\u00eda para una pr\u00f3xima audiencia de juicio simplificado, mientras se investiga el caso.<br \/>\n<strong>Pablo Salinas Sald\u00edas<\/strong><\/p>\n","protected":false},"excerpt":{"rendered":"<p>A fin de evitar nuevos delitos de robo, Carabineros fue alertado de la presencia de tres sujetos que intentaban robar desde la tienda Mota Groeshop ubicada en calle Salinas en la comuna&#8230;<\/p>\n","protected":false},"author":482,"featured_media":60441,"comment_status":"open","ping_status":"open","sticky":false,"template":"","format":"standard","meta":{"advanced_seo_description":"","jetpack_seo_html_title":"","jetpack_seo_noindex":false,"_jetpack_memberships_contains_paid_content":false,"footnotes":""},"categories":[21],"tags":[],"class_list":["post-60440","post","type-post","status-publish","format-standard","has-post-thumbnail","hentry","category-policial"],"jetpack_featured_media_url":"https:\/\/i0.wp.com\/eltrabajo.cl\/portal\/wp-content\/uploads\/2015\/07\/ROBO-FRUSTRADO-3-detenidos-copia.jpg?fit=530%2C349&ssl=1","jetpack_sharing_enabled":true,"jetpack_likes_enabled":true,"jetpack-related-posts":[],"_links":{"self":[{"href":"https:\/\/eltrabajo.cl\/portal\/wp-json\/wp\/v2\/posts\/60440","targetHints":{"allow":["GET"]}}],"collection":[{"href":"https:\/\/eltrabajo.cl\/portal\/wp-json\/wp\/v2\/posts"}],"about":[{"href":"https:\/\/eltrabajo.cl\/portal\/wp-json\/wp\/v2\/types\/post"}],"author":[{"embeddable":true,"href":"https:\/\/eltrabajo.cl\/portal\/wp-json\/wp\/v2\/users\/482"}],"replies":[{"embeddable":true,"href":"https:\/\/eltrabajo.cl\/portal\/wp-json\/wp\/v2\/comments?post=60440"}],"version-history":[{"count":0,"href":"https:\/\/eltrabajo.cl\/portal\/wp-json\/wp\/v2\/posts\/60440\/revisions"}],"wp:featuredmedia":[{"embeddable":true,"href":"https:\/\/eltrabajo.cl\/portal\/wp-json\/wp\/v2\/media\/60441"}],"wp:attachment":[{"href":"https:\/\/eltrabajo.cl\/portal\/wp-json\/wp\/v2\/media?parent=60440"}],"wp:term":[{"taxonomy":"category","embeddable":true,"href":"https:\/\/eltrabajo.cl\/portal\/wp-json\/wp\/v2\/categories?post=60440"},{"taxonomy":"post_tag","embeddable":true,"href":"https:\/\/eltrabajo.cl\/portal\/wp-json\/wp\/v2\/tags?post=60440"}],"curies":[{"name":"wp","href":"https:\/\/api.w.org\/{rel}","templated":true}]}}