{"id":60446,"date":"2015-07-29T09:43:16","date_gmt":"2015-07-29T12:43:16","guid":{"rendered":"http:\/\/www.eltrabajo.cl\/portal\/?p=60446"},"modified":"2015-07-29T09:43:16","modified_gmt":"2015-07-29T12:43:16","slug":"victima-reconocio-sus-llantas-que-fueron-utilizadas-en-otro-vehiculo","status":"publish","type":"post","link":"https:\/\/eltrabajo.cl\/portal\/victima-reconocio-sus-llantas-que-fueron-utilizadas-en-otro-vehiculo\/","title":{"rendered":"V\u00edctima reconoci\u00f3 sus llantas que fueron utilizadas en otro veh\u00edculo"},"content":{"rendered":"<figure id=\"attachment_60447\" aria-describedby=\"caption-attachment-60447\" style=\"width: 300px\" class=\"wp-caption alignleft\"><a href=\"https:\/\/i0.wp.com\/www.eltrabajo.cl\/portal\/wp-content\/uploads\/2015\/07\/DETENIDO-RECEPTACION.jpg\"><img data-recalc-dims=\"1\" loading=\"lazy\" decoding=\"async\" class=\"wp-image-60447 size-medium\" src=\"https:\/\/i0.wp.com\/www.eltrabajo.cl\/portal\/wp-content\/uploads\/2015\/07\/DETENIDO-RECEPTACION-300x198.jpg?resize=300%2C198\" alt=\"El imputado fue detenido por receptaci\u00f3n, quien adem\u00e1s manten\u00eda una orden de detenci\u00f3n pendiente por robo en lugar no habitado.\" width=\"300\" height=\"198\" srcset=\"https:\/\/i0.wp.com\/eltrabajo.cl\/portal\/wp-content\/uploads\/2015\/07\/DETENIDO-RECEPTACION.jpg?resize=300%2C198&amp;ssl=1 300w, https:\/\/i0.wp.com\/eltrabajo.cl\/portal\/wp-content\/uploads\/2015\/07\/DETENIDO-RECEPTACION.jpg?resize=200%2C132&amp;ssl=1 200w, https:\/\/i0.wp.com\/eltrabajo.cl\/portal\/wp-content\/uploads\/2015\/07\/DETENIDO-RECEPTACION.jpg?resize=228%2C150&amp;ssl=1 228w, https:\/\/i0.wp.com\/eltrabajo.cl\/portal\/wp-content\/uploads\/2015\/07\/DETENIDO-RECEPTACION.jpg?resize=400%2C263&amp;ssl=1 400w, https:\/\/i0.wp.com\/eltrabajo.cl\/portal\/wp-content\/uploads\/2015\/07\/DETENIDO-RECEPTACION.jpg?w=530&amp;ssl=1 530w\" sizes=\"auto, (max-width: 300px) 100vw, 300px\" \/><\/a><figcaption id=\"caption-attachment-60447\" class=\"wp-caption-text\">El imputado fue detenido por receptaci\u00f3n, quien adem\u00e1s manten\u00eda una orden de detenci\u00f3n pendiente por robo en lugar no habitado.<\/figcaption><\/figure>\n<p>Carabineros detuvo al conductor de un autom\u00f3vil que portaba las llantas que ser\u00edan de propiedad de una v\u00edctima que sufri\u00f3 el robo de su m\u00f3vil desde el terminal de buses de San Felipe y que posteriormente fue hallado desmantelado en el Callej\u00f3n Los Naranjos de esta comuna.<br \/>\nEl robo se registr\u00f3 cuando el veh\u00edculo se encontraba en el estacionamiento del Terminal Rodoviario de San Felipe, y luego de la denuncia realizada por su propietario a Carabineros, al d\u00eda siguiente el m\u00f3vil fue hallado desmantelado e incendiado en el callej\u00f3n Los Naranjos de San Felipe. Posteriormente fue el mismo afectado el que alert\u00f3 a la polic\u00eda la presencia de un autom\u00f3vil que portaba las llantas que identific\u00f3 como de su propiedad.<br \/>\nEn este sentido, Carabineros al realizar una fiscalizaci\u00f3n al conductor del veh\u00edculo, \u00e9ste asegur\u00f3 que habr\u00eda adquirido las especies cuestionadas en el mercado informal. Sin embargo, al existir dudas de la procedencia de las llantas, se procedi\u00f3 a la detenci\u00f3n de este individuo por el delito de receptaci\u00f3n, siendo conducido hasta la unidad policial.<br \/>\nLa Comisario de Carabineros, Mayor Maureen Espinoza, indic\u00f3 que el detenido manten\u00eda una orden de aprehensi\u00f3n por el delito de robo en lugar habitado, por lo cual su traslado fue inminente hasta el Tribunal de Garant\u00eda para ser procesado judicialmente.<br \/>\n\u201cLuego del robo del veh\u00edculo perpetrado en el Terminal de Buses de San Felipe, al d\u00eda siguiente fue encontrado por personal de Carabineros en condiciones de desmontaje, sin sus ruedas y otras especies, sin embargo el d\u00eda de ayer (lunes) el propietario de dicho m\u00f3vil vio pasar a un veh\u00edculo con las llantas que reconoce de su propiedad, motivo por el cual Carabineros procedi\u00f3 a la fiscalizaci\u00f3n de este autom\u00f3vil, cuyo conductor declar\u00f3 voluntariamente que esas llantas las hab\u00eda adquirido el fin de semana en el comercio informal, producto de lo cual fue conducido hasta la unidad detenido por el delito de receptaci\u00f3n. Este sujeto manten\u00eda una orden por robo en lugar no habitado, pasando a disposici\u00f3n del tribunal\u201d expres\u00f3 la oficial de Carabineros.<br \/>\nDe acuerdo a los antecedentes policiales, el imputado habr\u00eda confesado la adquisici\u00f3n de estas especies desde el mercado informal, negando tener alg\u00fan tipo de participaci\u00f3n en el robo del autom\u00f3vil perpetrado en el Terminal Rodoviario de San Felipe, hechos que ser\u00e1n materia de investigaci\u00f3n por parte de la Fiscal\u00eda.<br \/>\n<strong>Pablo Salinas Sald\u00edas<\/strong><\/p>\n","protected":false},"excerpt":{"rendered":"<p>Carabineros detuvo al conductor de un autom\u00f3vil que portaba las llantas que ser\u00edan de propiedad de una v\u00edctima que sufri\u00f3 el robo de su m\u00f3vil desde el terminal de buses de San&#8230;<\/p>\n","protected":false},"author":482,"featured_media":60447,"comment_status":"open","ping_status":"open","sticky":false,"template":"","format":"standard","meta":{"advanced_seo_description":"","jetpack_seo_html_title":"","jetpack_seo_noindex":false,"_jetpack_memberships_contains_paid_content":false,"footnotes":""},"categories":[21],"tags":[],"class_list":["post-60446","post","type-post","status-publish","format-standard","has-post-thumbnail","hentry","category-policial"],"jetpack_featured_media_url":"https:\/\/i0.wp.com\/eltrabajo.cl\/portal\/wp-content\/uploads\/2015\/07\/DETENIDO-RECEPTACION.jpg?fit=530%2C349&ssl=1","jetpack_sharing_enabled":true,"jetpack_likes_enabled":true,"jetpack-related-posts":[],"_links":{"self":[{"href":"https:\/\/eltrabajo.cl\/portal\/wp-json\/wp\/v2\/posts\/60446","targetHints":{"allow":["GET"]}}],"collection":[{"href":"https:\/\/eltrabajo.cl\/portal\/wp-json\/wp\/v2\/posts"}],"about":[{"href":"https:\/\/eltrabajo.cl\/portal\/wp-json\/wp\/v2\/types\/post"}],"author":[{"embeddable":true,"href":"https:\/\/eltrabajo.cl\/portal\/wp-json\/wp\/v2\/users\/482"}],"replies":[{"embeddable":true,"href":"https:\/\/eltrabajo.cl\/portal\/wp-json\/wp\/v2\/comments?post=60446"}],"version-history":[{"count":0,"href":"https:\/\/eltrabajo.cl\/portal\/wp-json\/wp\/v2\/posts\/60446\/revisions"}],"wp:featuredmedia":[{"embeddable":true,"href":"https:\/\/eltrabajo.cl\/portal\/wp-json\/wp\/v2\/media\/60447"}],"wp:attachment":[{"href":"https:\/\/eltrabajo.cl\/portal\/wp-json\/wp\/v2\/media?parent=60446"}],"wp:term":[{"taxonomy":"category","embeddable":true,"href":"https:\/\/eltrabajo.cl\/portal\/wp-json\/wp\/v2\/categories?post=60446"},{"taxonomy":"post_tag","embeddable":true,"href":"https:\/\/eltrabajo.cl\/portal\/wp-json\/wp\/v2\/tags?post=60446"}],"curies":[{"name":"wp","href":"https:\/\/api.w.org\/{rel}","templated":true}]}}