{"id":60452,"date":"2015-07-30T09:26:46","date_gmt":"2015-07-30T12:26:46","guid":{"rendered":"http:\/\/www.eltrabajo.cl\/portal\/?p=60452"},"modified":"2015-07-30T09:26:46","modified_gmt":"2015-07-30T12:26:46","slug":"italo-herrera-ma-angelica-cordoba-y-juan-cabrera-premiados-por-el-municipio","status":"publish","type":"post","link":"https:\/\/eltrabajo.cl\/portal\/italo-herrera-ma-angelica-cordoba-y-juan-cabrera-premiados-por-el-municipio\/","title":{"rendered":"\u00cdtalo Herrera, M\u00aa Ang\u00e9lica C\u00f3rdoba y Juan Cabrera, premiados por el Municipio"},"content":{"rendered":"<figure id=\"attachment_60453\" aria-describedby=\"caption-attachment-60453\" style=\"width: 300px\" class=\"wp-caption alignleft\"><a href=\"https:\/\/i0.wp.com\/www.eltrabajo.cl\/portal\/wp-content\/uploads\/2015\/07\/Ganadores1.jpg\"><img data-recalc-dims=\"1\" loading=\"lazy\" decoding=\"async\" class=\"wp-image-60453 size-medium\" src=\"https:\/\/i0.wp.com\/www.eltrabajo.cl\/portal\/wp-content\/uploads\/2015\/07\/Ganadores1-300x199.jpg?resize=300%2C199\" alt=\"SUENAN LAS CAMPANAS.- Ellos son \u00cdtalo Herrera Salinas, M\u00aa Ang\u00e9lica C\u00f3rdoba Rivera y Juan Cabrera Fuentes, quienes ma\u00f1ana ser\u00e1n premiados por el Municipio.\" width=\"300\" height=\"199\" srcset=\"https:\/\/i0.wp.com\/eltrabajo.cl\/portal\/wp-content\/uploads\/2015\/07\/Ganadores1.jpg?resize=300%2C199&amp;ssl=1 300w, https:\/\/i0.wp.com\/eltrabajo.cl\/portal\/wp-content\/uploads\/2015\/07\/Ganadores1.jpg?resize=200%2C133&amp;ssl=1 200w, https:\/\/i0.wp.com\/eltrabajo.cl\/portal\/wp-content\/uploads\/2015\/07\/Ganadores1.jpg?resize=226%2C150&amp;ssl=1 226w, https:\/\/i0.wp.com\/eltrabajo.cl\/portal\/wp-content\/uploads\/2015\/07\/Ganadores1.jpg?resize=400%2C265&amp;ssl=1 400w, https:\/\/i0.wp.com\/eltrabajo.cl\/portal\/wp-content\/uploads\/2015\/07\/Ganadores1.jpg?w=528&amp;ssl=1 528w\" sizes=\"auto, (max-width: 300px) 100vw, 300px\" \/><\/a><figcaption id=\"caption-attachment-60453\" class=\"wp-caption-text\">SUENAN LAS CAMPANAS.- Ellos son \u00cdtalo Herrera Salinas, M\u00aa Ang\u00e9lica C\u00f3rdoba Rivera y Juan Cabrera Fuentes, quienes ma\u00f1ana ser\u00e1n premiados por el Municipio.<\/figcaption><\/figure>\n<p>Ma\u00f1ana viernes a las 19:30 horas en el teatro del Liceo Roberto Humeres, el Municipio entregar\u00e1 las distinciones especiales a instituciones y personalidades que este a\u00f1o fueron anunciadas por el Concejo Municipal de San Felipe, lista de personajes que desde hace dos semanas en Diario El Trabajo venimos presentando con amplios reportajes referenciales, siendo hoy por lo tanto una triple alegr\u00eda el poder compartir esta rese\u00f1a sobre tres ilustres sanfelipe\u00f1os.<br \/>\nSe trata del profesor Juan Cabrera Fuentes, quien recibir\u00e1 su galard\u00f3n en la categor\u00eda Trayectoria Cultural. Tambi\u00e9n en la categor\u00eda Instituci\u00f3n Benem\u00e9rita ser\u00e1 premiada la labor del grupo Scout Sagrada Familia de Nazaret, reconocimiento que ser\u00e1 retirado por su fundador, el asistente de educaci\u00f3n don \u00cdtalo Herrera Salinas, este grupo est\u00e1 conformado por 50 personas y naci\u00f3 hace 20 a\u00f1os.<br \/>\nTambi\u00e9n ser\u00e1 premiada la profesora M\u00aa Ang\u00e9lica C\u00f3rdoba Rivera en la categor\u00eda Trayectoria Educativa, ella tiene 38 a\u00f1os de impartir clases en B\u00e1sica.<\/p>\n<p><strong>AMPLIO CAMINAR<\/strong><br \/>\n\u00abNo se me premia por estar s\u00f3lo al frente de Bafova, en mi caso recibo este reconocimiento por toda mi labor cultural, nunca me esper\u00e9 que mi trabajo y persona estuviera siendo observado de esta manera o con buenos ojos por el Concejo, muchas gracias\u00bb, coment\u00f3 Cabrera a Diario El Trabajo.<br \/>\n\u00cdtalo por su parte, consider\u00f3 que el trabajo realizado por sus scouts ha sido arduo y lleno de aventuras en estas dos d\u00e9cadas; mientras que la profesora M\u00aa Ang\u00e9lica C\u00f3rdoba, explic\u00f3 emocionada que ha laborado s\u00f3lo en dos escuelas, en la Escuela B\u00e1sica Vi\u00f1a Err\u00e1zurriz cuando \u00e9sta pertenec\u00eda a San Felipe, y luego en la actual casa de estudios, la Escuela Jos\u00e9 de San Mart\u00edn.<br \/>\n<strong>Roberto Gonz\u00e1lez Short<\/strong><br \/>\n<strong>rgonzalez@eltrabajo.cl<\/strong><\/p>\n","protected":false},"excerpt":{"rendered":"<p>Ma\u00f1ana viernes a las 19:30 horas en el teatro del Liceo Roberto Humeres, el Municipio entregar\u00e1 las distinciones especiales a instituciones y personalidades que este a\u00f1o fueron anunciadas por el Concejo Municipal&#8230;<\/p>\n","protected":false},"author":482,"featured_media":60453,"comment_status":"open","ping_status":"open","sticky":false,"template":"","format":"standard","meta":{"advanced_seo_description":"","jetpack_seo_html_title":"","jetpack_seo_noindex":false,"_jetpack_memberships_contains_paid_content":false,"footnotes":""},"categories":[15],"tags":[],"class_list":["post-60452","post","type-post","status-publish","format-standard","has-post-thumbnail","hentry","category-comunidad"],"jetpack_featured_media_url":"https:\/\/i0.wp.com\/eltrabajo.cl\/portal\/wp-content\/uploads\/2015\/07\/Ganadores1.jpg?fit=528%2C350&ssl=1","jetpack_sharing_enabled":true,"jetpack_likes_enabled":true,"jetpack-related-posts":[],"_links":{"self":[{"href":"https:\/\/eltrabajo.cl\/portal\/wp-json\/wp\/v2\/posts\/60452","targetHints":{"allow":["GET"]}}],"collection":[{"href":"https:\/\/eltrabajo.cl\/portal\/wp-json\/wp\/v2\/posts"}],"about":[{"href":"https:\/\/eltrabajo.cl\/portal\/wp-json\/wp\/v2\/types\/post"}],"author":[{"embeddable":true,"href":"https:\/\/eltrabajo.cl\/portal\/wp-json\/wp\/v2\/users\/482"}],"replies":[{"embeddable":true,"href":"https:\/\/eltrabajo.cl\/portal\/wp-json\/wp\/v2\/comments?post=60452"}],"version-history":[{"count":0,"href":"https:\/\/eltrabajo.cl\/portal\/wp-json\/wp\/v2\/posts\/60452\/revisions"}],"wp:featuredmedia":[{"embeddable":true,"href":"https:\/\/eltrabajo.cl\/portal\/wp-json\/wp\/v2\/media\/60453"}],"wp:attachment":[{"href":"https:\/\/eltrabajo.cl\/portal\/wp-json\/wp\/v2\/media?parent=60452"}],"wp:term":[{"taxonomy":"category","embeddable":true,"href":"https:\/\/eltrabajo.cl\/portal\/wp-json\/wp\/v2\/categories?post=60452"},{"taxonomy":"post_tag","embeddable":true,"href":"https:\/\/eltrabajo.cl\/portal\/wp-json\/wp\/v2\/tags?post=60452"}],"curies":[{"name":"wp","href":"https:\/\/api.w.org\/{rel}","templated":true}]}}