{"id":60455,"date":"2015-07-30T09:30:11","date_gmt":"2015-07-30T12:30:11","guid":{"rendered":"http:\/\/www.eltrabajo.cl\/portal\/?p=60455"},"modified":"2015-07-30T09:30:11","modified_gmt":"2015-07-30T12:30:11","slug":"primera-copa-de-ajedrez-diario-el-trabajo-2015-se-realizara-en-21-de-agosto","status":"publish","type":"post","link":"https:\/\/eltrabajo.cl\/portal\/primera-copa-de-ajedrez-diario-el-trabajo-2015-se-realizara-en-21-de-agosto\/","title":{"rendered":"Primera Copa de Ajedrez &#8216;Diario El Trabajo&#8217; 2015 se realizar\u00e1 en 21 de agosto"},"content":{"rendered":"<figure id=\"attachment_60456\" aria-describedby=\"caption-attachment-60456\" style=\"width: 300px\" class=\"wp-caption alignleft\"><a href=\"https:\/\/i0.wp.com\/www.eltrabajo.cl\/portal\/wp-content\/uploads\/2015\/07\/Ajedrez1.jpg\"><img data-recalc-dims=\"1\" loading=\"lazy\" decoding=\"async\" class=\"wp-image-60456 size-medium\" src=\"https:\/\/i0.wp.com\/www.eltrabajo.cl\/portal\/wp-content\/uploads\/2015\/07\/Ajedrez1-300x198.jpg?resize=300%2C198\" alt=\"AJEDRECISTAS CASI LISTOS.- Decenas de peque\u00f1itos alumnos de la Escuela Jos\u00e9 de San Mart\u00edn, posaron para las c\u00e1maras de Diario El Trabajo en este colosal ajedrez gigante.\" width=\"300\" height=\"198\" srcset=\"https:\/\/i0.wp.com\/eltrabajo.cl\/portal\/wp-content\/uploads\/2015\/07\/Ajedrez1.jpg?resize=300%2C198&amp;ssl=1 300w, https:\/\/i0.wp.com\/eltrabajo.cl\/portal\/wp-content\/uploads\/2015\/07\/Ajedrez1.jpg?resize=200%2C132&amp;ssl=1 200w, https:\/\/i0.wp.com\/eltrabajo.cl\/portal\/wp-content\/uploads\/2015\/07\/Ajedrez1.jpg?resize=227%2C150&amp;ssl=1 227w, https:\/\/i0.wp.com\/eltrabajo.cl\/portal\/wp-content\/uploads\/2015\/07\/Ajedrez1.jpg?resize=400%2C264&amp;ssl=1 400w, https:\/\/i0.wp.com\/eltrabajo.cl\/portal\/wp-content\/uploads\/2015\/07\/Ajedrez1.jpg?w=530&amp;ssl=1 530w\" sizes=\"auto, (max-width: 300px) 100vw, 300px\" \/><\/a><figcaption id=\"caption-attachment-60456\" class=\"wp-caption-text\">AJEDRECISTAS CASI LISTOS.- Decenas de peque\u00f1itos alumnos de la Escuela Jos\u00e9 de San Mart\u00edn, posaron para las c\u00e1maras de Diario El Trabajo en este colosal ajedrez gigante.<\/figcaption><\/figure>\n<p>Ayer mi\u00e9rcoles fue anunciado por parte de la directora de la prestigiosa escuela municipalizada, Ximena Baquedano.<br \/>\nEl primer campeonato comunal de ajedrez Copa Diario El Trabajo 2015 se realizar\u00e1 el pr\u00f3ximo viernes 21 de agosto en la Escuela Jos\u00e9 de San Mart\u00edn. Se trata de una original propuesta deportiva que la direcci\u00f3n de esa prestigiosa casa de estudios plante\u00f3 a nuestro medio, la de realizar un torneo dedicado al diario m\u00e1s le\u00eddo del Valle de Aconcagua.<\/p>\n<p><strong>ANUNCIO OFICIAL<\/strong><br \/>\nEl anuncio fue hecho de manera oficial por la directora de la escuela, Ximena Baquedano P\u00e9rez, quien conjuntamente con el profesor de Ajedrez, Guillermo Quijanes, est\u00e1n al frente de este campeonato.<br \/>\n\u00abLa realizaci\u00f3n de este torneo de ajedrez es para nosotros un placer desarrollarlo, pues lo presentaremos en agradecimiento a Diario El Trabajo, un medio que siempre est\u00e1 apoyando a los colegios municipalizados y en especial a nuestra escuela, tanto en actividades deportivas como culturales y acad\u00e9micas, profesores y estudiantes haremos todo lo posible para que la jornada sea bien aprovechada por los jugadores de este apasionante juego\u00bb, explic\u00f3 a nuestro medio Ximena Baquedano.<\/p>\n<p><strong>COPA DE LUJO<\/strong><br \/>\nPor su parte el experimentado ajedrecista y organizador del torneo, Guillermo Quijanes, explic\u00f3 los detalles generales de la nueva Copa Diario El Trabajo 2015.<br \/>\n&#8211; \u00bfPor qu\u00e9 realizar este torneo en honor a Diario El Trabajo?<br \/>\n&#8211; Antes quiero agradecer a Diario El Trabajo todo el apoyo que a\u00f1o tras a\u00f1o nos brinda a los amantes del ajedrez, cada torneo en los que mis estudiantes participan, siempre este importante medio nos brinda un espacio, lo que nos anim\u00f3 a devolver la cortes\u00eda y de la manera m\u00e1s sincera de nuestra parte como deportistas.<br \/>\n<strong>&#8211; \u00bfQui\u00e9nes participar\u00e1n en esta Copa de Ajedrez?<\/strong><br \/>\n<strong>&#8211;<\/strong> Los estudiantes que participar\u00e1n en este torneo son alumnos de centros educativos como Escuela JFK; Liceo Roberto Humeres; Colegio Vedruna; Instituto Chacabuco de Los Andes; Colegio Alem\u00e1n de Panquehue; Escuela Industrial; Escuela Buen Pastor y Liceo Mixto.<br \/>\n<strong>&#8211; \u00bfEn qu\u00e9 categor\u00edas se competir\u00e1 y cu\u00e1ntas personas jugar\u00e1n?<\/strong><br \/>\n<strong>&#8211;<\/strong> Se competir\u00e1 en tres categor\u00edas, jugadores de seis a nueve a\u00f1os; de diez a doce y de trece a 18 a\u00f1os. Tambi\u00e9n habr\u00e1 premios especiales para algunas disciplinas puntuales dentro del mismo torneo. Yo creo que ser\u00e1n unos 90 jugadores, o sea, una gran Copa.<br \/>\n<strong>&#8211; \u00bfQui\u00e9nes estar\u00e1n en la parte arbitral de este torneo?<\/strong><br \/>\n<strong>&#8211;<\/strong> Los \u00e1rbitros federados son don Jos\u00e9 Berguel y Juan Mira Z\u00fa\u00f1iga, quienes tambi\u00e9n contar\u00e1n con otros colegas, quienes apoyar\u00e1n en la dif\u00edcil tarea del arbitraje.<\/p>\n<p><strong>DIRECTOR SORPRENDIDO<\/strong><br \/>\nSobre esta original iniciativa el director de Diario El Trabajo, el periodista Marco Antonio Juri, coment\u00f3 que \u00abnos tom\u00f3 por sorpresa esta idea, propuesta que todo el personal del Diario agradecemos sinceramente, esa ha sido la finalidad de Diario El Trabajo durante estos 86 a\u00f1os de estar en circulaci\u00f3n, esperamos que sea una gran Copa, y all\u00e1 estaremos para vivirla con estos alegres estudiantes\u00bb.<br \/>\n<strong>Roberto Gonz\u00e1lez Short<\/strong><br \/>\n<strong>rgonzalez@eltrabajo.cl<\/strong><\/p>\n<div class=\"tiled-gallery type-rectangular tiled-gallery-unresized\" data-original-width=\"640\" data-carousel-extra='null' itemscope itemtype=\"http:\/\/schema.org\/ImageGallery\" > <div class=\"gallery-row\" style=\"width: 640px; height: 282px;\" data-original-width=\"640\" data-original-height=\"282\" > <div class=\"gallery-group images-1\" style=\"width: 427px; height: 282px;\" data-original-width=\"427\" data-original-height=\"282\" > <div class=\"tiled-gallery-item tiled-gallery-item-large\" itemprop=\"associatedMedia\" itemscope itemtype=\"http:\/\/schema.org\/ImageObject\"> <a href=\"https:\/\/eltrabajo.cl\/portal\/primera-copa-de-ajedrez-diario-el-trabajo-2015-se-realizara-en-21-de-agosto\/copa1-9\/\" border=\"0\" itemprop=\"url\"> <meta itemprop=\"width\" content=\"423\"> <meta itemprop=\"height\" content=\"278\"> <img decoding=\"async\" class=\"\" data-attachment-id=\"60457\" data-orig-file=\"https:\/\/eltrabajo.cl\/portal\/wp-content\/uploads\/2015\/07\/Copa11.jpg\" data-orig-size=\"530,348\" data-comments-opened=\"1\" data-image-meta=\"{&quot;aperture&quot;:&quot;0&quot;,&quot;credit&quot;:&quot;&quot;,&quot;camera&quot;:&quot;&quot;,&quot;caption&quot;:&quot;&quot;,&quot;created_timestamp&quot;:&quot;0&quot;,&quot;copyright&quot;:&quot;&quot;,&quot;focal_length&quot;:&quot;0&quot;,&quot;iso&quot;:&quot;0&quot;,&quot;shutter_speed&quot;:&quot;0&quot;,&quot;title&quot;:&quot;&quot;,&quot;orientation&quot;:&quot;0&quot;}\" data-image-title=\"Copa1\" data-image-description=\"&lt;p&gt;COPAS DE LUJO.- La directora del centro educativo, Ximena Baquedano y el profesor Guillermo Quijanes, muestran a nuestro medio las copas que se entregar\u00e1n a los mejores ajedrecistas de este evento.&lt;\/p&gt; \" data-medium-file=\"https:\/\/i0.wp.com\/eltrabajo.cl\/portal\/wp-content\/uploads\/2015\/07\/Copa11.jpg?fit=300%2C197&#038;ssl=1\" data-large-file=\"https:\/\/i0.wp.com\/eltrabajo.cl\/portal\/wp-content\/uploads\/2015\/07\/Copa11.jpg?fit=530%2C348&#038;ssl=1\" src=\"https:\/\/i0.wp.com\/eltrabajo.cl\/portal\/wp-content\/uploads\/2015\/07\/Copa11.jpg?w=423&#038;h=278&#038;ssl=1\" srcset=\"https:\/\/i0.wp.com\/eltrabajo.cl\/portal\/wp-content\/uploads\/2015\/07\/Copa11.jpg?w=530&amp;ssl=1 530w, https:\/\/i0.wp.com\/eltrabajo.cl\/portal\/wp-content\/uploads\/2015\/07\/Copa11.jpg?resize=200%2C131&amp;ssl=1 200w, https:\/\/i0.wp.com\/eltrabajo.cl\/portal\/wp-content\/uploads\/2015\/07\/Copa11.jpg?resize=300%2C197&amp;ssl=1 300w, https:\/\/i0.wp.com\/eltrabajo.cl\/portal\/wp-content\/uploads\/2015\/07\/Copa11.jpg?resize=228%2C150&amp;ssl=1 228w, https:\/\/i0.wp.com\/eltrabajo.cl\/portal\/wp-content\/uploads\/2015\/07\/Copa11.jpg?resize=400%2C263&amp;ssl=1 400w\" width=\"423\" height=\"278\" loading=\"lazy\" data-original-width=\"423\" data-original-height=\"278\" itemprop=\"http:\/\/schema.org\/image\" title=\"Copa1\" alt=\"COPAS DE LUJO.- La directora del centro educativo, Ximena Baquedano y el profesor Guillermo Quijanes, muestran a nuestro medio las copas que se entregar\u00e1n a los mejores ajedrecistas de este evento.\" style=\"width: 423px; height: 278px;\" \/> <\/a> <div class=\"tiled-gallery-caption\" itemprop=\"caption description\"> COPAS DE LUJO.- La directora del centro educativo, Ximena Baquedano y el profesor Guillermo Quijanes, muestran a nuestro medio las copas que se entregar\u00e1n a los mejores ajedrecistas de este evento. <\/div> <\/div> <\/div> <!-- close group --> <div class=\"gallery-group images-2\" style=\"width: 213px; height: 282px;\" data-original-width=\"213\" data-original-height=\"282\" > <div class=\"tiled-gallery-item tiled-gallery-item-small\" itemprop=\"associatedMedia\" itemscope itemtype=\"http:\/\/schema.org\/ImageObject\"> <a href=\"https:\/\/eltrabajo.cl\/portal\/primera-copa-de-ajedrez-diario-el-trabajo-2015-se-realizara-en-21-de-agosto\/guillermo-quijanes-2\/\" border=\"0\" itemprop=\"url\"> <meta itemprop=\"width\" content=\"209\"> <meta itemprop=\"height\" content=\"137\"> <img decoding=\"async\" class=\"\" data-attachment-id=\"60458\" data-orig-file=\"https:\/\/eltrabajo.cl\/portal\/wp-content\/uploads\/2015\/07\/Guillermo-Quijanes.jpg\" data-orig-size=\"530,348\" data-comments-opened=\"1\" data-image-meta=\"{&quot;aperture&quot;:&quot;0&quot;,&quot;credit&quot;:&quot;&quot;,&quot;camera&quot;:&quot;&quot;,&quot;caption&quot;:&quot;&quot;,&quot;created_timestamp&quot;:&quot;0&quot;,&quot;copyright&quot;:&quot;&quot;,&quot;focal_length&quot;:&quot;0&quot;,&quot;iso&quot;:&quot;0&quot;,&quot;shutter_speed&quot;:&quot;0&quot;,&quot;title&quot;:&quot;&quot;,&quot;orientation&quot;:&quot;0&quot;}\" data-image-title=\"Guillermo Quijanes\" data-image-description=\"&lt;p&gt;Guillermo Quijanes, organizador de la Copa Diario El Trabajo 2015, que se jugar\u00e1 el viernes 21 de agosto.&lt;\/p&gt; \" data-medium-file=\"https:\/\/i0.wp.com\/eltrabajo.cl\/portal\/wp-content\/uploads\/2015\/07\/Guillermo-Quijanes.jpg?fit=300%2C197&#038;ssl=1\" data-large-file=\"https:\/\/i0.wp.com\/eltrabajo.cl\/portal\/wp-content\/uploads\/2015\/07\/Guillermo-Quijanes.jpg?fit=530%2C348&#038;ssl=1\" src=\"https:\/\/i0.wp.com\/eltrabajo.cl\/portal\/wp-content\/uploads\/2015\/07\/Guillermo-Quijanes.jpg?w=209&#038;h=137&#038;ssl=1\" srcset=\"https:\/\/i0.wp.com\/eltrabajo.cl\/portal\/wp-content\/uploads\/2015\/07\/Guillermo-Quijanes.jpg?w=530&amp;ssl=1 530w, https:\/\/i0.wp.com\/eltrabajo.cl\/portal\/wp-content\/uploads\/2015\/07\/Guillermo-Quijanes.jpg?resize=200%2C131&amp;ssl=1 200w, https:\/\/i0.wp.com\/eltrabajo.cl\/portal\/wp-content\/uploads\/2015\/07\/Guillermo-Quijanes.jpg?resize=300%2C197&amp;ssl=1 300w, https:\/\/i0.wp.com\/eltrabajo.cl\/portal\/wp-content\/uploads\/2015\/07\/Guillermo-Quijanes.jpg?resize=228%2C150&amp;ssl=1 228w, https:\/\/i0.wp.com\/eltrabajo.cl\/portal\/wp-content\/uploads\/2015\/07\/Guillermo-Quijanes.jpg?resize=400%2C263&amp;ssl=1 400w\" width=\"209\" height=\"137\" loading=\"lazy\" data-original-width=\"209\" data-original-height=\"137\" itemprop=\"http:\/\/schema.org\/image\" title=\"Guillermo Quijanes\" alt=\"Guillermo Quijanes, organizador de la Copa Diario El Trabajo 2015, que se jugar\u00e1 el viernes 21 de agosto.\" style=\"width: 209px; height: 137px;\" \/> <\/a> <div class=\"tiled-gallery-caption\" itemprop=\"caption description\"> Guillermo Quijanes, organizador de la Copa Diario El Trabajo 2015, que se jugar\u00e1 el viernes 21 de agosto. <\/div> <\/div> <div class=\"tiled-gallery-item tiled-gallery-item-small\" itemprop=\"associatedMedia\" itemscope itemtype=\"http:\/\/schema.org\/ImageObject\"> <a href=\"https:\/\/eltrabajo.cl\/portal\/primera-copa-de-ajedrez-diario-el-trabajo-2015-se-realizara-en-21-de-agosto\/ximena1-3\/\" border=\"0\" itemprop=\"url\"> <meta itemprop=\"width\" content=\"209\"> <meta itemprop=\"height\" content=\"137\"> <img decoding=\"async\" class=\"\" data-attachment-id=\"60459\" data-orig-file=\"https:\/\/eltrabajo.cl\/portal\/wp-content\/uploads\/2015\/07\/Ximena1.jpg\" data-orig-size=\"530,348\" data-comments-opened=\"1\" data-image-meta=\"{&quot;aperture&quot;:&quot;0&quot;,&quot;credit&quot;:&quot;&quot;,&quot;camera&quot;:&quot;&quot;,&quot;caption&quot;:&quot;&quot;,&quot;created_timestamp&quot;:&quot;0&quot;,&quot;copyright&quot;:&quot;&quot;,&quot;focal_length&quot;:&quot;0&quot;,&quot;iso&quot;:&quot;0&quot;,&quot;shutter_speed&quot;:&quot;0&quot;,&quot;title&quot;:&quot;&quot;,&quot;orientation&quot;:&quot;0&quot;}\" data-image-title=\"Ximena1\" data-image-description=\"&lt;p&gt;Ximena Baquedano, directora de la Escuela Jos\u00e9 de San Mart\u00edn.&lt;\/p&gt; \" data-medium-file=\"https:\/\/i0.wp.com\/eltrabajo.cl\/portal\/wp-content\/uploads\/2015\/07\/Ximena1.jpg?fit=300%2C197&#038;ssl=1\" data-large-file=\"https:\/\/i0.wp.com\/eltrabajo.cl\/portal\/wp-content\/uploads\/2015\/07\/Ximena1.jpg?fit=530%2C348&#038;ssl=1\" src=\"https:\/\/i0.wp.com\/eltrabajo.cl\/portal\/wp-content\/uploads\/2015\/07\/Ximena1.jpg?w=209&#038;h=137&#038;ssl=1\" srcset=\"https:\/\/i0.wp.com\/eltrabajo.cl\/portal\/wp-content\/uploads\/2015\/07\/Ximena1.jpg?w=530&amp;ssl=1 530w, https:\/\/i0.wp.com\/eltrabajo.cl\/portal\/wp-content\/uploads\/2015\/07\/Ximena1.jpg?resize=200%2C131&amp;ssl=1 200w, https:\/\/i0.wp.com\/eltrabajo.cl\/portal\/wp-content\/uploads\/2015\/07\/Ximena1.jpg?resize=300%2C197&amp;ssl=1 300w, https:\/\/i0.wp.com\/eltrabajo.cl\/portal\/wp-content\/uploads\/2015\/07\/Ximena1.jpg?resize=228%2C150&amp;ssl=1 228w, https:\/\/i0.wp.com\/eltrabajo.cl\/portal\/wp-content\/uploads\/2015\/07\/Ximena1.jpg?resize=400%2C263&amp;ssl=1 400w\" width=\"209\" height=\"137\" loading=\"lazy\" data-original-width=\"209\" data-original-height=\"137\" itemprop=\"http:\/\/schema.org\/image\" title=\"Ximena1\" alt=\"Ximena Baquedano, directora de la Escuela Jos\u00e9 de San Mart\u00edn.\" style=\"width: 209px; height: 137px;\" \/> <\/a> <div class=\"tiled-gallery-caption\" itemprop=\"caption description\"> Ximena Baquedano, directora de la Escuela Jos\u00e9 de San Mart\u00edn. <\/div> <\/div> <\/div> <!-- close group --> <\/div> <!-- close row --> <\/div>\n","protected":false},"excerpt":{"rendered":"<p>Ayer mi\u00e9rcoles fue anunciado por parte de la directora de la prestigiosa escuela municipalizada, Ximena Baquedano. El primer campeonato comunal de ajedrez Copa Diario El Trabajo 2015 se realizar\u00e1 el pr\u00f3ximo viernes&#8230;<\/p>\n","protected":false},"author":482,"featured_media":60456,"comment_status":"open","ping_status":"open","sticky":false,"template":"","format":"standard","meta":{"advanced_seo_description":"","jetpack_seo_html_title":"","jetpack_seo_noindex":false,"_jetpack_memberships_contains_paid_content":false,"footnotes":""},"categories":[15],"tags":[],"class_list":["post-60455","post","type-post","status-publish","format-standard","has-post-thumbnail","hentry","category-comunidad"],"jetpack_featured_media_url":"https:\/\/i0.wp.com\/eltrabajo.cl\/portal\/wp-content\/uploads\/2015\/07\/Ajedrez1.jpg?fit=530%2C350&ssl=1","jetpack_sharing_enabled":true,"jetpack_likes_enabled":true,"jetpack-related-posts":[],"_links":{"self":[{"href":"https:\/\/eltrabajo.cl\/portal\/wp-json\/wp\/v2\/posts\/60455","targetHints":{"allow":["GET"]}}],"collection":[{"href":"https:\/\/eltrabajo.cl\/portal\/wp-json\/wp\/v2\/posts"}],"about":[{"href":"https:\/\/eltrabajo.cl\/portal\/wp-json\/wp\/v2\/types\/post"}],"author":[{"embeddable":true,"href":"https:\/\/eltrabajo.cl\/portal\/wp-json\/wp\/v2\/users\/482"}],"replies":[{"embeddable":true,"href":"https:\/\/eltrabajo.cl\/portal\/wp-json\/wp\/v2\/comments?post=60455"}],"version-history":[{"count":0,"href":"https:\/\/eltrabajo.cl\/portal\/wp-json\/wp\/v2\/posts\/60455\/revisions"}],"wp:featuredmedia":[{"embeddable":true,"href":"https:\/\/eltrabajo.cl\/portal\/wp-json\/wp\/v2\/media\/60456"}],"wp:attachment":[{"href":"https:\/\/eltrabajo.cl\/portal\/wp-json\/wp\/v2\/media?parent=60455"}],"wp:term":[{"taxonomy":"category","embeddable":true,"href":"https:\/\/eltrabajo.cl\/portal\/wp-json\/wp\/v2\/categories?post=60455"},{"taxonomy":"post_tag","embeddable":true,"href":"https:\/\/eltrabajo.cl\/portal\/wp-json\/wp\/v2\/tags?post=60455"}],"curies":[{"name":"wp","href":"https:\/\/api.w.org\/{rel}","templated":true}]}}