{"id":60478,"date":"2015-07-30T09:43:46","date_gmt":"2015-07-30T12:43:46","guid":{"rendered":"http:\/\/www.eltrabajo.cl\/portal\/?p=60478"},"modified":"2015-07-30T09:43:46","modified_gmt":"2015-07-30T12:43:46","slug":"cuatro-anos-de-carcel-y-800-dias-de-reclusion-nocturna-para-contador","status":"publish","type":"post","link":"https:\/\/eltrabajo.cl\/portal\/cuatro-anos-de-carcel-y-800-dias-de-reclusion-nocturna-para-contador\/","title":{"rendered":"Cuatro a\u00f1os de c\u00e1rcel y 800 d\u00edas de reclusi\u00f3n nocturna para contador"},"content":{"rendered":"<figure id=\"attachment_60479\" aria-describedby=\"caption-attachment-60479\" style=\"width: 300px\" class=\"wp-caption alignleft\"><a href=\"https:\/\/i0.wp.com\/www.eltrabajo.cl\/portal\/wp-content\/uploads\/2015\/07\/Fiscal-Eduardo-Fajardo.jpg\"><img data-recalc-dims=\"1\" loading=\"lazy\" decoding=\"async\" class=\"wp-image-60479 size-medium\" src=\"https:\/\/i0.wp.com\/www.eltrabajo.cl\/portal\/wp-content\/uploads\/2015\/07\/Fiscal-Eduardo-Fajardo-300x198.jpg?resize=300%2C198\" alt=\"El Fiscal Jefe del Ministerio P\u00fablico de San Felipe, Eduardo Fajardo De La Cuba estuvo a cargo del caso.\" width=\"300\" height=\"198\" srcset=\"https:\/\/i0.wp.com\/eltrabajo.cl\/portal\/wp-content\/uploads\/2015\/07\/Fiscal-Eduardo-Fajardo.jpg?resize=300%2C198&amp;ssl=1 300w, https:\/\/i0.wp.com\/eltrabajo.cl\/portal\/wp-content\/uploads\/2015\/07\/Fiscal-Eduardo-Fajardo.jpg?resize=200%2C132&amp;ssl=1 200w, https:\/\/i0.wp.com\/eltrabajo.cl\/portal\/wp-content\/uploads\/2015\/07\/Fiscal-Eduardo-Fajardo.jpg?resize=227%2C150&amp;ssl=1 227w, https:\/\/i0.wp.com\/eltrabajo.cl\/portal\/wp-content\/uploads\/2015\/07\/Fiscal-Eduardo-Fajardo.jpg?resize=400%2C264&amp;ssl=1 400w, https:\/\/i0.wp.com\/eltrabajo.cl\/portal\/wp-content\/uploads\/2015\/07\/Fiscal-Eduardo-Fajardo.jpg?w=530&amp;ssl=1 530w\" sizes=\"auto, (max-width: 300px) 100vw, 300px\" \/><\/a><figcaption id=\"caption-attachment-60479\" class=\"wp-caption-text\">El Fiscal Jefe del Ministerio P\u00fablico de San Felipe, Eduardo Fajardo De La Cuba estuvo a cargo del caso.<\/figcaption><\/figure>\n<p>El Fiscal Jefe Eduardo Fajardo acus\u00f3 al actual sentenciado de apropiarse indebidamente del dinero cuando se desempe\u00f1aba como contador de la agr\u00edcola Sambros.<br \/>\nPor los delitos de estafa y hurto fue condenado a 4 a\u00f1os de c\u00e1rcel efectiva y a m\u00e1s de 800 d\u00edas de reclusi\u00f3n nocturna, el contador Luis Marcelo Fern\u00e1ndez Escobar, tras la realizaci\u00f3n de un juicio oral en su contra por apropiarse indebidamente de un total de 12 millones de pesos cuando se desempa\u00f1aba como profesional en la empresa Agr\u00edcola \u2018Sambros\u2019 en el sector de Curim\u00f3n de San Felipe.<br \/>\nEl Tribunal Oral en Lo Penal de San Felipe gener\u00f3 convicci\u00f3n tras las pruebas presentadas por el Fiscal Jefe del Ministerio P\u00fablico de San Felipe, Eduardo Fajardo, quien llev\u00f3 adelante las investigaciones del caso, acusando a Fern\u00e1ndez Escobar por los hechos cometidos durante el a\u00f1o 2012, cuando se desempe\u00f1aba como contador en esa empresa durante tres a\u00f1os.<br \/>\nLa Fiscal\u00eda expuso en las audiencias durante el juicio el modus operandi de este funcionario, actualmente condenado, quien durante su desempe\u00f1o en dicha empresa realiz\u00f3 un sobrepago a un contratista con una cantidad mayor de dinero, pagando en exceso determinadas facturas: \u201cLe dec\u00eda que se hab\u00eda equivocado en los montos, manifestando que para que su jefe no lo echara, le devolviera el dinero excedido. Figuraron millones de pesos a trav\u00e9s de un cheque, cuyo documento se encontraba abierto y lo cobraba por caja\u201d, detall\u00f3 el persecutor a Diario El Trabajo, agregando que de esta forma se apropi\u00f3 de una suma de dos millones de pesos.<br \/>\nPosteriormente, la din\u00e1mica que cometi\u00f3 el mismo contador era simular anticipos de pago de determinadas facturas de la Agr\u00edcola. \u201cDe esos anticipos no se efectuaban los pagos, sino que los cheques que emit\u00eda la empresa los cobraba por caja o los depositaba en cuentas de terceras personas. Adem\u00e1s, emiti\u00f3 otros cheques para el pago de las facturas, es decir amparaba en un pago real y a la vez amparaba anticipos ficticios que en definitiva iban a parar a su bolsillo\u201d, recalc\u00f3 el Fiscal Fajardo.<br \/>\nEl representante del Ministerio P\u00fablico acus\u00f3 al sentenciado por apropiaci\u00f3n indebida de un total de 12 millones de pesos ante los jueces del Tribunal Oral en Lo Penal de San Felipe, quien finalmente conden\u00f3 a Luis Fern\u00e1ndez Escobar por estafa y hurto a una pena de 4 a\u00f1os de c\u00e1rcel y 800 d\u00edas de reclusi\u00f3n nocturna, m\u00e1s el pago de 15 unidades tributarias mensuales que se traducen a $658.000 aproximadamente.<br \/>\nConocida la sentencia impuesta por este Tribunal, la Fiscal\u00eda se manifest\u00f3 conforme con la condena que se encuentra dentro de lo requerido en los alegatos de apertura del juicio oral. \u201cEstamos satisfechos con la condena, hab\u00edamos solicitado cuatro a\u00f1os en general, el Tribunal entendi\u00f3 ambas conductas y en este caso sentenci\u00f3 ambos delitos por separado\u201d, concluy\u00f3 Fajardo.<br \/>\nNo obstante existen diez d\u00edas para que la Defensa del sentenciado eval\u00fae la condena para eventualmente recurrir a la nulidad del juicio, sin embargo de no ser as\u00ed la sentencia quedar\u00e1 firme y ejecutoriada.<br \/>\n<strong>Pablo Salinas Sald\u00edas<\/strong><\/p>\n","protected":false},"excerpt":{"rendered":"<p>El Fiscal Jefe Eduardo Fajardo acus\u00f3 al actual sentenciado de apropiarse indebidamente del dinero cuando se desempe\u00f1aba como contador de la agr\u00edcola Sambros. Por los delitos de estafa y hurto fue condenado&#8230;<\/p>\n","protected":false},"author":482,"featured_media":60479,"comment_status":"open","ping_status":"open","sticky":false,"template":"","format":"standard","meta":{"advanced_seo_description":"","jetpack_seo_html_title":"","jetpack_seo_noindex":false,"_jetpack_memberships_contains_paid_content":false,"footnotes":""},"categories":[21],"tags":[],"class_list":["post-60478","post","type-post","status-publish","format-standard","has-post-thumbnail","hentry","category-policial"],"jetpack_featured_media_url":"https:\/\/i0.wp.com\/eltrabajo.cl\/portal\/wp-content\/uploads\/2015\/07\/Fiscal-Eduardo-Fajardo.jpg?fit=530%2C350&ssl=1","jetpack_sharing_enabled":true,"jetpack_likes_enabled":true,"jetpack-related-posts":[],"_links":{"self":[{"href":"https:\/\/eltrabajo.cl\/portal\/wp-json\/wp\/v2\/posts\/60478","targetHints":{"allow":["GET"]}}],"collection":[{"href":"https:\/\/eltrabajo.cl\/portal\/wp-json\/wp\/v2\/posts"}],"about":[{"href":"https:\/\/eltrabajo.cl\/portal\/wp-json\/wp\/v2\/types\/post"}],"author":[{"embeddable":true,"href":"https:\/\/eltrabajo.cl\/portal\/wp-json\/wp\/v2\/users\/482"}],"replies":[{"embeddable":true,"href":"https:\/\/eltrabajo.cl\/portal\/wp-json\/wp\/v2\/comments?post=60478"}],"version-history":[{"count":0,"href":"https:\/\/eltrabajo.cl\/portal\/wp-json\/wp\/v2\/posts\/60478\/revisions"}],"wp:featuredmedia":[{"embeddable":true,"href":"https:\/\/eltrabajo.cl\/portal\/wp-json\/wp\/v2\/media\/60479"}],"wp:attachment":[{"href":"https:\/\/eltrabajo.cl\/portal\/wp-json\/wp\/v2\/media?parent=60478"}],"wp:term":[{"taxonomy":"category","embeddable":true,"href":"https:\/\/eltrabajo.cl\/portal\/wp-json\/wp\/v2\/categories?post=60478"},{"taxonomy":"post_tag","embeddable":true,"href":"https:\/\/eltrabajo.cl\/portal\/wp-json\/wp\/v2\/tags?post=60478"}],"curies":[{"name":"wp","href":"https:\/\/api.w.org\/{rel}","templated":true}]}}