{"id":60481,"date":"2015-07-30T09:46:02","date_gmt":"2015-07-30T12:46:02","guid":{"rendered":"http:\/\/www.eltrabajo.cl\/portal\/?p=60481"},"modified":"2015-07-30T09:46:02","modified_gmt":"2015-07-30T12:46:02","slug":"encapuchados-encienden-barricadas-y-se-enfrentan-con-carabineros","status":"publish","type":"post","link":"https:\/\/eltrabajo.cl\/portal\/encapuchados-encienden-barricadas-y-se-enfrentan-con-carabineros\/","title":{"rendered":"Encapuchados encienden barricadas y se enfrentan con Carabineros"},"content":{"rendered":"<figure id=\"attachment_60482\" aria-describedby=\"caption-attachment-60482\" style=\"width: 300px\" class=\"wp-caption alignleft\"><a href=\"https:\/\/i0.wp.com\/www.eltrabajo.cl\/portal\/wp-content\/uploads\/2015\/07\/barricada-1.jpg\"><img data-recalc-dims=\"1\" loading=\"lazy\" decoding=\"async\" class=\"wp-image-60482 size-medium\" src=\"https:\/\/i0.wp.com\/www.eltrabajo.cl\/portal\/wp-content\/uploads\/2015\/07\/barricada-1-300x197.jpg?resize=300%2C197\" alt=\"Carabineros, al concurrir al lugar de los disturbios, fue agredido por estudiantes de la Upla quienes los recibieron con pedradas, botellas con pintura y otros elementos contundentes.\" width=\"300\" height=\"197\" srcset=\"https:\/\/i0.wp.com\/eltrabajo.cl\/portal\/wp-content\/uploads\/2015\/07\/barricada-1.jpg?resize=300%2C197&amp;ssl=1 300w, https:\/\/i0.wp.com\/eltrabajo.cl\/portal\/wp-content\/uploads\/2015\/07\/barricada-1.jpg?resize=200%2C131&amp;ssl=1 200w, https:\/\/i0.wp.com\/eltrabajo.cl\/portal\/wp-content\/uploads\/2015\/07\/barricada-1.jpg?resize=228%2C150&amp;ssl=1 228w, https:\/\/i0.wp.com\/eltrabajo.cl\/portal\/wp-content\/uploads\/2015\/07\/barricada-1.jpg?resize=400%2C263&amp;ssl=1 400w, https:\/\/i0.wp.com\/eltrabajo.cl\/portal\/wp-content\/uploads\/2015\/07\/barricada-1.jpg?w=530&amp;ssl=1 530w\" sizes=\"auto, (max-width: 300px) 100vw, 300px\" \/><\/a><figcaption id=\"caption-attachment-60482\" class=\"wp-caption-text\">Carabineros, al concurrir al lugar de los disturbios, fue agredido por estudiantes de la Upla quienes los recibieron con pedradas, botellas con pintura y otros elementos contundentes.<\/figcaption><\/figure>\n<ul>\n<li><strong>Desconocidos se refugiaron al interior de la Universidad de Playa Ancha.<\/strong><\/li>\n<\/ul>\n<p>Nuevamente, y por segunda vez en lo que va corrido de este mes, pasadas las siete de la ma\u00f1ana de ayer mi\u00e9rcoles, un n\u00famero indeterminado de desconocidos encendieron barricadas en las intersecciones de calle Prat y avenida Maip\u00fa, lo que hizo necesaria la intervenci\u00f3n de Carabineros en el lugar.<br \/>\nLos hechos se registraron pasadas las siete de la ma\u00f1ana cuando, seg\u00fan testigos, un grupo de desconocidos a rostro cubierto procedieron a encender tres barricadas en avenida Maip\u00fa, para acto seguido, darse a la fuga.<br \/>\nPosteriormente, pasadas las ocho de la ma\u00f1ana, nuevamente un grupo indeterminado de encapuchados, estudiantes de la Universidad de Playa Ancha, procedieron a encender nuevas barricadas esta vez en calle Benigno Caldera, entorpeciendo el transito hasta donde debi\u00f3 concurrir personal de Carabineros, para intentar despejar la v\u00eda, pero fueron recibidos con pedradas, botellas con pintura y otros elementos contundentes, los que eran arrojados por los manifestantes que se encontraban parapetados al interior de la casa de estudios.<br \/>\nA consecuencia de lo anterior, personal de Carabineros debi\u00f3 utilizar Bombas Lacrim\u00f3genas, lo que permiti\u00f3 a efectivos policiales despejar la calzada, sin que se registraran personas lesionadas.<br \/>\nPor esta raz\u00f3n, un estudiante de la carrera de pedagog\u00eda de 23 a\u00f1os fue detenido y trasladado a la segunda comisaria, quedando apercibido por el art\u00edculo 26 en espera de citaci\u00f3n de la fiscal\u00eda.<br \/>\nMaureen Espinoza, Mayor de Carabineros, detall\u00f3 los hechos antes descritos, se\u00f1alando que \u201cQuisiera referirme a los da\u00f1os causados por los estudiantes de la Upla tanto a los vecinos como a la propiedad fiscal, espec\u00edficamente a los veh\u00edculos de Carabineros, los que est\u00e1n para justamente servir a la comunidad. En este sentido, ser tajante en que una cosa es manifestarse, y todos tenemos derecho a ello, pero lamentablemente ocasionaron graves trastornos al tr\u00e1nsito, en horario en que una gran cantidad de estudiantes se dirigen a los establecimientos educacionales, y los j\u00f3venes manifestantes de la Universidad de Playa Ancha se manifestaron encapuchados, lanzando diferentes elementos los funcionarios de Carabineros, y con la finalidad de replegarlos fueron concentrados donde hicieran el menor da\u00f1o posible, no logrando lamentablemente, contactarnos con directivos de la Universidad, para autorizar a nuestro personal a ingresar al recinto y as\u00ed habilitar este centro de educaci\u00f3n superior, siendo preocupante la agresividad y el vocabulario utilizado por nuestros futuros profesores\u201d, sentenci\u00f3 la Oficial.<\/p>\n<div class=\"tiled-gallery type-rectangular tiled-gallery-unresized\" data-original-width=\"640\" data-carousel-extra='null' itemscope itemtype=\"http:\/\/schema.org\/ImageGallery\" > <div class=\"gallery-row\" style=\"width: 640px; height: 212px;\" data-original-width=\"640\" data-original-height=\"212\" > <div class=\"gallery-group images-1\" style=\"width: 319px; height: 212px;\" data-original-width=\"319\" data-original-height=\"212\" > <div class=\"tiled-gallery-item tiled-gallery-item-large\" itemprop=\"associatedMedia\" itemscope itemtype=\"http:\/\/schema.org\/ImageObject\"> <a href=\"https:\/\/eltrabajo.cl\/portal\/encapuchados-encienden-barricadas-y-se-enfrentan-con-carabineros\/barricadas-3\/\" border=\"0\" itemprop=\"url\"> <meta itemprop=\"width\" content=\"315\"> <meta itemprop=\"height\" content=\"208\"> <img decoding=\"async\" class=\"\" data-attachment-id=\"60484\" data-orig-file=\"https:\/\/eltrabajo.cl\/portal\/wp-content\/uploads\/2015\/07\/barricadas-3.jpg\" data-orig-size=\"530,350\" data-comments-opened=\"1\" data-image-meta=\"{&quot;aperture&quot;:&quot;0&quot;,&quot;credit&quot;:&quot;&quot;,&quot;camera&quot;:&quot;&quot;,&quot;caption&quot;:&quot;&quot;,&quot;created_timestamp&quot;:&quot;0&quot;,&quot;copyright&quot;:&quot;&quot;,&quot;focal_length&quot;:&quot;0&quot;,&quot;iso&quot;:&quot;0&quot;,&quot;shutter_speed&quot;:&quot;0&quot;,&quot;title&quot;:&quot;&quot;,&quot;orientation&quot;:&quot;0&quot;}\" data-image-title=\"barricadas 3\" data-image-description=\"&lt;p&gt;Durante la ma\u00f1ana de ayer mi\u00e9rcoles, encapuchados encendieron barricadas en diversos puntos de la ciudad, haciendo necesaria la intervenci\u00f3n de Carabineros.&lt;\/p&gt; \" data-medium-file=\"https:\/\/i0.wp.com\/eltrabajo.cl\/portal\/wp-content\/uploads\/2015\/07\/barricadas-3.jpg?fit=300%2C198&#038;ssl=1\" data-large-file=\"https:\/\/i0.wp.com\/eltrabajo.cl\/portal\/wp-content\/uploads\/2015\/07\/barricadas-3.jpg?fit=530%2C350&#038;ssl=1\" src=\"https:\/\/i0.wp.com\/eltrabajo.cl\/portal\/wp-content\/uploads\/2015\/07\/barricadas-3.jpg?w=315&#038;h=208&#038;ssl=1\" srcset=\"https:\/\/i0.wp.com\/eltrabajo.cl\/portal\/wp-content\/uploads\/2015\/07\/barricadas-3.jpg?w=530&amp;ssl=1 530w, https:\/\/i0.wp.com\/eltrabajo.cl\/portal\/wp-content\/uploads\/2015\/07\/barricadas-3.jpg?resize=200%2C132&amp;ssl=1 200w, https:\/\/i0.wp.com\/eltrabajo.cl\/portal\/wp-content\/uploads\/2015\/07\/barricadas-3.jpg?resize=300%2C198&amp;ssl=1 300w, https:\/\/i0.wp.com\/eltrabajo.cl\/portal\/wp-content\/uploads\/2015\/07\/barricadas-3.jpg?resize=227%2C150&amp;ssl=1 227w, https:\/\/i0.wp.com\/eltrabajo.cl\/portal\/wp-content\/uploads\/2015\/07\/barricadas-3.jpg?resize=400%2C264&amp;ssl=1 400w\" width=\"315\" height=\"208\" loading=\"lazy\" data-original-width=\"315\" data-original-height=\"208\" itemprop=\"http:\/\/schema.org\/image\" title=\"barricadas 3\" alt=\"Durante la ma\u00f1ana de ayer mi\u00e9rcoles, encapuchados encendieron barricadas en diversos puntos de la ciudad, haciendo necesaria la intervenci\u00f3n de Carabineros.\" style=\"width: 315px; height: 208px;\" \/> <\/a> <div class=\"tiled-gallery-caption\" itemprop=\"caption description\"> Durante la ma\u00f1ana de ayer mi\u00e9rcoles, encapuchados encendieron barricadas en diversos puntos de la ciudad, haciendo necesaria la intervenci\u00f3n de Carabineros. <\/div> <\/div> <\/div> <!-- close group --> <div class=\"gallery-group images-1\" style=\"width: 321px; height: 212px;\" data-original-width=\"321\" data-original-height=\"212\" > <div class=\"tiled-gallery-item tiled-gallery-item-large\" itemprop=\"associatedMedia\" itemscope itemtype=\"http:\/\/schema.org\/ImageObject\"> <a href=\"https:\/\/eltrabajo.cl\/portal\/encapuchados-encienden-barricadas-y-se-enfrentan-con-carabineros\/barricadas-2-3\/\" border=\"0\" itemprop=\"url\"> <meta itemprop=\"width\" content=\"317\"> <meta itemprop=\"height\" content=\"208\"> <img decoding=\"async\" class=\"\" data-attachment-id=\"60483\" data-orig-file=\"https:\/\/eltrabajo.cl\/portal\/wp-content\/uploads\/2015\/07\/barricadas-2.jpg\" data-orig-size=\"530,348\" data-comments-opened=\"1\" data-image-meta=\"{&quot;aperture&quot;:&quot;0&quot;,&quot;credit&quot;:&quot;&quot;,&quot;camera&quot;:&quot;&quot;,&quot;caption&quot;:&quot;&quot;,&quot;created_timestamp&quot;:&quot;0&quot;,&quot;copyright&quot;:&quot;&quot;,&quot;focal_length&quot;:&quot;0&quot;,&quot;iso&quot;:&quot;0&quot;,&quot;shutter_speed&quot;:&quot;0&quot;,&quot;title&quot;:&quot;&quot;,&quot;orientation&quot;:&quot;0&quot;}\" data-image-title=\"barricadas 2\" data-image-description=\"&lt;p&gt;Luego de que encapuchados lanzaran elementos contundentes a Carabineros, Personal Policial debi\u00f3 utilizar Bombas Lacrim\u00f3genas, permiti\u00e9ndoles despejar la calzada, sin que se registraran personas lesionadas.&lt;\/p&gt; \" data-medium-file=\"https:\/\/i0.wp.com\/eltrabajo.cl\/portal\/wp-content\/uploads\/2015\/07\/barricadas-2.jpg?fit=300%2C197&#038;ssl=1\" data-large-file=\"https:\/\/i0.wp.com\/eltrabajo.cl\/portal\/wp-content\/uploads\/2015\/07\/barricadas-2.jpg?fit=530%2C348&#038;ssl=1\" src=\"https:\/\/i0.wp.com\/eltrabajo.cl\/portal\/wp-content\/uploads\/2015\/07\/barricadas-2.jpg?w=317&#038;h=208&#038;ssl=1\" srcset=\"https:\/\/i0.wp.com\/eltrabajo.cl\/portal\/wp-content\/uploads\/2015\/07\/barricadas-2.jpg?w=530&amp;ssl=1 530w, https:\/\/i0.wp.com\/eltrabajo.cl\/portal\/wp-content\/uploads\/2015\/07\/barricadas-2.jpg?resize=200%2C131&amp;ssl=1 200w, https:\/\/i0.wp.com\/eltrabajo.cl\/portal\/wp-content\/uploads\/2015\/07\/barricadas-2.jpg?resize=300%2C197&amp;ssl=1 300w, https:\/\/i0.wp.com\/eltrabajo.cl\/portal\/wp-content\/uploads\/2015\/07\/barricadas-2.jpg?resize=228%2C150&amp;ssl=1 228w, https:\/\/i0.wp.com\/eltrabajo.cl\/portal\/wp-content\/uploads\/2015\/07\/barricadas-2.jpg?resize=400%2C263&amp;ssl=1 400w\" width=\"317\" height=\"208\" loading=\"lazy\" data-original-width=\"317\" data-original-height=\"208\" itemprop=\"http:\/\/schema.org\/image\" title=\"barricadas 2\" alt=\"Luego de que encapuchados lanzaran elementos contundentes a Carabineros, Personal Policial debi\u00f3 utilizar Bombas Lacrim\u00f3genas, permiti\u00e9ndoles despejar la calzada, sin que se registraran personas lesionadas.\" style=\"width: 317px; height: 208px;\" \/> <\/a> <div class=\"tiled-gallery-caption\" itemprop=\"caption description\"> Luego de que encapuchados lanzaran elementos contundentes a Carabineros, Personal Policial debi\u00f3 utilizar Bombas Lacrim\u00f3genas, permiti\u00e9ndoles despejar la calzada, sin que se registraran personas lesionadas. <\/div> <\/div> <\/div> <!-- close group --> <\/div> <!-- close row --> <\/div>\n","protected":false},"excerpt":{"rendered":"<p>Desconocidos se refugiaron al interior de la Universidad de Playa Ancha. Nuevamente, y por segunda vez en lo que va corrido de este mes, pasadas las siete de la ma\u00f1ana de ayer&#8230;<\/p>\n","protected":false},"author":482,"featured_media":60482,"comment_status":"open","ping_status":"open","sticky":false,"template":"","format":"standard","meta":{"advanced_seo_description":"","jetpack_seo_html_title":"","jetpack_seo_noindex":false,"_jetpack_memberships_contains_paid_content":false,"footnotes":""},"categories":[21],"tags":[],"class_list":["post-60481","post","type-post","status-publish","format-standard","has-post-thumbnail","hentry","category-policial"],"jetpack_featured_media_url":"https:\/\/i0.wp.com\/eltrabajo.cl\/portal\/wp-content\/uploads\/2015\/07\/barricada-1.jpg?fit=530%2C348&ssl=1","jetpack_sharing_enabled":true,"jetpack_likes_enabled":true,"jetpack-related-posts":[],"_links":{"self":[{"href":"https:\/\/eltrabajo.cl\/portal\/wp-json\/wp\/v2\/posts\/60481","targetHints":{"allow":["GET"]}}],"collection":[{"href":"https:\/\/eltrabajo.cl\/portal\/wp-json\/wp\/v2\/posts"}],"about":[{"href":"https:\/\/eltrabajo.cl\/portal\/wp-json\/wp\/v2\/types\/post"}],"author":[{"embeddable":true,"href":"https:\/\/eltrabajo.cl\/portal\/wp-json\/wp\/v2\/users\/482"}],"replies":[{"embeddable":true,"href":"https:\/\/eltrabajo.cl\/portal\/wp-json\/wp\/v2\/comments?post=60481"}],"version-history":[{"count":0,"href":"https:\/\/eltrabajo.cl\/portal\/wp-json\/wp\/v2\/posts\/60481\/revisions"}],"wp:featuredmedia":[{"embeddable":true,"href":"https:\/\/eltrabajo.cl\/portal\/wp-json\/wp\/v2\/media\/60482"}],"wp:attachment":[{"href":"https:\/\/eltrabajo.cl\/portal\/wp-json\/wp\/v2\/media?parent=60481"}],"wp:term":[{"taxonomy":"category","embeddable":true,"href":"https:\/\/eltrabajo.cl\/portal\/wp-json\/wp\/v2\/categories?post=60481"},{"taxonomy":"post_tag","embeddable":true,"href":"https:\/\/eltrabajo.cl\/portal\/wp-json\/wp\/v2\/tags?post=60481"}],"curies":[{"name":"wp","href":"https:\/\/api.w.org\/{rel}","templated":true}]}}