{"id":60486,"date":"2015-07-30T09:47:58","date_gmt":"2015-07-30T12:47:58","guid":{"rendered":"http:\/\/www.eltrabajo.cl\/portal\/?p=60486"},"modified":"2015-07-30T09:47:58","modified_gmt":"2015-07-30T12:47:58","slug":"este-sabado-se-inicia-programa-de-esterilizacion-de-mascotas-e-implantacion-de-chip-identificatorios","status":"publish","type":"post","link":"https:\/\/eltrabajo.cl\/portal\/este-sabado-se-inicia-programa-de-esterilizacion-de-mascotas-e-implantacion-de-chip-identificatorios\/","title":{"rendered":"Este s\u00e1bado se inicia programa de esterilizaci\u00f3n de mascotas e implantaci\u00f3n de chip identificatorios"},"content":{"rendered":"<figure id=\"attachment_60487\" aria-describedby=\"caption-attachment-60487\" style=\"width: 300px\" class=\"wp-caption alignleft\"><a href=\"https:\/\/i0.wp.com\/www.eltrabajo.cl\/portal\/wp-content\/uploads\/2015\/07\/mariana-bravo.jpg\"><img data-recalc-dims=\"1\" loading=\"lazy\" decoding=\"async\" class=\"wp-image-60487 size-medium\" src=\"https:\/\/i0.wp.com\/www.eltrabajo.cl\/portal\/wp-content\/uploads\/2015\/07\/mariana-bravo-300x197.jpg?resize=300%2C197\" alt=\"Mariana Bravo, encargada de Programa de Tenencia Responsable de la Municipalidad de San Felipe.\" width=\"300\" height=\"197\" srcset=\"https:\/\/i0.wp.com\/eltrabajo.cl\/portal\/wp-content\/uploads\/2015\/07\/mariana-bravo.jpg?resize=300%2C197&amp;ssl=1 300w, https:\/\/i0.wp.com\/eltrabajo.cl\/portal\/wp-content\/uploads\/2015\/07\/mariana-bravo.jpg?resize=200%2C131&amp;ssl=1 200w, https:\/\/i0.wp.com\/eltrabajo.cl\/portal\/wp-content\/uploads\/2015\/07\/mariana-bravo.jpg?resize=228%2C150&amp;ssl=1 228w, https:\/\/i0.wp.com\/eltrabajo.cl\/portal\/wp-content\/uploads\/2015\/07\/mariana-bravo.jpg?resize=400%2C263&amp;ssl=1 400w, https:\/\/i0.wp.com\/eltrabajo.cl\/portal\/wp-content\/uploads\/2015\/07\/mariana-bravo.jpg?w=530&amp;ssl=1 530w\" sizes=\"auto, (max-width: 300px) 100vw, 300px\" \/><\/a><figcaption id=\"caption-attachment-60487\" class=\"wp-caption-text\">Mariana Bravo, encargada de Programa de Tenencia Responsable de la Municipalidad de San Felipe.<\/figcaption><\/figure>\n<ul>\n<li><strong>Iniciativa impulsada por la municipalidad de San Felipe, partir\u00e1 en la Poblaci\u00f3n Hacienda de Quilpu\u00e9, debiendo inscribirse en el correo electr\u00f3nico mbravo@sanfe.cl aquellos interesados en esterilizar a sus mascotas.<\/strong><\/li>\n<\/ul>\n<p>En la sede comunitaria de la Poblaci\u00f3n Hacienda de Quilpu\u00e9, se iniciar\u00e1 este s\u00e1bado el programa de esterilizaci\u00f3n de mascotas para animalitos con due\u00f1o, en el marco del Programa de Tenencia Responsable que impulsa la municipalidad de San Felipe.<br \/>\nLa informaci\u00f3n la entreg\u00f3 la encargada de este programa, Mariana Bravo, quien se\u00f1al\u00f3 que dos veces por mes se realizar\u00e1n estas acciones de esterilizaci\u00f3n, para lo cual los interesados, due\u00f1os responsables de gatos y perros, deben inscribirse enviando un correo electr\u00f3nico a mbravo@sanfe.cl.<br \/>\nEl programa de esterilizaci\u00f3n, contempla un cofinanciamiento, donde una parte la pagan los due\u00f1os responsables de las mascotas, quienes deben cancelar un monto de 10 mil pesos, siendo la otra parte cancelada por la corporaci\u00f3n edilicia.<br \/>\nLas intervenciones quir\u00fargicas de perritos y gatitos, estar\u00e1 a cargo del m\u00e9dico veterinario Santiago Gaviola, de la Agrupaci\u00f3n Esteriliza no abandones Chile.<br \/>\nA las mascotas que sean esterilizadas, adem\u00e1s, se les implantar\u00e1 un chip identificatorio que permitir\u00e1 su ingreso al registro de tenencia responsable de mascotas de la comuna de San Felipe, as\u00ed como al registro nacional de mascotas. Del mismo modo, se les dar\u00e1 una medalla QR, que ser\u00e1 de gran utilidad, sobre todo en caso de p\u00e9rdida o robo.<br \/>\nEl pr\u00f3ximo operativo se realizar\u00e1 el 22 de agosto, en un sector por confirmar, pero a\u00fan as\u00ed, las inscripciones est\u00e1n abiertas en el correo electr\u00f3nico mbravo@sanfe.cl<br \/>\nMariana Bravo destac\u00f3 el profesionalismo y compromiso de la agrupaci\u00f3n Esteriliza No Abandones Chile, de Santiago, que ha trabajado de manera coordinada con el municipio, lo mismo que las agrupaciones de voluntarios animalistas de la comuna, quienes han participado activa y entusiastamente, en este proceso orientado a fomentar la tenencia responsable de mascotas de San Felipe.<br \/>\nEste es un programa impulsado por el alcalde Patricio Freire, quien ha potenciado el trabajo junto a los voluntarios y a las agrupaciones animalistas a nivel local y nacional.<\/p>\n","protected":false},"excerpt":{"rendered":"<p>Iniciativa impulsada por la municipalidad de San Felipe, partir\u00e1 en la Poblaci\u00f3n Hacienda de Quilpu\u00e9, debiendo inscribirse en el correo electr\u00f3nico mbravo@sanfe.cl aquellos interesados en esterilizar a sus mascotas. En la sede&#8230;<\/p>\n","protected":false},"author":482,"featured_media":60487,"comment_status":"open","ping_status":"open","sticky":false,"template":"","format":"standard","meta":{"advanced_seo_description":"","jetpack_seo_html_title":"","jetpack_seo_noindex":false,"_jetpack_memberships_contains_paid_content":false,"footnotes":""},"categories":[15],"tags":[],"class_list":["post-60486","post","type-post","status-publish","format-standard","has-post-thumbnail","hentry","category-comunidad"],"jetpack_featured_media_url":"https:\/\/i0.wp.com\/eltrabajo.cl\/portal\/wp-content\/uploads\/2015\/07\/mariana-bravo.jpg?fit=530%2C348&ssl=1","jetpack_sharing_enabled":true,"jetpack_likes_enabled":true,"jetpack-related-posts":[],"_links":{"self":[{"href":"https:\/\/eltrabajo.cl\/portal\/wp-json\/wp\/v2\/posts\/60486","targetHints":{"allow":["GET"]}}],"collection":[{"href":"https:\/\/eltrabajo.cl\/portal\/wp-json\/wp\/v2\/posts"}],"about":[{"href":"https:\/\/eltrabajo.cl\/portal\/wp-json\/wp\/v2\/types\/post"}],"author":[{"embeddable":true,"href":"https:\/\/eltrabajo.cl\/portal\/wp-json\/wp\/v2\/users\/482"}],"replies":[{"embeddable":true,"href":"https:\/\/eltrabajo.cl\/portal\/wp-json\/wp\/v2\/comments?post=60486"}],"version-history":[{"count":0,"href":"https:\/\/eltrabajo.cl\/portal\/wp-json\/wp\/v2\/posts\/60486\/revisions"}],"wp:featuredmedia":[{"embeddable":true,"href":"https:\/\/eltrabajo.cl\/portal\/wp-json\/wp\/v2\/media\/60487"}],"wp:attachment":[{"href":"https:\/\/eltrabajo.cl\/portal\/wp-json\/wp\/v2\/media?parent=60486"}],"wp:term":[{"taxonomy":"category","embeddable":true,"href":"https:\/\/eltrabajo.cl\/portal\/wp-json\/wp\/v2\/categories?post=60486"},{"taxonomy":"post_tag","embeddable":true,"href":"https:\/\/eltrabajo.cl\/portal\/wp-json\/wp\/v2\/tags?post=60486"}],"curies":[{"name":"wp","href":"https:\/\/api.w.org\/{rel}","templated":true}]}}