{"id":60489,"date":"2015-07-30T09:50:34","date_gmt":"2015-07-30T12:50:34","guid":{"rendered":"http:\/\/www.eltrabajo.cl\/portal\/?p=60489"},"modified":"2015-07-30T09:50:34","modified_gmt":"2015-07-30T12:50:34","slug":"mujer-denuncia-violacion-por-desconocido-al-interior-de-su-propia-vivienda","status":"publish","type":"post","link":"https:\/\/eltrabajo.cl\/portal\/mujer-denuncia-violacion-por-desconocido-al-interior-de-su-propia-vivienda\/","title":{"rendered":"Mujer denuncia violaci\u00f3n por desconocido al interior de su propia vivienda"},"content":{"rendered":"<figure id=\"attachment_60490\" aria-describedby=\"caption-attachment-60490\" style=\"width: 300px\" class=\"wp-caption alignleft\"><a href=\"https:\/\/i0.wp.com\/www.eltrabajo.cl\/portal\/wp-content\/uploads\/2015\/07\/aviso-violacion.jpg\"><img data-recalc-dims=\"1\" loading=\"lazy\" decoding=\"async\" class=\"wp-image-60490 size-medium\" src=\"https:\/\/i0.wp.com\/www.eltrabajo.cl\/portal\/wp-content\/uploads\/2015\/07\/aviso-violacion-300x197.jpg?resize=300%2C197\" alt=\"A trav\u00e9s de este posteo en la p\u00e1gina Datos San Felipe y Los Andes, se conocieron los primeros antecedentes de este deleznable hecho.\" width=\"300\" height=\"197\" srcset=\"https:\/\/i0.wp.com\/eltrabajo.cl\/portal\/wp-content\/uploads\/2015\/07\/aviso-violacion.jpg?resize=300%2C197&amp;ssl=1 300w, https:\/\/i0.wp.com\/eltrabajo.cl\/portal\/wp-content\/uploads\/2015\/07\/aviso-violacion.jpg?resize=200%2C131&amp;ssl=1 200w, https:\/\/i0.wp.com\/eltrabajo.cl\/portal\/wp-content\/uploads\/2015\/07\/aviso-violacion.jpg?resize=228%2C150&amp;ssl=1 228w, https:\/\/i0.wp.com\/eltrabajo.cl\/portal\/wp-content\/uploads\/2015\/07\/aviso-violacion.jpg?resize=400%2C263&amp;ssl=1 400w, https:\/\/i0.wp.com\/eltrabajo.cl\/portal\/wp-content\/uploads\/2015\/07\/aviso-violacion.jpg?w=530&amp;ssl=1 530w\" sizes=\"auto, (max-width: 300px) 100vw, 300px\" \/><\/a><figcaption id=\"caption-attachment-60490\" class=\"wp-caption-text\">A trav\u00e9s de este posteo en la p\u00e1gina Datos San Felipe y Los Andes, se conocieron los primeros antecedentes de este deleznable hecho.<\/figcaption><\/figure>\n<p>Carabineros reconoci\u00f3 denuncia formal aunque entreg\u00f3 una escueta informaci\u00f3n en torno al suceso.<br \/>\nUn condenable hecho se habr\u00eda registrado el pasado d\u00eda martes, en horas de la ma\u00f1ana, cuando en un domicilio ubicado en la Villa Bernardo Cruz en la comuna de San Felipe, una mujer mayor de edad habr\u00eda sido violentada sexualmente por un desconocido, el que minutos antes hab\u00eda sido visto merodeando el sector.<br \/>\nEl hecho fue confirmado por Carabineros que reconoci\u00f3 la existencia de una denuncia formal realizada en la Segunda Comisaria por la propia afectada, quien se\u00f1al\u00f3 haber divisado desde el interior de su domicilio a un sujeto desconocido que merodeaba el sector, raz\u00f3n por la cual decide salir del inmueble a verificar, instante en el que fue abordada por el delincuente, el que mediante la utilizaci\u00f3n de la fuerza la oblig\u00f3 a ingresar a la vivienda, procediendo a consumar el delito.<br \/>\nConsultada la Mayor Maureen Espinoza, Comisario de Carabineros, se\u00f1al\u00f3 en primer lugar que \u201ceste tipo de delitos causan una gran conmoci\u00f3n p\u00fablica, por lo tanto nos vamos a reservar todos los antecedentes de detalles. Sin embargo tengo que confirmar que Carabineros de San Felipe recibi\u00f3 una denuncia por delito de violaci\u00f3n que afecta a una mujer mayor de edad y que ocurri\u00f3 en la villa Bernardo Cruz\u201d.<br \/>\n<strong>&#8211; \u00bfC\u00f3mo se habr\u00edan producido los hechos?<\/strong><br \/>\n<strong>&#8211;<\/strong> Este hecho sucede lamentablemente en el interior del domicilio, la mujer mayor de edad visualiza desde el interior un individuo que merodea en el sector, quien posteriormente y mediante la fuerza la obliga a ingresar al inmueble, procediendo a acceder carnalmente a ella.<br \/>\n<strong>&#8211; \u00bfSe entreg\u00f3 alguna descripci\u00f3n del sujeto?<\/strong><br \/>\n<strong>&#8211;<\/strong> La descripci\u00f3n es muy superficial, por cuanto la mujer se encuentra muy afectada por el hecho, siendo trasladada por personal de Carabineros al Hospital San Camilo para la constataci\u00f3n de lesiones, esperando que la fiscal\u00eda disponga todos los cursos de acci\u00f3n investigativos para tratar de dilucidar qui\u00e9n es el responsable de este hecho.<br \/>\n<strong>&#8211; \u00bfC\u00f3mo accede este sujeto a la casa?<\/strong><br \/>\n<strong>&#8211;<\/strong> La propietaria del inmueble sale al sector preocupada porque este individuo merodeaba su inmueble y en esas circunstancias es tomada por la fuerza e ingresada al interior del domicilio.<br \/>\nFinalmente, Maureen Espinoza formul\u00f3 un llamado a la comunidad, \u201cque ante la observancia de alg\u00fan individuo que le presente alguna caracter\u00edstica sospechosa, merodeando cualquier sector, se comunique inmediatamente con Carabineros, idealmente con personal del plan cuadrante y seguridad preventiva, y en ning\u00fan caso salir de sus domicilios para enfrentarlos personalmente\u201d, sentenci\u00f3 la Oficial.<\/p>\n<p><strong>PRIMEROS ANTECEDENTES<\/strong><br \/>\nCabe destacar que el hecho se conoci\u00f3 a trav\u00e9s de las redes sociales. En el caso de Diario El Trabajo, la alerta nos lleg\u00f3 de lectores a trav\u00e9s del correo y de nuestra secci\u00f3n \u00abPeriodismo Ciudadano\u00bb en nuestro portal web eltrabajo.cl, donde nos informaban que espec\u00edficamente en la p\u00e1gina &#8216;Datos de San Felipe y Los Andes&#8217;, una mujer daba cuenta de lo sucedido a una amiga y llamaba a tener cuidado.<br \/>\n<strong>El texto del mensaje se\u00f1alaba textualmente:<\/strong><br \/>\nAVISO IMPORTANTE!! Ayer siendo las 8 de la ma\u00f1ana m\u00e1s menos golpearon la puerta de la casa de mi amiga ubicada en la calle (X) de la Bernardo Cruz, y ella pensando que su hija se hab\u00eda devuelto a buscar algo, sin pensar abri\u00f3 y entr\u00f3 un desgraciado maldito y sin piedad la viol\u00f3 y la golpe\u00f3, este maldito andaba con pasa monta\u00f1a m\u00e1s menos de 1 metro 70 contextura delgada. Por favor si alguien vio algo extra\u00f1o, avisar por este medio, nadie est\u00e1 libre. CUIDADO sobre todo con nuestros hijos.<\/p>\n","protected":false},"excerpt":{"rendered":"<p>Carabineros reconoci\u00f3 denuncia formal aunque entreg\u00f3 una escueta informaci\u00f3n en torno al suceso. Un condenable hecho se habr\u00eda registrado el pasado d\u00eda martes, en horas de la ma\u00f1ana, cuando en un domicilio&#8230;<\/p>\n","protected":false},"author":482,"featured_media":60490,"comment_status":"open","ping_status":"open","sticky":false,"template":"","format":"standard","meta":{"advanced_seo_description":"","jetpack_seo_html_title":"","jetpack_seo_noindex":false,"_jetpack_memberships_contains_paid_content":false,"footnotes":""},"categories":[21],"tags":[],"class_list":["post-60489","post","type-post","status-publish","format-standard","has-post-thumbnail","hentry","category-policial"],"jetpack_featured_media_url":"https:\/\/i0.wp.com\/eltrabajo.cl\/portal\/wp-content\/uploads\/2015\/07\/aviso-violacion.jpg?fit=530%2C348&ssl=1","jetpack_sharing_enabled":true,"jetpack_likes_enabled":true,"jetpack-related-posts":[],"_links":{"self":[{"href":"https:\/\/eltrabajo.cl\/portal\/wp-json\/wp\/v2\/posts\/60489","targetHints":{"allow":["GET"]}}],"collection":[{"href":"https:\/\/eltrabajo.cl\/portal\/wp-json\/wp\/v2\/posts"}],"about":[{"href":"https:\/\/eltrabajo.cl\/portal\/wp-json\/wp\/v2\/types\/post"}],"author":[{"embeddable":true,"href":"https:\/\/eltrabajo.cl\/portal\/wp-json\/wp\/v2\/users\/482"}],"replies":[{"embeddable":true,"href":"https:\/\/eltrabajo.cl\/portal\/wp-json\/wp\/v2\/comments?post=60489"}],"version-history":[{"count":0,"href":"https:\/\/eltrabajo.cl\/portal\/wp-json\/wp\/v2\/posts\/60489\/revisions"}],"wp:featuredmedia":[{"embeddable":true,"href":"https:\/\/eltrabajo.cl\/portal\/wp-json\/wp\/v2\/media\/60490"}],"wp:attachment":[{"href":"https:\/\/eltrabajo.cl\/portal\/wp-json\/wp\/v2\/media?parent=60489"}],"wp:term":[{"taxonomy":"category","embeddable":true,"href":"https:\/\/eltrabajo.cl\/portal\/wp-json\/wp\/v2\/categories?post=60489"},{"taxonomy":"post_tag","embeddable":true,"href":"https:\/\/eltrabajo.cl\/portal\/wp-json\/wp\/v2\/tags?post=60489"}],"curies":[{"name":"wp","href":"https:\/\/api.w.org\/{rel}","templated":true}]}}