{"id":60504,"date":"2015-07-31T09:26:03","date_gmt":"2015-07-31T12:26:03","guid":{"rendered":"http:\/\/www.eltrabajo.cl\/portal\/?p=60504"},"modified":"2015-07-31T09:26:03","modified_gmt":"2015-07-31T12:26:03","slug":"sector-el-llano-se-erige-como-un-nuevo-polo-cultural-de-santa-maria","status":"publish","type":"post","link":"https:\/\/eltrabajo.cl\/portal\/sector-el-llano-se-erige-como-un-nuevo-polo-cultural-de-santa-maria\/","title":{"rendered":"Sector El Llano se erige como un nuevo polo cultural de Santa Mar\u00eda"},"content":{"rendered":"<figure id=\"attachment_60505\" aria-describedby=\"caption-attachment-60505\" style=\"width: 300px\" class=\"wp-caption alignleft\"><a href=\"https:\/\/i0.wp.com\/www.eltrabajo.cl\/portal\/wp-content\/uploads\/2015\/07\/El-Llano.jpg\"><img data-recalc-dims=\"1\" loading=\"lazy\" decoding=\"async\" class=\"wp-image-60505 size-medium\" src=\"https:\/\/i0.wp.com\/www.eltrabajo.cl\/portal\/wp-content\/uploads\/2015\/07\/El-Llano-300x197.jpg?resize=300%2C197\" alt=\"En la Poblaci\u00f3n San Francisco, se realiz\u00f3 la Feria Cultural a la que asisti\u00f3 gran cantidad de expositores y visitantes.\" width=\"300\" height=\"197\" srcset=\"https:\/\/i0.wp.com\/eltrabajo.cl\/portal\/wp-content\/uploads\/2015\/07\/El-Llano.jpg?resize=300%2C197&amp;ssl=1 300w, https:\/\/i0.wp.com\/eltrabajo.cl\/portal\/wp-content\/uploads\/2015\/07\/El-Llano.jpg?resize=200%2C131&amp;ssl=1 200w, https:\/\/i0.wp.com\/eltrabajo.cl\/portal\/wp-content\/uploads\/2015\/07\/El-Llano.jpg?resize=228%2C150&amp;ssl=1 228w, https:\/\/i0.wp.com\/eltrabajo.cl\/portal\/wp-content\/uploads\/2015\/07\/El-Llano.jpg?resize=400%2C263&amp;ssl=1 400w, https:\/\/i0.wp.com\/eltrabajo.cl\/portal\/wp-content\/uploads\/2015\/07\/El-Llano.jpg?w=530&amp;ssl=1 530w\" sizes=\"auto, (max-width: 300px) 100vw, 300px\" \/><\/a><figcaption id=\"caption-attachment-60505\" class=\"wp-caption-text\">En la Poblaci\u00f3n San Francisco, se realiz\u00f3 la Feria Cultural a la que asisti\u00f3 gran cantidad de expositores y visitantes.<\/figcaption><\/figure>\n<p><strong>SANTA MAR\u00cdA.<\/strong>&#8211; La localidad de El Llano en la comuna de Santa Mar\u00eda, tiene la particularidad de estar en el extremo sur de la comuna, y debido a su localizaci\u00f3n al lado de la arteria del Camino Tocornal, ha desarrollado algunas caracter\u00edsticas independientes del centro de la comuna, y una de ellas es su actividad cultural. Si bien trabajan mancomunados con las autoridades locales, han gestado un polo cultural de bastante inter\u00e9s y \u00e9xito.<br \/>\nEs as\u00ed como hace poco celebraron la Feria Cultural en la poblaci\u00f3n San Francisco, a la que asisti\u00f3 gran cantidad de visitantes y expositores. Para el alcalde Claudio Zurita, el fen\u00f3meno de este polo cultural tiene perspectivas muy interesantes: \u201cEsta junta de vecinos que es bastante nueva, no tiene m\u00e1s de cuatro a\u00f1os, se gan\u00f3 la feria costumbrita del Llano, un lugar que tiene mucha historia, muchas casas coloniales, patronales. Y termin\u00f3 con la presentaci\u00f3n de una artista de nivel nacional como lo es Kathy Orellana. Pero adem\u00e1s, ese mismo d\u00eda aprovechamos de inaugurar la sede vecinal que tiene otra particularidad, con dise\u00f1o propio de ellos, se elabor\u00f3 con caracter\u00edsticas de casa colonial, la \u00fanica de ese estilo en la comuna. Es de otras dimensiones y otro material\u201d.<br \/>\nCabe destacar que este sector, que sin dudas tiene patrimonio por la antig\u00fcedad del camino y su poblamiento, tiene a su vez un museo particular y propio. Museo que el alcalde Zurita pretende adquirir y hacerlo p\u00fablico y patrimonio de todos los santamarianos: \u201cHay muchas cosas interesantes en este sector, ha tomado mucha vida \u00e9sta junta de vecinos. Primero han lanzado dos libros, uno que se llama El Llano Cuenta, y un libro de historia, pero adem\u00e1s esta Don V\u00edctor Esp\u00edndola, un vecino muy famoso que tiene un museo propio y que lo ha ofrecido para que se transforme en patrimonio p\u00fablico. As\u00ed es que estamos en conversaciones con \u00e9l para adquirir su colecci\u00f3n y buscar un lugar donde instalar un museo p\u00fablico municipal, pero en la zona del Llano. As\u00ed es que nada m\u00e1s que felicitar y apoyar todas estas iniciativas que sin dudas van a dar de que hablar y van a ser otro atractivo cultural para nuestra comuna de Santa Mar\u00eda\u201d.<br \/>\n<strong>Roberto Mercado Aced<\/strong><\/p>\n","protected":false},"excerpt":{"rendered":"<p>SANTA MAR\u00cdA.&#8211; La localidad de El Llano en la comuna de Santa Mar\u00eda, tiene la particularidad de estar en el extremo sur de la comuna, y debido a su localizaci\u00f3n al lado&#8230;<\/p>\n","protected":false},"author":482,"featured_media":60505,"comment_status":"open","ping_status":"open","sticky":false,"template":"","format":"standard","meta":{"advanced_seo_description":"","jetpack_seo_html_title":"","jetpack_seo_noindex":false,"_jetpack_memberships_contains_paid_content":false,"footnotes":""},"categories":[15],"tags":[],"class_list":["post-60504","post","type-post","status-publish","format-standard","has-post-thumbnail","hentry","category-comunidad"],"jetpack_featured_media_url":"https:\/\/i0.wp.com\/eltrabajo.cl\/portal\/wp-content\/uploads\/2015\/07\/El-Llano.jpg?fit=530%2C348&ssl=1","jetpack_sharing_enabled":true,"jetpack_likes_enabled":true,"jetpack-related-posts":[],"_links":{"self":[{"href":"https:\/\/eltrabajo.cl\/portal\/wp-json\/wp\/v2\/posts\/60504","targetHints":{"allow":["GET"]}}],"collection":[{"href":"https:\/\/eltrabajo.cl\/portal\/wp-json\/wp\/v2\/posts"}],"about":[{"href":"https:\/\/eltrabajo.cl\/portal\/wp-json\/wp\/v2\/types\/post"}],"author":[{"embeddable":true,"href":"https:\/\/eltrabajo.cl\/portal\/wp-json\/wp\/v2\/users\/482"}],"replies":[{"embeddable":true,"href":"https:\/\/eltrabajo.cl\/portal\/wp-json\/wp\/v2\/comments?post=60504"}],"version-history":[{"count":0,"href":"https:\/\/eltrabajo.cl\/portal\/wp-json\/wp\/v2\/posts\/60504\/revisions"}],"wp:featuredmedia":[{"embeddable":true,"href":"https:\/\/eltrabajo.cl\/portal\/wp-json\/wp\/v2\/media\/60505"}],"wp:attachment":[{"href":"https:\/\/eltrabajo.cl\/portal\/wp-json\/wp\/v2\/media?parent=60504"}],"wp:term":[{"taxonomy":"category","embeddable":true,"href":"https:\/\/eltrabajo.cl\/portal\/wp-json\/wp\/v2\/categories?post=60504"},{"taxonomy":"post_tag","embeddable":true,"href":"https:\/\/eltrabajo.cl\/portal\/wp-json\/wp\/v2\/tags?post=60504"}],"curies":[{"name":"wp","href":"https:\/\/api.w.org\/{rel}","templated":true}]}}