{"id":60510,"date":"2015-07-31T09:29:00","date_gmt":"2015-07-31T12:29:00","guid":{"rendered":"http:\/\/www.eltrabajo.cl\/portal\/?p=60510"},"modified":"2015-07-31T09:29:00","modified_gmt":"2015-07-31T12:29:00","slug":"autoridades-lanzan-1a-version-de-escuela-la-razon-del-dirigente-en-aula","status":"publish","type":"post","link":"https:\/\/eltrabajo.cl\/portal\/autoridades-lanzan-1a-version-de-escuela-la-razon-del-dirigente-en-aula\/","title":{"rendered":"Autoridades lanzan 1\u00aa versi\u00f3n de \u2018Escuela la Raz\u00f3n del Dirigente en aula\u2019"},"content":{"rendered":"<figure id=\"attachment_60511\" aria-describedby=\"caption-attachment-60511\" style=\"width: 300px\" class=\"wp-caption alignleft\"><a href=\"https:\/\/i0.wp.com\/www.eltrabajo.cl\/portal\/wp-content\/uploads\/2015\/07\/Escuela-Raz%C3%B3n-del-Dirigente-en-aula.jpg\"><img data-recalc-dims=\"1\" loading=\"lazy\" decoding=\"async\" class=\"wp-image-60511 size-medium\" src=\"https:\/\/i0.wp.com\/www.eltrabajo.cl\/portal\/wp-content\/uploads\/2015\/07\/Escuela-Raz%C3%B3n-del-Dirigente-en-aula-300x198.jpg?resize=300%2C198\" alt=\"Autoridades provinciales lanzaron la 1\u00aa versi\u00f3n de la \u2018Escuela la Raz\u00f3n del Dirigente en aula\u2019, siendo una labor conjunta entre la Seremi de Gobierno de Valpara\u00edso, la Gobernaci\u00f3n de San Felipe, Municipalidad y la Universidad de Playa Ancha.\" width=\"300\" height=\"198\" srcset=\"https:\/\/i0.wp.com\/eltrabajo.cl\/portal\/wp-content\/uploads\/2015\/07\/Escuela-Raz%C3%B3n-del-Dirigente-en-aula.jpg?resize=300%2C198&amp;ssl=1 300w, https:\/\/i0.wp.com\/eltrabajo.cl\/portal\/wp-content\/uploads\/2015\/07\/Escuela-Raz%C3%B3n-del-Dirigente-en-aula.jpg?resize=200%2C132&amp;ssl=1 200w, https:\/\/i0.wp.com\/eltrabajo.cl\/portal\/wp-content\/uploads\/2015\/07\/Escuela-Raz%C3%B3n-del-Dirigente-en-aula.jpg?resize=227%2C150&amp;ssl=1 227w, https:\/\/i0.wp.com\/eltrabajo.cl\/portal\/wp-content\/uploads\/2015\/07\/Escuela-Raz%C3%B3n-del-Dirigente-en-aula.jpg?resize=400%2C264&amp;ssl=1 400w, https:\/\/i0.wp.com\/eltrabajo.cl\/portal\/wp-content\/uploads\/2015\/07\/Escuela-Raz%C3%B3n-del-Dirigente-en-aula.jpg?w=530&amp;ssl=1 530w\" sizes=\"auto, (max-width: 300px) 100vw, 300px\" \/><\/a><figcaption id=\"caption-attachment-60511\" class=\"wp-caption-text\">Autoridades provinciales lanzaron la 1\u00aa versi\u00f3n de la \u2018Escuela la Raz\u00f3n del Dirigente en aula\u2019, siendo una labor conjunta entre la Seremi de Gobierno de Valpara\u00edso, la Gobernaci\u00f3n de San Felipe, Municipalidad y la Universidad de Playa Ancha.<\/figcaption><\/figure>\n<ul>\n<li><strong>Se realizar\u00e1n diversos seminarios y talleres, que iniciar\u00e1n el pr\u00f3ximo s\u00e1bado 8 de agosto, que aportar\u00e1 valioso conocimiento en gesti\u00f3n a los dirigentes.<\/strong><\/li>\n<\/ul>\n<p>Autoridades encabezadas por el Gobernador Eduardo Le\u00f3n realizaron el lanzamiento de la primera versi\u00f3n de la \u2018Escuela la Raz\u00f3n del Dirigente en aula\u2019, desarrollado en conjunto por la Seremi de Gobierno de Valpara\u00edso, Gobernaci\u00f3n de San Felipe, Municipalidad y la Universidad de Playa Ancha, quien facilita sus dependencias para desarrollar los talleres tras la firma de un convenio de colaboraci\u00f3n.<br \/>\nEsta actividad consiste en 4 seminarios y 2 talleres que buscan fortalecer la funci\u00f3n dirigencial y a la vez, entregar herramientas de comunicaci\u00f3n, expresi\u00f3n corporal, liderazgo, formulaci\u00f3n de proyectos, ley 20.500, a m\u00e1s de 100 dirigentes de la Provincia de San Felipe, para que mejoren su gesti\u00f3n y desarrollen su trabajo como dirigentes con m\u00e1s y mejores herramientas.<br \/>\nAnte esto, el gobernador Eduardo Le\u00f3n manifest\u00f3 que \u201ces una iniciativa ciudadana, surge de las mismas dirigentas que vieron la necesidad y las ganas de ser mejores. El Gobierno de la Presidenta Bachelet est\u00e1 disponible para trabajar colaborativamente con ellas. Hoy, gracias al aporte de la Upla, llegan a la Universidad a ampliar su horizonte. Creemos en el trabajo colaborativo que hemos tenido con el municipio y sus dirigentas y respaldar las iniciativas con estas\u201d, finaliz\u00f3 la autoridad.<br \/>\nPor su parte, la Seremi de Gobierno de la Regi\u00f3n de Valpara\u00edso, Katherine Araya, destac\u00f3 la funci\u00f3n que se hace de manera descentralizada. \u201cNosotros como Gobierno, y agradeciendo al municipio y a la universidad, queremos entregarles las herramientas necesarias para que realicen su labor de mejor manera. Esta escuela formativa permitir\u00e1 que lleven a cabo su trabajo de la mejor manera acompa\u00f1ados por la Gobernaci\u00f3n, el Municipio y la Seremi de Gobierno\u201d.<br \/>\nEn tanto, Pablo Silva, Dideco de la Municipalidad de San Felipe, se\u00f1al\u00f3 que \u201cnos hemos encontrado con dirigentes organizados, que tienen la trascendencia y saben lo que significa el conocimiento. El alcalde Patricio Freire nos ha encomendado que apoyemos a los dirigentes, para que sean perfeccionados, por lo que creemos que el conocimiento es el mayor tesoro que les podemos dar\u201d.<br \/>\nEn rigor, las actividades iniciar\u00e1n el pr\u00f3ximo s\u00e1bado 8 de agosto, desde las 9:30 con el Seminario Inicio ley 20.500, sobre educaci\u00f3n c\u00edvica. Adem\u00e1s, se impartir\u00e1n talleres de valorizaci\u00f3n del patrimonio, taller de protocolo, liderazgo, expresi\u00f3n corporal y oratoria, formulaci\u00f3n y rendici\u00f3n de proyectos, taller de computaci\u00f3n y taller de ingl\u00e9s para dirigentes sociales, los que se impartir\u00e1n hasta el pr\u00f3ximo 17 de octubre.<\/p>\n","protected":false},"excerpt":{"rendered":"<p>Se realizar\u00e1n diversos seminarios y talleres, que iniciar\u00e1n el pr\u00f3ximo s\u00e1bado 8 de agosto, que aportar\u00e1 valioso conocimiento en gesti\u00f3n a los dirigentes. Autoridades encabezadas por el Gobernador Eduardo Le\u00f3n realizaron el&#8230;<\/p>\n","protected":false},"author":482,"featured_media":60511,"comment_status":"open","ping_status":"open","sticky":false,"template":"","format":"standard","meta":{"advanced_seo_description":"","jetpack_seo_html_title":"","jetpack_seo_noindex":false,"_jetpack_memberships_contains_paid_content":false,"footnotes":""},"categories":[15],"tags":[],"class_list":["post-60510","post","type-post","status-publish","format-standard","has-post-thumbnail","hentry","category-comunidad"],"jetpack_featured_media_url":"https:\/\/i0.wp.com\/eltrabajo.cl\/portal\/wp-content\/uploads\/2015\/07\/Escuela-Raz%C3%B3n-del-Dirigente-en-aula.jpg?fit=530%2C350&ssl=1","jetpack_sharing_enabled":true,"jetpack_likes_enabled":true,"jetpack-related-posts":[],"_links":{"self":[{"href":"https:\/\/eltrabajo.cl\/portal\/wp-json\/wp\/v2\/posts\/60510","targetHints":{"allow":["GET"]}}],"collection":[{"href":"https:\/\/eltrabajo.cl\/portal\/wp-json\/wp\/v2\/posts"}],"about":[{"href":"https:\/\/eltrabajo.cl\/portal\/wp-json\/wp\/v2\/types\/post"}],"author":[{"embeddable":true,"href":"https:\/\/eltrabajo.cl\/portal\/wp-json\/wp\/v2\/users\/482"}],"replies":[{"embeddable":true,"href":"https:\/\/eltrabajo.cl\/portal\/wp-json\/wp\/v2\/comments?post=60510"}],"version-history":[{"count":0,"href":"https:\/\/eltrabajo.cl\/portal\/wp-json\/wp\/v2\/posts\/60510\/revisions"}],"wp:featuredmedia":[{"embeddable":true,"href":"https:\/\/eltrabajo.cl\/portal\/wp-json\/wp\/v2\/media\/60511"}],"wp:attachment":[{"href":"https:\/\/eltrabajo.cl\/portal\/wp-json\/wp\/v2\/media?parent=60510"}],"wp:term":[{"taxonomy":"category","embeddable":true,"href":"https:\/\/eltrabajo.cl\/portal\/wp-json\/wp\/v2\/categories?post=60510"},{"taxonomy":"post_tag","embeddable":true,"href":"https:\/\/eltrabajo.cl\/portal\/wp-json\/wp\/v2\/tags?post=60510"}],"curies":[{"name":"wp","href":"https:\/\/api.w.org\/{rel}","templated":true}]}}