{"id":6052,"date":"2011-11-14T08:41:19","date_gmt":"2011-11-14T12:41:19","guid":{"rendered":"http:\/\/www.eltrabajo.cl\/portal\/?p=6052"},"modified":"2011-11-14T08:41:19","modified_gmt":"2011-11-14T12:41:19","slug":"alumnos-del-pumanque-protestan-por-cancelacion-de-matricula-a-18-companeros","status":"publish","type":"post","link":"https:\/\/eltrabajo.cl\/portal\/alumnos-del-pumanque-protestan-por-cancelacion-de-matricula-a-18-companeros\/","title":{"rendered":"Alumnos del Pumanque protestan por cancelaci\u00f3n de matr\u00edcula a 18 compa\u00f1eros"},"content":{"rendered":"<figure id=\"attachment_6054\" aria-describedby=\"caption-attachment-6054\" style=\"width: 600px\" class=\"wp-caption alignnone\"><a href=\"http:\/\/www.eltrabajo.cl\/portal\/archives\/6052\/protesta-pumanque\" rel=\"attachment wp-att-6054\"><img data-recalc-dims=\"1\" loading=\"lazy\" decoding=\"async\" class=\"size-full wp-image-6054\" title=\"protesta pumanque\" src=\"https:\/\/i0.wp.com\/www.eltrabajo.cl\/portal\/wp-content\/uploads\/2011\/11\/protesta-pumanque.jpg?resize=600%2C450\" alt=\"\" width=\"600\" height=\"450\" srcset=\"https:\/\/i0.wp.com\/eltrabajo.cl\/portal\/wp-content\/uploads\/2011\/11\/protesta-pumanque.jpg?w=600&amp;ssl=1 600w, https:\/\/i0.wp.com\/eltrabajo.cl\/portal\/wp-content\/uploads\/2011\/11\/protesta-pumanque.jpg?resize=200%2C150&amp;ssl=1 200w, https:\/\/i0.wp.com\/eltrabajo.cl\/portal\/wp-content\/uploads\/2011\/11\/protesta-pumanque.jpg?resize=300%2C225&amp;ssl=1 300w, https:\/\/i0.wp.com\/eltrabajo.cl\/portal\/wp-content\/uploads\/2011\/11\/protesta-pumanque.jpg?resize=150%2C112&amp;ssl=1 150w, https:\/\/i0.wp.com\/eltrabajo.cl\/portal\/wp-content\/uploads\/2011\/11\/protesta-pumanque.jpg?resize=400%2C300&amp;ssl=1 400w\" sizes=\"auto, (max-width: 600px) 100vw, 600px\" \/><\/a><figcaption id=\"caption-attachment-6054\" class=\"wp-caption-text\">Tanto en la plaza c\u00edvica como en el frontis del colegio, protestaron los alumnos afectados del Pumanque y dem\u00e1s alumnos que solidarizaron con ellos.<\/figcaption><\/figure>\n<p>Nuevamente compa\u00f1eros de los alumnos del colegio Pumanque que se vieron afectados con la ins\u00f3lita decisi\u00f3n de la direcci\u00f3n del establecimiento de cancelarles la matr\u00edcula para el pr\u00f3ximo a\u00f1o, protestaron en la plaza c\u00edvica de San Felipe y en el frontis del establecimiento educacional.<\/p>\n<p>Los alumnos llegaron hasta el sector c\u00e9ntrico de la comuna para protestar por la medida abiertamente discriminatoria de parte de la Direcci\u00f3n.<\/p>\n<p>\u00abNos utilizaron todo el a\u00f1o, para cambiarnos luego a final de a\u00f1o por 18 computadores, los que hab\u00edan sido comprometidos para el a\u00f1o pasado\u00bb, se\u00f1ala Luis, uno de los alumnos afectados.<\/p>\n<p>El estudiante se\u00f1al\u00f3 que hasta la fecha no se han podido reunir con el director, s\u00f3lo los recibi\u00f3 el pasado 27 de octubre, fecha en que les entreg\u00f3 la carta donde les informaba la decisi\u00f3n del colegio, de cancelarles la matr\u00edcula, tomando en cuenta aspectos como notas, permanencia en el colegio, asistencia y hoja de vida.<\/p>\n<p>Los alumnos ya est\u00e1n desesperados, al igual que los apoderados, los cuales al ver el paso del tiempo y no contar con una soluci\u00f3n, han empezado a buscar matr\u00edcula en otros colegios, encontr\u00e1ndose con el proceso cerrado en otros establecimientos, debido a lo avanzado del a\u00f1o y a que se trata de cuarto medio.<\/p>\n<p>\u00abNos complica mucho, porque queremos buscar una matr\u00edcula en otro colegio y ya est\u00e1n cerradas, no tenemos cuarto medio, los apoderados est\u00e1n desesperados buscando una soluci\u00f3n. Queremos que d\u00e9 la cara por esto, los apoderados ya no soportan m\u00e1s, ya quieren hablar con \u00e9l, pero directamente que no sea por medio de una carta\u00bb, se\u00f1al\u00f3 Luis.<\/p>\n","protected":false},"excerpt":{"rendered":"<p>Nuevamente compa\u00f1eros de los alumnos del colegio Pumanque que se vieron afectados con la ins\u00f3lita decisi\u00f3n de la direcci\u00f3n del establecimiento de cancelarles la matr\u00edcula para el pr\u00f3ximo a\u00f1o, protestaron en la&#8230;<\/p>\n","protected":false},"author":482,"featured_media":6053,"comment_status":"open","ping_status":"open","sticky":false,"template":"","format":"standard","meta":{"advanced_seo_description":"","jetpack_seo_html_title":"","jetpack_seo_noindex":false,"_jetpack_memberships_contains_paid_content":false,"footnotes":""},"categories":[15],"tags":[],"class_list":["post-6052","post","type-post","status-publish","format-standard","has-post-thumbnail","hentry","category-comunidad"],"jetpack_featured_media_url":"https:\/\/i0.wp.com\/eltrabajo.cl\/portal\/wp-content\/uploads\/2011\/11\/Colegio1.jpg?fit=600%2C447&ssl=1","jetpack_sharing_enabled":true,"jetpack_likes_enabled":true,"jetpack-related-posts":[],"_links":{"self":[{"href":"https:\/\/eltrabajo.cl\/portal\/wp-json\/wp\/v2\/posts\/6052","targetHints":{"allow":["GET"]}}],"collection":[{"href":"https:\/\/eltrabajo.cl\/portal\/wp-json\/wp\/v2\/posts"}],"about":[{"href":"https:\/\/eltrabajo.cl\/portal\/wp-json\/wp\/v2\/types\/post"}],"author":[{"embeddable":true,"href":"https:\/\/eltrabajo.cl\/portal\/wp-json\/wp\/v2\/users\/482"}],"replies":[{"embeddable":true,"href":"https:\/\/eltrabajo.cl\/portal\/wp-json\/wp\/v2\/comments?post=6052"}],"version-history":[{"count":0,"href":"https:\/\/eltrabajo.cl\/portal\/wp-json\/wp\/v2\/posts\/6052\/revisions"}],"wp:featuredmedia":[{"embeddable":true,"href":"https:\/\/eltrabajo.cl\/portal\/wp-json\/wp\/v2\/media\/6053"}],"wp:attachment":[{"href":"https:\/\/eltrabajo.cl\/portal\/wp-json\/wp\/v2\/media?parent=6052"}],"wp:term":[{"taxonomy":"category","embeddable":true,"href":"https:\/\/eltrabajo.cl\/portal\/wp-json\/wp\/v2\/categories?post=6052"},{"taxonomy":"post_tag","embeddable":true,"href":"https:\/\/eltrabajo.cl\/portal\/wp-json\/wp\/v2\/tags?post=6052"}],"curies":[{"name":"wp","href":"https:\/\/api.w.org\/{rel}","templated":true}]}}