{"id":60532,"date":"2015-07-31T09:38:46","date_gmt":"2015-07-31T12:38:46","guid":{"rendered":"http:\/\/www.eltrabajo.cl\/portal\/?p=60532"},"modified":"2015-07-31T09:38:46","modified_gmt":"2015-07-31T12:38:46","slug":"a-punta-de-cuchilla-le-roban-su-celular-recien-comprado-en-pleno-centro-de-san-felipe","status":"publish","type":"post","link":"https:\/\/eltrabajo.cl\/portal\/a-punta-de-cuchilla-le-roban-su-celular-recien-comprado-en-pleno-centro-de-san-felipe\/","title":{"rendered":"A punta de cuchilla le roban su celular reci\u00e9n comprado en pleno centro de San Felipe"},"content":{"rendered":"<figure id=\"attachment_60533\" aria-describedby=\"caption-attachment-60533\" style=\"width: 300px\" class=\"wp-caption alignleft\"><a href=\"https:\/\/i0.wp.com\/www.eltrabajo.cl\/portal\/wp-content\/uploads\/2015\/07\/Asaltante-2.jpg\"><img data-recalc-dims=\"1\" loading=\"lazy\" decoding=\"async\" class=\"wp-image-60533 size-medium\" src=\"https:\/\/i0.wp.com\/www.eltrabajo.cl\/portal\/wp-content\/uploads\/2015\/07\/Asaltante-2-300x197.jpg?resize=300%2C197\" alt=\"El adolescente fue conducido por Carabineros hasta el Tribunal para ser formalizado por la Fiscal\u00eda (Foto Archivo).\" width=\"300\" height=\"197\" srcset=\"https:\/\/i0.wp.com\/eltrabajo.cl\/portal\/wp-content\/uploads\/2015\/07\/Asaltante-2.jpg?resize=300%2C197&amp;ssl=1 300w, https:\/\/i0.wp.com\/eltrabajo.cl\/portal\/wp-content\/uploads\/2015\/07\/Asaltante-2.jpg?resize=200%2C131&amp;ssl=1 200w, https:\/\/i0.wp.com\/eltrabajo.cl\/portal\/wp-content\/uploads\/2015\/07\/Asaltante-2.jpg?resize=228%2C150&amp;ssl=1 228w, https:\/\/i0.wp.com\/eltrabajo.cl\/portal\/wp-content\/uploads\/2015\/07\/Asaltante-2.jpg?resize=400%2C263&amp;ssl=1 400w, https:\/\/i0.wp.com\/eltrabajo.cl\/portal\/wp-content\/uploads\/2015\/07\/Asaltante-2.jpg?w=530&amp;ssl=1 530w\" sizes=\"auto, (max-width: 300px) 100vw, 300px\" \/><\/a><figcaption id=\"caption-attachment-60533\" class=\"wp-caption-text\">El adolescente fue conducido por Carabineros hasta el Tribunal para ser formalizado por la Fiscal\u00eda (Foto Archivo).<\/figcaption><\/figure>\n<p>Cerca de las 13:00 horas del pasado mi\u00e9rcoles se produjo un robo con intimidaci\u00f3n en el centro de San Felipe y el protagonista result\u00f3 ser un adolescente de 15 a\u00f1os de edad, quien intimid\u00f3 con un cuchillo a un hombre para obligarlo a hacer entrega de su mochila, que en su interior manten\u00eda un tel\u00e9fono celular que recientemente hab\u00eda comprado, un decodificador y $5.000 en efectivo.<br \/>\nEl delito fue presenciado por un testigo quien, al observar la situaci\u00f3n, requiri\u00f3 el auxilio de Carabineros que en minutos lograron la detenci\u00f3n del antisocial, recuperando las especies de propiedad de la v\u00edctima.<br \/>\nEl imputado de iniciales E.G.V., quien ya ha sido detenido tres veces en los dos \u00faltimos meses, fue sometido a control de detenci\u00f3n ante el Juzgado de Garant\u00eda de San Felipe, para ser formalizado por la Fiscal\u00eda por el delito de robo con intimidaci\u00f3n.<br \/>\nEl Fiscal Julio Palacios requiri\u00f3 ante el juez de garant\u00eda, la internaci\u00f3n provisoria en el Centro de Internaci\u00f3n para Adolescentes \u2018Lihu\u00e9n\u2019, ubicado en la comuna de Limache, medida que fue acogida por el Tribunal decretando un plazo de investigaci\u00f3n de 60 d\u00edas.<br \/>\n<strong>Pablo Salinas Sald\u00edas<\/strong><\/p>\n","protected":false},"excerpt":{"rendered":"<p>Cerca de las 13:00 horas del pasado mi\u00e9rcoles se produjo un robo con intimidaci\u00f3n en el centro de San Felipe y el protagonista result\u00f3 ser un adolescente de 15 a\u00f1os de edad,&#8230;<\/p>\n","protected":false},"author":482,"featured_media":60533,"comment_status":"open","ping_status":"open","sticky":false,"template":"","format":"standard","meta":{"advanced_seo_description":"","jetpack_seo_html_title":"","jetpack_seo_noindex":false,"_jetpack_memberships_contains_paid_content":false,"footnotes":""},"categories":[21],"tags":[],"class_list":["post-60532","post","type-post","status-publish","format-standard","has-post-thumbnail","hentry","category-policial"],"jetpack_featured_media_url":"https:\/\/i0.wp.com\/eltrabajo.cl\/portal\/wp-content\/uploads\/2015\/07\/Asaltante-2.jpg?fit=530%2C348&ssl=1","jetpack_sharing_enabled":true,"jetpack_likes_enabled":true,"jetpack-related-posts":[],"_links":{"self":[{"href":"https:\/\/eltrabajo.cl\/portal\/wp-json\/wp\/v2\/posts\/60532","targetHints":{"allow":["GET"]}}],"collection":[{"href":"https:\/\/eltrabajo.cl\/portal\/wp-json\/wp\/v2\/posts"}],"about":[{"href":"https:\/\/eltrabajo.cl\/portal\/wp-json\/wp\/v2\/types\/post"}],"author":[{"embeddable":true,"href":"https:\/\/eltrabajo.cl\/portal\/wp-json\/wp\/v2\/users\/482"}],"replies":[{"embeddable":true,"href":"https:\/\/eltrabajo.cl\/portal\/wp-json\/wp\/v2\/comments?post=60532"}],"version-history":[{"count":0,"href":"https:\/\/eltrabajo.cl\/portal\/wp-json\/wp\/v2\/posts\/60532\/revisions"}],"wp:featuredmedia":[{"embeddable":true,"href":"https:\/\/eltrabajo.cl\/portal\/wp-json\/wp\/v2\/media\/60533"}],"wp:attachment":[{"href":"https:\/\/eltrabajo.cl\/portal\/wp-json\/wp\/v2\/media?parent=60532"}],"wp:term":[{"taxonomy":"category","embeddable":true,"href":"https:\/\/eltrabajo.cl\/portal\/wp-json\/wp\/v2\/categories?post=60532"},{"taxonomy":"post_tag","embeddable":true,"href":"https:\/\/eltrabajo.cl\/portal\/wp-json\/wp\/v2\/tags?post=60532"}],"curies":[{"name":"wp","href":"https:\/\/api.w.org\/{rel}","templated":true}]}}