{"id":60535,"date":"2015-07-31T09:42:38","date_gmt":"2015-07-31T12:42:38","guid":{"rendered":"http:\/\/www.eltrabajo.cl\/portal\/?p=60535"},"modified":"2015-07-31T09:42:38","modified_gmt":"2015-07-31T12:42:38","slug":"jovenes-asaltan-estacion-de-servicio-en-rinconada","status":"publish","type":"post","link":"https:\/\/eltrabajo.cl\/portal\/jovenes-asaltan-estacion-de-servicio-en-rinconada\/","title":{"rendered":"J\u00f3venes asaltan estaci\u00f3n de servicio en Rinconada"},"content":{"rendered":"<figure id=\"attachment_60538\" aria-describedby=\"caption-attachment-60538\" style=\"width: 300px\" class=\"wp-caption alignleft\"><a href=\"https:\/\/i0.wp.com\/www.eltrabajo.cl\/portal\/wp-content\/uploads\/2015\/07\/asaltantes-DE-COPEC-copia.jpg\"><img data-recalc-dims=\"1\" loading=\"lazy\" decoding=\"async\" class=\"wp-image-60538 size-medium\" src=\"https:\/\/i0.wp.com\/www.eltrabajo.cl\/portal\/wp-content\/uploads\/2015\/07\/asaltantes-DE-COPEC-copia-300x198.jpg?resize=300%2C198\" alt=\"Los detenidos fueron identificados como un Yerko C.L(23), junto a dos menores de edad de 17 y 15 a\u00f1os y fueron formalizados por robo con violencia e intimidaci\u00f3n.\" width=\"300\" height=\"198\" srcset=\"https:\/\/i0.wp.com\/eltrabajo.cl\/portal\/wp-content\/uploads\/2015\/07\/asaltantes-DE-COPEC-copia.jpg?resize=300%2C198&amp;ssl=1 300w, https:\/\/i0.wp.com\/eltrabajo.cl\/portal\/wp-content\/uploads\/2015\/07\/asaltantes-DE-COPEC-copia.jpg?resize=200%2C132&amp;ssl=1 200w, https:\/\/i0.wp.com\/eltrabajo.cl\/portal\/wp-content\/uploads\/2015\/07\/asaltantes-DE-COPEC-copia.jpg?resize=228%2C150&amp;ssl=1 228w, https:\/\/i0.wp.com\/eltrabajo.cl\/portal\/wp-content\/uploads\/2015\/07\/asaltantes-DE-COPEC-copia.jpg?resize=400%2C263&amp;ssl=1 400w, https:\/\/i0.wp.com\/eltrabajo.cl\/portal\/wp-content\/uploads\/2015\/07\/asaltantes-DE-COPEC-copia.jpg?w=530&amp;ssl=1 530w\" sizes=\"auto, (max-width: 300px) 100vw, 300px\" \/><\/a><figcaption id=\"caption-attachment-60538\" class=\"wp-caption-text\">Los detenidos fueron identificados como un Yerko C.L(23), junto a dos menores de edad de 17 y 15 a\u00f1os y fueron formalizados por robo con violencia e intimidaci\u00f3n.<\/figcaption><\/figure>\n<ul>\n<li><strong>Intentaron darse a la fuga en un cami\u00f3n repartidor de gas<\/strong><\/li>\n<\/ul>\n<p><strong>RINCONADA<\/strong>.- Un joven acompa\u00f1ado de dos mujeres menores de edad, asaltaron la madrugada de este jueves al dependiente de la estaci\u00f3n de servicio Copec ubicada en la carretera San Mart\u00edn en la comuna de Rinconada.<br \/>\nEl tr\u00edo que se movilizaba a bordo de un cami\u00f3n repartidor de gas lleg\u00f3 a eso de las 4:30 de la madrugada hasta el servicentro y en primera instancia se acercaron hasta el Punto Copec desde donde sustrajeron confites.<br \/>\nDe esta situaci\u00f3n se percat\u00f3 la dependiente quien llam\u00f3 al bombero el cual, al llegar a socorrerla, fue golpeado por los tres antisociales que le sustrajeron la suma de 60 mil pesos.<br \/>\nActo seguido los asaltantes abordaron el cami\u00f3n y se dieron a la fuga, mientras los afectados llamaron a Carabineros denunciando el atraco e informando que los maleantes hu\u00edan en un cami\u00f3n repartidor de gas.<br \/>\nDe esta manera se iniciaron los patrullajes por los diversos caminos de esa comuna, logrando alcanzar al veh\u00edculo en la intersecci\u00f3n de calle Tabolango con Paso Basaure en Calle Larga.<br \/>\nLos detenidos fueron identificados como Yerko Felipe C.L., de 23 a\u00f1os y la menores M.C.V.V., de 17 y N.A.C.F., d 15, ninguno con antecedentes penales anteriores.<br \/>\nEl tr\u00edo pas\u00f3 a control de detenci\u00f3n en el Tribunal de Garant\u00eda de Los Andes donde fueron formalizados por robo con violencia e intimidaci\u00f3n.<\/p>\n","protected":false},"excerpt":{"rendered":"<p>Intentaron darse a la fuga en un cami\u00f3n repartidor de gas RINCONADA.- Un joven acompa\u00f1ado de dos mujeres menores de edad, asaltaron la madrugada de este jueves al dependiente de la estaci\u00f3n&#8230;<\/p>\n","protected":false},"author":482,"featured_media":60538,"comment_status":"open","ping_status":"open","sticky":false,"template":"","format":"standard","meta":{"advanced_seo_description":"","jetpack_seo_html_title":"","jetpack_seo_noindex":false,"_jetpack_memberships_contains_paid_content":false,"footnotes":""},"categories":[21],"tags":[],"class_list":["post-60535","post","type-post","status-publish","format-standard","has-post-thumbnail","hentry","category-policial"],"jetpack_featured_media_url":"https:\/\/i0.wp.com\/eltrabajo.cl\/portal\/wp-content\/uploads\/2015\/07\/asaltantes-DE-COPEC-copia.jpg?fit=530%2C349&ssl=1","jetpack_sharing_enabled":true,"jetpack_likes_enabled":true,"jetpack-related-posts":[],"_links":{"self":[{"href":"https:\/\/eltrabajo.cl\/portal\/wp-json\/wp\/v2\/posts\/60535","targetHints":{"allow":["GET"]}}],"collection":[{"href":"https:\/\/eltrabajo.cl\/portal\/wp-json\/wp\/v2\/posts"}],"about":[{"href":"https:\/\/eltrabajo.cl\/portal\/wp-json\/wp\/v2\/types\/post"}],"author":[{"embeddable":true,"href":"https:\/\/eltrabajo.cl\/portal\/wp-json\/wp\/v2\/users\/482"}],"replies":[{"embeddable":true,"href":"https:\/\/eltrabajo.cl\/portal\/wp-json\/wp\/v2\/comments?post=60535"}],"version-history":[{"count":0,"href":"https:\/\/eltrabajo.cl\/portal\/wp-json\/wp\/v2\/posts\/60535\/revisions"}],"wp:featuredmedia":[{"embeddable":true,"href":"https:\/\/eltrabajo.cl\/portal\/wp-json\/wp\/v2\/media\/60538"}],"wp:attachment":[{"href":"https:\/\/eltrabajo.cl\/portal\/wp-json\/wp\/v2\/media?parent=60535"}],"wp:term":[{"taxonomy":"category","embeddable":true,"href":"https:\/\/eltrabajo.cl\/portal\/wp-json\/wp\/v2\/categories?post=60535"},{"taxonomy":"post_tag","embeddable":true,"href":"https:\/\/eltrabajo.cl\/portal\/wp-json\/wp\/v2\/tags?post=60535"}],"curies":[{"name":"wp","href":"https:\/\/api.w.org\/{rel}","templated":true}]}}