{"id":60540,"date":"2015-07-31T09:44:09","date_gmt":"2015-07-31T12:44:09","guid":{"rendered":"http:\/\/www.eltrabajo.cl\/portal\/?p=60540"},"modified":"2015-07-31T09:44:09","modified_gmt":"2015-07-31T12:44:09","slug":"examen-medico-no-encontro-signos-de-que-mujer-haya-sido-violada","status":"publish","type":"post","link":"https:\/\/eltrabajo.cl\/portal\/examen-medico-no-encontro-signos-de-que-mujer-haya-sido-violada\/","title":{"rendered":"Examen m\u00e9dico no encontr\u00f3 signos de que mujer haya sido violada"},"content":{"rendered":"<figure id=\"attachment_60541\" aria-describedby=\"caption-attachment-60541\" style=\"width: 300px\" class=\"wp-caption alignleft\"><a href=\"https:\/\/i0.wp.com\/www.eltrabajo.cl\/portal\/wp-content\/uploads\/2015\/07\/violacion.jpg\"><img data-recalc-dims=\"1\" loading=\"lazy\" decoding=\"async\" class=\"wp-image-60541 size-medium\" src=\"https:\/\/i0.wp.com\/www.eltrabajo.cl\/portal\/wp-content\/uploads\/2015\/07\/violacion-300x198.jpg?resize=300%2C198\" alt=\"La falta de evidencias y las dudas razonables en el relato de la v\u00edctima complican la investigaci\u00f3n del caso de violaci\u00f3n denunciado. (Foto referencial).\" width=\"300\" height=\"198\" srcset=\"https:\/\/i0.wp.com\/eltrabajo.cl\/portal\/wp-content\/uploads\/2015\/07\/violacion.jpg?resize=300%2C198&amp;ssl=1 300w, https:\/\/i0.wp.com\/eltrabajo.cl\/portal\/wp-content\/uploads\/2015\/07\/violacion.jpg?resize=200%2C132&amp;ssl=1 200w, https:\/\/i0.wp.com\/eltrabajo.cl\/portal\/wp-content\/uploads\/2015\/07\/violacion.jpg?resize=228%2C150&amp;ssl=1 228w, https:\/\/i0.wp.com\/eltrabajo.cl\/portal\/wp-content\/uploads\/2015\/07\/violacion.jpg?resize=400%2C263&amp;ssl=1 400w, https:\/\/i0.wp.com\/eltrabajo.cl\/portal\/wp-content\/uploads\/2015\/07\/violacion.jpg?w=530&amp;ssl=1 530w\" sizes=\"auto, (max-width: 300px) 100vw, 300px\" \/><\/a><figcaption id=\"caption-attachment-60541\" class=\"wp-caption-text\">La falta de evidencias y las dudas razonables en el relato de la v\u00edctima complican la investigaci\u00f3n del caso de violaci\u00f3n denunciado. (Foto referencial).<\/figcaption><\/figure>\n<ul>\n<li><strong>\u2022 Afectada asegura que un desconocido la golpe\u00f3 con un ladrillo en la cabeza para luego violarla al interior de su domicilio. <\/strong><br \/>\n<strong>\u2022 Falta de evidencias y dudas razonables ante relato de la v\u00edctima, complican la investigaci\u00f3n del caso<\/strong>.<\/li>\n<\/ul>\n<p>Un inusitado vuelco policial podr\u00eda tener la denuncia de violaci\u00f3n que habr\u00eda sufrido una mujer de 35 a\u00f1os de edad, quien asegura que un desconocido la golpe\u00f3 con un objeto contundente en la cabeza para luego violarla al interior de su domicilio cuando se encontraba a solas en la Villa Bernardo Cruz de San Felipe. Sin embargo, un informe preliminar m\u00e9dico descartar\u00eda vestigios de lesiones y fluidos seminales en el cuerpo de la v\u00edctima, con lo cual se descartar\u00eda la hip\u00f3tesis del atentado sexual.<br \/>\nAunque los hechos son materia de investigaci\u00f3n por parte de la Brigada de Delitos Sexuales de la PDI de Los Andes, Diario El Trabajo pudo conocer en exclusiva nuevos antecedentes de fuentes extraoficiales de alta confiabilidad que vienen a complementar la escueta informaci\u00f3n entregada por los canales oficiales. En este sentido se pudo conocer que la denuncia formal que se efectu\u00f3 en Carabineros por el esposo de la v\u00edctima, se realiz\u00f3 hora y media m\u00e1s tarde de la supuesta agresi\u00f3n, agresi\u00f3n que se habr\u00eda comenzado a gestar cuando la mujer abandon\u00f3 su vivienda antes de las 08:00 de la ma\u00f1ana del martes para ir a dejar a su hija al colegio. Al regresar a su morada ingres\u00f3 como de costumbre hasta el living, cerrando el acceso principal, cuando segundos m\u00e1s tarde siente que alguien toca a la puerta. En ese momento la afectada asegur\u00f3 que al abrir, un sujeto absolutamente desconocido la habr\u00eda golpeado con un ladrillo en la cabeza que la dej\u00f3 semi inconsciente, llev\u00e1ndola hasta un dormitorio donde procede a violarla sin que ella pudiera defenderse.<br \/>\nEste an\u00f3nimo agresor posteriormente abandon\u00f3 el domicilio en direcci\u00f3n desconocida, sin que hasta el momento se revelen descripciones f\u00edsicas y vestimentas del individuo o si la v\u00edctima conoc\u00eda a su atacante.<br \/>\nLa mujer de inmediato se habr\u00eda duchado, trascurriendo una hora y media de los sucesos, cuando el c\u00f3nyuge de la afectada lleg\u00f3 hasta su domicilio donde se enter\u00f3 de lo sucedido, realizando el correspondiente denuncio ante Carabineros de San Felipe.<br \/>\nLuego de acogerse la denuncia en el lugar de los hechos, efectivos policiales trasladaron a la v\u00edctima hasta el Servicio de Ginecolog\u00eda del Hospital San Camilo de esta comuna para la constataci\u00f3n de lesiones, con el objetivo de sostener las acusaciones, sin embargo el diagn\u00f3stico m\u00e9dico no estableci\u00f3 lesiones ni heridas en la cabeza de la mujer como lo detallaba, de recibir un fuerte golpe con un objeto contundente, adem\u00e1s de no encontrar fluidos seminales, por lo cual el caso podr\u00eda desestimarse por aparentes dudas razonables.<br \/>\nSin embargo la causa se mantiene en manos de la Fiscal\u00eda, quedando la investigaci\u00f3n del caso a cargo de la Brigada de Delitos Sexuales de la PDI para confirmar o descartar los dichos de la v\u00edctima, la que deber\u00eda ser trasladada hasta la unidad forense del Servicio M\u00e9dico Legal en la Regi\u00f3n Metropolitana, organismo que en este tipo de atentados sexuales acreditar\u00eda o no la violaci\u00f3n.<br \/>\nCabe se\u00f1alar que la noticia comenz\u00f3 a circular por las redes sociales por medio de cercanos a la familia minutos m\u00e1s tarde de ocurridos los hechos, advirtiendo con detalles la agresi\u00f3n sexual en una vivienda de ese sector, causando una psicosis colectiva sobre la presencia de un posible \u2018pervertido\u2019 que estar\u00eda rondando por esa poblaci\u00f3n sanfelipe\u00f1a.<br \/>\nSobre las delicadas circunstancias de estos hechos, Diario El Trabajo consult\u00f3 a la Comisario de Carabineros, Mayor Maureen Espinoza en relaci\u00f3n al delito denunciado formalmente, sosteniendo que \u00abA ra\u00edz del estado de shock de la v\u00edctima y el golpe en su cabeza, no nos pudo revelar datos sobre descripci\u00f3n f\u00edsica del delincuente. La mujer no conoce a este individuo; no estaba encapuchado, ella dice que al momento de abrir la puerta, un sujeto la golpea en su cabeza, no recuerda qu\u00e9 elemento fue, \u00e9ste la obliga mediante la fuerza a mantener relaciones sexuales para luego abandonar el lugar\u00bb.<br \/>\nLa oficial se refiri\u00f3 adem\u00e1s sobre las publicaciones de este hecho en particular en las redes sociales que alarmaron a los vecinos causando p\u00e1nico y sensaci\u00f3n de inseguridad: \u00abHay que ser prudente con las publicaciones porque hay que tener en cuenta que hay una familia, un esposo e hijos detr\u00e1s de una v\u00edctima\u00bb.<br \/>\n<strong>Pablo Salinas Sald\u00edas<\/strong><\/p>\n","protected":false},"excerpt":{"rendered":"<p>\u2022 Afectada asegura que un desconocido la golpe\u00f3 con un ladrillo en la cabeza para luego violarla al interior de su domicilio. \u2022 Falta de evidencias y dudas razonables ante relato de&#8230;<\/p>\n","protected":false},"author":482,"featured_media":60541,"comment_status":"open","ping_status":"open","sticky":false,"template":"","format":"standard","meta":{"advanced_seo_description":"","jetpack_seo_html_title":"","jetpack_seo_noindex":false,"_jetpack_memberships_contains_paid_content":false,"footnotes":""},"categories":[21],"tags":[],"class_list":["post-60540","post","type-post","status-publish","format-standard","has-post-thumbnail","hentry","category-policial"],"jetpack_featured_media_url":"https:\/\/i0.wp.com\/eltrabajo.cl\/portal\/wp-content\/uploads\/2015\/07\/violacion.jpg?fit=530%2C349&ssl=1","jetpack_sharing_enabled":true,"jetpack_likes_enabled":true,"jetpack-related-posts":[],"_links":{"self":[{"href":"https:\/\/eltrabajo.cl\/portal\/wp-json\/wp\/v2\/posts\/60540","targetHints":{"allow":["GET"]}}],"collection":[{"href":"https:\/\/eltrabajo.cl\/portal\/wp-json\/wp\/v2\/posts"}],"about":[{"href":"https:\/\/eltrabajo.cl\/portal\/wp-json\/wp\/v2\/types\/post"}],"author":[{"embeddable":true,"href":"https:\/\/eltrabajo.cl\/portal\/wp-json\/wp\/v2\/users\/482"}],"replies":[{"embeddable":true,"href":"https:\/\/eltrabajo.cl\/portal\/wp-json\/wp\/v2\/comments?post=60540"}],"version-history":[{"count":0,"href":"https:\/\/eltrabajo.cl\/portal\/wp-json\/wp\/v2\/posts\/60540\/revisions"}],"wp:featuredmedia":[{"embeddable":true,"href":"https:\/\/eltrabajo.cl\/portal\/wp-json\/wp\/v2\/media\/60541"}],"wp:attachment":[{"href":"https:\/\/eltrabajo.cl\/portal\/wp-json\/wp\/v2\/media?parent=60540"}],"wp:term":[{"taxonomy":"category","embeddable":true,"href":"https:\/\/eltrabajo.cl\/portal\/wp-json\/wp\/v2\/categories?post=60540"},{"taxonomy":"post_tag","embeddable":true,"href":"https:\/\/eltrabajo.cl\/portal\/wp-json\/wp\/v2\/tags?post=60540"}],"curies":[{"name":"wp","href":"https:\/\/api.w.org\/{rel}","templated":true}]}}