{"id":60550,"date":"2015-08-03T09:23:16","date_gmt":"2015-08-03T12:23:16","guid":{"rendered":"http:\/\/www.eltrabajo.cl\/portal\/?p=60550"},"modified":"2015-08-03T09:23:16","modified_gmt":"2015-08-03T12:23:16","slug":"bomberos-de-bomba-tocornal-celebran-su-primer-aniversario","status":"publish","type":"post","link":"https:\/\/eltrabajo.cl\/portal\/bomberos-de-bomba-tocornal-celebran-su-primer-aniversario\/","title":{"rendered":"Bomberos de Bomba Tocornal celebran su primer aniversario"},"content":{"rendered":"<figure id=\"attachment_60551\" aria-describedby=\"caption-attachment-60551\" style=\"width: 300px\" class=\"wp-caption alignleft\"><a href=\"https:\/\/i0.wp.com\/www.eltrabajo.cl\/portal\/wp-content\/uploads\/2015\/08\/Bomberos1.jpg\"><img data-recalc-dims=\"1\" loading=\"lazy\" decoding=\"async\" class=\"wp-image-60551 size-medium\" src=\"https:\/\/i0.wp.com\/www.eltrabajo.cl\/portal\/wp-content\/uploads\/2015\/08\/Bomberos1-300x198.jpg?resize=300%2C198\" alt=\"H\u00c9ROES.- Ellos son los voluntarios de Bomba Tocornal, valientes bomberos que lo dan todo para atender al sector.\" width=\"300\" height=\"198\" srcset=\"https:\/\/i0.wp.com\/eltrabajo.cl\/portal\/wp-content\/uploads\/2015\/08\/Bomberos1.jpg?resize=300%2C198&amp;ssl=1 300w, https:\/\/i0.wp.com\/eltrabajo.cl\/portal\/wp-content\/uploads\/2015\/08\/Bomberos1.jpg?resize=200%2C132&amp;ssl=1 200w, https:\/\/i0.wp.com\/eltrabajo.cl\/portal\/wp-content\/uploads\/2015\/08\/Bomberos1.jpg?resize=227%2C150&amp;ssl=1 227w, https:\/\/i0.wp.com\/eltrabajo.cl\/portal\/wp-content\/uploads\/2015\/08\/Bomberos1.jpg?resize=400%2C264&amp;ssl=1 400w, https:\/\/i0.wp.com\/eltrabajo.cl\/portal\/wp-content\/uploads\/2015\/08\/Bomberos1.jpg?w=530&amp;ssl=1 530w\" sizes=\"auto, (max-width: 300px) 100vw, 300px\" \/><\/a><figcaption id=\"caption-attachment-60551\" class=\"wp-caption-text\">H\u00c9ROES.- Ellos son los voluntarios de Bomba Tocornal, valientes bomberos que lo dan todo para atender al sector.<\/figcaption><\/figure>\n<p><strong>SANTA MAR\u00cdA.-<\/strong> La Ceremonia de Bautizo y 1\u00ba Aniversario de la Bomba Tocornal, se realiz\u00f3 el s\u00e1bado a las 14:00 horas en el centro de eventos Los Jardines de Santa Mar\u00eda, sector El Pino Camino Tocornal. Al acto llegaron los Cores Iv\u00e1n Reyes y Rolando Stevenson, el alcalde Claudio Zurita, concejales y dem\u00e1s l\u00edderes vecinales del sector, as\u00ed como los Caballeros del Fuego de la 3\u00aa Compa\u00f1\u00eda de la comuna.<\/p>\n<p><strong>AUTORIDADES ALEGRES<\/strong><br \/>\n\u00abEstamos ya procesando un proyecto por parte del Municipio, en el cual solicitamos un aproximado de $200.millones al Gobierno Regional para la creaci\u00f3n de un cuartel de Bomberos para este sector, ser\u00e1 algo peque\u00f1o, pero ser\u00e1 nuevo y bien hecho, por lo que agradezco a los Cores toda su ayuda en este caso puntual\u00bb, coment\u00f3 a Diario El Trabajo el Alcalde Zurita.<br \/>\nEl Core Iv\u00e1n Reyes tambi\u00e9n confirm\u00f3 esta informaci\u00f3n, pues seg\u00fan dijo, \u00abambos Cores estamos comprometidos con la comunidad y el Municipio, para mover con agilidad este proyecto, esperamos pronto tener una respuesta positiva por parte del Gobierno Regional, y poder empezar a construir este cuartel que tanto hace falta, pues este camino se hizo famoso, pero por las tragedias en carretera y queremos estar mejor preparado para atender esas emergencias.<br \/>\nNuestro medio habl\u00f3 con Carolina Gonz\u00e1lez, secretaria de la 3\u00aa Compa\u00f1\u00eda de Bomberos Santa Mar\u00eda, a la que pertenece Bomba Tocornal, \u00abson unos 20 voluntarios quienes conforman Bomba Tocornal, como Compa\u00f1\u00eda les estamos dando todo nuestro apoyo, pues somos una gran familia, algunas empresas donaron recursos y otro poco de las colectas, para tambi\u00e9n entregar hoy uniformes nuevos a cada uno de los voluntarios\u00bb.<br \/>\n<strong>Roberto Gonz\u00e1lez Short<\/strong><br \/>\n<strong>rgonzalez@eltrabajo.cl<\/strong><\/p>\n","protected":false},"excerpt":{"rendered":"<p>SANTA MAR\u00cdA.- La Ceremonia de Bautizo y 1\u00ba Aniversario de la Bomba Tocornal, se realiz\u00f3 el s\u00e1bado a las 14:00 horas en el centro de eventos Los Jardines de Santa Mar\u00eda, sector&#8230;<\/p>\n","protected":false},"author":482,"featured_media":60551,"comment_status":"open","ping_status":"open","sticky":false,"template":"","format":"standard","meta":{"advanced_seo_description":"","jetpack_seo_html_title":"","jetpack_seo_noindex":false,"_jetpack_memberships_contains_paid_content":false,"footnotes":""},"categories":[15],"tags":[],"class_list":["post-60550","post","type-post","status-publish","format-standard","has-post-thumbnail","hentry","category-comunidad"],"jetpack_featured_media_url":"https:\/\/i0.wp.com\/eltrabajo.cl\/portal\/wp-content\/uploads\/2015\/08\/Bomberos1.jpg?fit=530%2C350&ssl=1","jetpack_sharing_enabled":true,"jetpack_likes_enabled":true,"jetpack-related-posts":[],"_links":{"self":[{"href":"https:\/\/eltrabajo.cl\/portal\/wp-json\/wp\/v2\/posts\/60550","targetHints":{"allow":["GET"]}}],"collection":[{"href":"https:\/\/eltrabajo.cl\/portal\/wp-json\/wp\/v2\/posts"}],"about":[{"href":"https:\/\/eltrabajo.cl\/portal\/wp-json\/wp\/v2\/types\/post"}],"author":[{"embeddable":true,"href":"https:\/\/eltrabajo.cl\/portal\/wp-json\/wp\/v2\/users\/482"}],"replies":[{"embeddable":true,"href":"https:\/\/eltrabajo.cl\/portal\/wp-json\/wp\/v2\/comments?post=60550"}],"version-history":[{"count":0,"href":"https:\/\/eltrabajo.cl\/portal\/wp-json\/wp\/v2\/posts\/60550\/revisions"}],"wp:featuredmedia":[{"embeddable":true,"href":"https:\/\/eltrabajo.cl\/portal\/wp-json\/wp\/v2\/media\/60551"}],"wp:attachment":[{"href":"https:\/\/eltrabajo.cl\/portal\/wp-json\/wp\/v2\/media?parent=60550"}],"wp:term":[{"taxonomy":"category","embeddable":true,"href":"https:\/\/eltrabajo.cl\/portal\/wp-json\/wp\/v2\/categories?post=60550"},{"taxonomy":"post_tag","embeddable":true,"href":"https:\/\/eltrabajo.cl\/portal\/wp-json\/wp\/v2\/tags?post=60550"}],"curies":[{"name":"wp","href":"https:\/\/api.w.org\/{rel}","templated":true}]}}