{"id":60553,"date":"2015-08-03T09:24:59","date_gmt":"2015-08-03T12:24:59","guid":{"rendered":"http:\/\/www.eltrabajo.cl\/portal\/?p=60553"},"modified":"2015-08-03T09:24:59","modified_gmt":"2015-08-03T12:24:59","slug":"autoridades-entregan-distinciones-a-vecinos-destacados-en-este-2015","status":"publish","type":"post","link":"https:\/\/eltrabajo.cl\/portal\/autoridades-entregan-distinciones-a-vecinos-destacados-en-este-2015\/","title":{"rendered":"Autoridades entregan distinciones a vecinos destacados en este 2015"},"content":{"rendered":"<figure id=\"attachment_60554\" aria-describedby=\"caption-attachment-60554\" style=\"width: 300px\" class=\"wp-caption alignleft\"><a href=\"https:\/\/i0.wp.com\/www.eltrabajo.cl\/portal\/wp-content\/uploads\/2015\/08\/Premiacion-vecinos-destacados-1.jpg\"><img data-recalc-dims=\"1\" loading=\"lazy\" decoding=\"async\" class=\"wp-image-60554 size-medium\" src=\"https:\/\/i0.wp.com\/www.eltrabajo.cl\/portal\/wp-content\/uploads\/2015\/08\/Premiacion-vecinos-destacados-1-300x198.jpg?resize=300%2C198\" alt=\"El doctor Ren\u00e9 Mart\u00ednez junto a la Ministra de Salud, Carmen Castillo recibe el reconocimiento de parte del Concejo Municipal.\" width=\"300\" height=\"198\" srcset=\"https:\/\/i0.wp.com\/eltrabajo.cl\/portal\/wp-content\/uploads\/2015\/08\/Premiacion-vecinos-destacados-1.jpg?resize=300%2C198&amp;ssl=1 300w, https:\/\/i0.wp.com\/eltrabajo.cl\/portal\/wp-content\/uploads\/2015\/08\/Premiacion-vecinos-destacados-1.jpg?resize=200%2C132&amp;ssl=1 200w, https:\/\/i0.wp.com\/eltrabajo.cl\/portal\/wp-content\/uploads\/2015\/08\/Premiacion-vecinos-destacados-1.jpg?resize=227%2C150&amp;ssl=1 227w, https:\/\/i0.wp.com\/eltrabajo.cl\/portal\/wp-content\/uploads\/2015\/08\/Premiacion-vecinos-destacados-1.jpg?resize=400%2C264&amp;ssl=1 400w, https:\/\/i0.wp.com\/eltrabajo.cl\/portal\/wp-content\/uploads\/2015\/08\/Premiacion-vecinos-destacados-1.jpg?w=530&amp;ssl=1 530w\" sizes=\"auto, (max-width: 300px) 100vw, 300px\" \/><\/a><figcaption id=\"caption-attachment-60554\" class=\"wp-caption-text\">El doctor Ren\u00e9 Mart\u00ednez junto a la Ministra de Salud, Carmen Castillo recibe el reconocimiento de parte del Concejo Municipal.<\/figcaption><\/figure>\n<p>En el Teatro Roberto Barraza se realiz\u00f3 el viernes reci\u00e9n pasado la ceremonia de distinciones a vecinos destacados 2015, en el marco del aniversario 275 de la fundaci\u00f3n de la comuna de San Felipe.<br \/>\nEn la oportunidad 45 vecinos de San Felipe fueron distinguidos por el trabajo que realizan y su aporte a la comuna.<br \/>\nLa ceremonia comenz\u00f3 s\u00f3lo minutos despu\u00e9s de las 19 horas, luego que los vecinos destacados fueran recibidos por el alcalde Patricio Freire y el Concejo Municipal, con quienes se fotografiaron para recordar este especial momento.<br \/>\nEn su saludo a la comunidad, el jefe comunal destac\u00f3 a los vecinos distinguidos, se\u00f1alando que \u201cen esta siempre heroica ciudad encontramos a vecinas y vecinos honestos y solidarios, a j\u00f3venes que apuestan por el deporte y por el conocimiento, a emprendedores que no dan tregua al cansancio, a profesionales que se entregan a su actividad con devoci\u00f3n, a instituciones cuyos integrantes realizan su labor con energ\u00eda y enorme entrega, a comerciantes que d\u00eda a d\u00eda luchan para fortalecer nuestra econom\u00eda y lo que es mejor, que dan trabajo, a dirigentes vecinales que hacen de su actividad un apostolado, as\u00ed como a servidores p\u00fablicos que saben bien lo que es la empat\u00eda. Por eso es que no es una frase sencillamente metaf\u00f3rica la escrita por Alejandrina Carvajal Aspe\u00e9, cuando en nuestro himno de Aconcagua manifiesta que \u2018Aqu\u00ed vibra m\u00e1s fuerte la vida\u2019 \u201d.<br \/>\nEsas caracter\u00edsticas, seg\u00fan se\u00f1al\u00f3 el jefe comunal, son las que llevaron al Concejo Municipal a distinguir a estos vecinos, quienes han aportado al desarrollo de la comuna desde sus distintas \u00e1reas.<br \/>\nEste a\u00f1o la m\u00e1xima distinci\u00f3n de Hijo Ilustre fue entregada al doctor Ren\u00e9 Mart\u00ednez, quien, acompa\u00f1ado de la Ministra de Salud, Carmen Castillo subi\u00f3 a recibir el reconocimiento. Emocionado agradeci\u00f3 al alcalde Freire y al Concejo Municipal la distinci\u00f3n y se\u00f1al\u00f3 que \u201cuno nunca sabe si es merecedor de una distinci\u00f3n como \u00e9sta que es muy grande y cuando uno recibe estas manifestaciones siente un mayor compromiso con su ciudad y tambi\u00e9n hace un recuerdo como ha sido la vida de uno, su infancia, donde estudi\u00f3 y donde ha desarrollado su vida. Les agradezco mucho por esta distinci\u00f3n y espero seguir trabajando en mi profesi\u00f3n, enfocado en las personas\u201d, dijo el Hijo Ilustre 2015.<br \/>\nSeg\u00fan se\u00f1al\u00f3 adem\u00e1s el concejal Rodolfo Silva \u201cesta es una de las ceremonias que nos da m\u00e1s alegr\u00eda a nosotros, porque es el momento en que reconocemos a las personas por su labor no s\u00f3lo en un a\u00f1o, sino que por toda su vida, por eso es un orgullo estar ac\u00e1\u201d. La concejal Jeanette Sotomayor se mostr\u00f3 feliz, recalc\u00f3 la emoci\u00f3n en los vecinos destacados y manifest\u00f3 el acierto del cuerpo de concejales en la elecci\u00f3n de las personas distinguidas.<br \/>\nEn la oportunidad adem\u00e1s el grupo de canto del ballet municipal, \u2018Asiris\u2019 interpret\u00f3 dos temas que hicieron emocionar a los asistentes, lo que da cuenta de la preparaci\u00f3n de estos j\u00f3venes sanfelipe\u00f1os que se form\u00f3 s\u00f3lo hace unos meses, y que fueron parte de una ceremonia de primer nivel preparada por los funcionarios municipales.<br \/>\nLa ceremonia culmin\u00f3 pasadas las 21 horas, luego que cada uno de los vecinos destacados subiera al escenario y fueran saludados por el concejo municipal, quienes les entregaron el reconocimiento.<\/p>\n","protected":false},"excerpt":{"rendered":"<p>En el Teatro Roberto Barraza se realiz\u00f3 el viernes reci\u00e9n pasado la ceremonia de distinciones a vecinos destacados 2015, en el marco del aniversario 275 de la fundaci\u00f3n de la comuna de&#8230;<\/p>\n","protected":false},"author":482,"featured_media":60554,"comment_status":"open","ping_status":"open","sticky":false,"template":"","format":"standard","meta":{"advanced_seo_description":"","jetpack_seo_html_title":"","jetpack_seo_noindex":false,"_jetpack_memberships_contains_paid_content":false,"footnotes":""},"categories":[15],"tags":[],"class_list":["post-60553","post","type-post","status-publish","format-standard","has-post-thumbnail","hentry","category-comunidad"],"jetpack_featured_media_url":"https:\/\/i0.wp.com\/eltrabajo.cl\/portal\/wp-content\/uploads\/2015\/08\/Premiacion-vecinos-destacados-1.jpg?fit=530%2C350&ssl=1","jetpack_sharing_enabled":true,"jetpack_likes_enabled":true,"jetpack-related-posts":[],"_links":{"self":[{"href":"https:\/\/eltrabajo.cl\/portal\/wp-json\/wp\/v2\/posts\/60553","targetHints":{"allow":["GET"]}}],"collection":[{"href":"https:\/\/eltrabajo.cl\/portal\/wp-json\/wp\/v2\/posts"}],"about":[{"href":"https:\/\/eltrabajo.cl\/portal\/wp-json\/wp\/v2\/types\/post"}],"author":[{"embeddable":true,"href":"https:\/\/eltrabajo.cl\/portal\/wp-json\/wp\/v2\/users\/482"}],"replies":[{"embeddable":true,"href":"https:\/\/eltrabajo.cl\/portal\/wp-json\/wp\/v2\/comments?post=60553"}],"version-history":[{"count":0,"href":"https:\/\/eltrabajo.cl\/portal\/wp-json\/wp\/v2\/posts\/60553\/revisions"}],"wp:featuredmedia":[{"embeddable":true,"href":"https:\/\/eltrabajo.cl\/portal\/wp-json\/wp\/v2\/media\/60554"}],"wp:attachment":[{"href":"https:\/\/eltrabajo.cl\/portal\/wp-json\/wp\/v2\/media?parent=60553"}],"wp:term":[{"taxonomy":"category","embeddable":true,"href":"https:\/\/eltrabajo.cl\/portal\/wp-json\/wp\/v2\/categories?post=60553"},{"taxonomy":"post_tag","embeddable":true,"href":"https:\/\/eltrabajo.cl\/portal\/wp-json\/wp\/v2\/tags?post=60553"}],"curies":[{"name":"wp","href":"https:\/\/api.w.org\/{rel}","templated":true}]}}