{"id":60556,"date":"2015-08-03T09:26:35","date_gmt":"2015-08-03T12:26:35","guid":{"rendered":"http:\/\/www.eltrabajo.cl\/portal\/?p=60556"},"modified":"2015-08-03T09:26:35","modified_gmt":"2015-08-03T12:26:35","slug":"un-exito-beneficio-a-damnificados-incendio-en-pob-ejercito-libertador","status":"publish","type":"post","link":"https:\/\/eltrabajo.cl\/portal\/un-exito-beneficio-a-damnificados-incendio-en-pob-ejercito-libertador\/","title":{"rendered":"Un \u00e9xito beneficio a damnificados incendio en Pob. Ej\u00e9rcito Libertador"},"content":{"rendered":"<figure id=\"attachment_60557\" aria-describedby=\"caption-attachment-60557\" style=\"width: 300px\" class=\"wp-caption alignleft\"><a href=\"https:\/\/i0.wp.com\/www.eltrabajo.cl\/portal\/wp-content\/uploads\/2015\/08\/EVENTO-A-BENEFICIO-1-1.jpg\"><img data-recalc-dims=\"1\" loading=\"lazy\" decoding=\"async\" class=\"wp-image-60557 size-medium\" src=\"https:\/\/i0.wp.com\/www.eltrabajo.cl\/portal\/wp-content\/uploads\/2015\/08\/EVENTO-A-BENEFICIO-1-1-300x198.jpg?resize=300%2C198\" alt=\"Un centenar de personas particip\u00f3 del beneficio organizado por la Junta de Vecinos de la pobl. Ejercito Libertador, para ir en ayuda de las familias que resultaron damnificadas por un incendio en ese sector.\" width=\"300\" height=\"198\" srcset=\"https:\/\/i0.wp.com\/eltrabajo.cl\/portal\/wp-content\/uploads\/2015\/08\/EVENTO-A-BENEFICIO-1-1.jpg?resize=300%2C198&amp;ssl=1 300w, https:\/\/i0.wp.com\/eltrabajo.cl\/portal\/wp-content\/uploads\/2015\/08\/EVENTO-A-BENEFICIO-1-1.jpg?resize=200%2C132&amp;ssl=1 200w, https:\/\/i0.wp.com\/eltrabajo.cl\/portal\/wp-content\/uploads\/2015\/08\/EVENTO-A-BENEFICIO-1-1.jpg?resize=227%2C150&amp;ssl=1 227w, https:\/\/i0.wp.com\/eltrabajo.cl\/portal\/wp-content\/uploads\/2015\/08\/EVENTO-A-BENEFICIO-1-1.jpg?resize=400%2C264&amp;ssl=1 400w, https:\/\/i0.wp.com\/eltrabajo.cl\/portal\/wp-content\/uploads\/2015\/08\/EVENTO-A-BENEFICIO-1-1.jpg?w=530&amp;ssl=1 530w\" sizes=\"auto, (max-width: 300px) 100vw, 300px\" \/><\/a><figcaption id=\"caption-attachment-60557\" class=\"wp-caption-text\">Un centenar de personas particip\u00f3 del beneficio organizado por la Junta de Vecinos de la pobl. Ejercito Libertador, para ir en ayuda de las familias que resultaron damnificadas por un incendio en ese sector.<\/figcaption><\/figure>\n<p><strong>PUTAENDO<\/strong>.- En un verdadero \u00e9xito se convirti\u00f3 el beneficio organizado por la Junta de Vecinos de la poblaci\u00f3n Ej\u00e9rcito Libertador para ayudar a las familias que se vieron afectadas por el incendio que da\u00f1\u00f3 tres viviendas el pasado martes 7 de julio.<br \/>\nEn la Ramada de Los S\u00e1nchez el s\u00e1bado reci\u00e9n pasado se reunieron cientos de personas que adquirieron las tarjetas para este beneficio y que literalmente repletaron desde muy temprano ese hermoso recinto.<br \/>\nEn la parte art\u00edstica el grupo folcl\u00f3rico \u2018Los Cuequeros de Putaendo\u2019 cautivaron al p\u00fablico con varias de sus interpretaciones y una impecable presentaci\u00f3n que fue reconocida por los presentes, al igual que el joven de tan s\u00f3lo 16 a\u00f1os apodado \u2018El Chicote\u2019 que alegr\u00f3 a los presentes con su m\u00fasica ranchera.<br \/>\nPosteriormente los folcloristas Carlos y Sebasti\u00e1n Gallardo tambi\u00e9n hicieron su presentaci\u00f3n en representaci\u00f3n del Grupo de Ron a Ritmo.<br \/>\nEl consagrado cantante Wilfredo Gonz\u00e1lez tambi\u00e9n estuvo presente con todo su ritmo y roman\u00edsimo al estilo de las mejores canciones norte\u00f1as, dando paso a la m\u00fasica del Grupo Dulce Condena, que entreg\u00f3 su mejor repertorio que hizo bailar a todos hasta altas horas de la madrugada.<br \/>\nEl p\u00fablico particip\u00f3 alegremente en las rifas y remates que se realizaron durante la jornada que estuvo marcada por la tremenda solidaridad de la comunidad, que se uni\u00f3 para tender una mano a quienes se vieron afectados por el voraz incendio.<br \/>\nLos dirigentes y vecinos de la poblaci\u00f3n Ej\u00e9rcito Libertador tambi\u00e9n demostraron todo su compromiso y trabajo en este beneficio, con un arduo y extenso trabajo, mientras que una vez m\u00e1s la Familia S\u00e1nchez mostr\u00f3 todo su compromiso con la comunidad.<br \/>\nUna jornada hermosa de solidaridad que una vez m\u00e1s dio muestras contundentes del esp\u00edritu solidario de toda una comunidad, que se uni\u00f3 para tender una mano a quien lo necesita.<br \/>\nPatricio Gallardo M.<\/p>\n","protected":false},"excerpt":{"rendered":"<p>PUTAENDO.- En un verdadero \u00e9xito se convirti\u00f3 el beneficio organizado por la Junta de Vecinos de la poblaci\u00f3n Ej\u00e9rcito Libertador para ayudar a las familias que se vieron afectadas por el incendio&#8230;<\/p>\n","protected":false},"author":482,"featured_media":60557,"comment_status":"open","ping_status":"open","sticky":false,"template":"","format":"standard","meta":{"advanced_seo_description":"","jetpack_seo_html_title":"","jetpack_seo_noindex":false,"_jetpack_memberships_contains_paid_content":false,"footnotes":""},"categories":[15],"tags":[],"class_list":["post-60556","post","type-post","status-publish","format-standard","has-post-thumbnail","hentry","category-comunidad"],"jetpack_featured_media_url":"https:\/\/i0.wp.com\/eltrabajo.cl\/portal\/wp-content\/uploads\/2015\/08\/EVENTO-A-BENEFICIO-1-1.jpg?fit=530%2C350&ssl=1","jetpack_sharing_enabled":true,"jetpack_likes_enabled":true,"jetpack-related-posts":[],"_links":{"self":[{"href":"https:\/\/eltrabajo.cl\/portal\/wp-json\/wp\/v2\/posts\/60556","targetHints":{"allow":["GET"]}}],"collection":[{"href":"https:\/\/eltrabajo.cl\/portal\/wp-json\/wp\/v2\/posts"}],"about":[{"href":"https:\/\/eltrabajo.cl\/portal\/wp-json\/wp\/v2\/types\/post"}],"author":[{"embeddable":true,"href":"https:\/\/eltrabajo.cl\/portal\/wp-json\/wp\/v2\/users\/482"}],"replies":[{"embeddable":true,"href":"https:\/\/eltrabajo.cl\/portal\/wp-json\/wp\/v2\/comments?post=60556"}],"version-history":[{"count":0,"href":"https:\/\/eltrabajo.cl\/portal\/wp-json\/wp\/v2\/posts\/60556\/revisions"}],"wp:featuredmedia":[{"embeddable":true,"href":"https:\/\/eltrabajo.cl\/portal\/wp-json\/wp\/v2\/media\/60557"}],"wp:attachment":[{"href":"https:\/\/eltrabajo.cl\/portal\/wp-json\/wp\/v2\/media?parent=60556"}],"wp:term":[{"taxonomy":"category","embeddable":true,"href":"https:\/\/eltrabajo.cl\/portal\/wp-json\/wp\/v2\/categories?post=60556"},{"taxonomy":"post_tag","embeddable":true,"href":"https:\/\/eltrabajo.cl\/portal\/wp-json\/wp\/v2\/tags?post=60556"}],"curies":[{"name":"wp","href":"https:\/\/api.w.org\/{rel}","templated":true}]}}