{"id":60569,"date":"2015-08-03T09:39:54","date_gmt":"2015-08-03T12:39:54","guid":{"rendered":"http:\/\/www.eltrabajo.cl\/portal\/?p=60569"},"modified":"2015-08-03T09:39:54","modified_gmt":"2015-08-03T12:39:54","slug":"vecinos-de-curimon-y-21-de-mayo-celebran-los-275-anos-de-san-felipe","status":"publish","type":"post","link":"https:\/\/eltrabajo.cl\/portal\/vecinos-de-curimon-y-21-de-mayo-celebran-los-275-anos-de-san-felipe\/","title":{"rendered":"Vecinos de Curim\u00f3n y 21 de Mayo celebran los 275 a\u00f1os de San Felipe"},"content":{"rendered":"<figure id=\"attachment_60570\" aria-describedby=\"caption-attachment-60570\" style=\"width: 300px\" class=\"wp-caption alignleft\"><a href=\"https:\/\/i0.wp.com\/www.eltrabajo.cl\/portal\/wp-content\/uploads\/2015\/08\/esquinazo-21-mayo.jpg\"><img data-recalc-dims=\"1\" loading=\"lazy\" decoding=\"async\" class=\"wp-image-60570 size-medium\" src=\"https:\/\/i0.wp.com\/www.eltrabajo.cl\/portal\/wp-content\/uploads\/2015\/08\/esquinazo-21-mayo-300x197.jpg?resize=300%2C197\" alt=\"Alcalde Patricio Freire en tradicional esquinazo por aniversario N\u00ba 275 de la ciudad de San Felipe en 21 de Mayo.\" width=\"300\" height=\"197\" srcset=\"https:\/\/i0.wp.com\/eltrabajo.cl\/portal\/wp-content\/uploads\/2015\/08\/esquinazo-21-mayo.jpg?resize=300%2C197&amp;ssl=1 300w, https:\/\/i0.wp.com\/eltrabajo.cl\/portal\/wp-content\/uploads\/2015\/08\/esquinazo-21-mayo.jpg?resize=200%2C131&amp;ssl=1 200w, https:\/\/i0.wp.com\/eltrabajo.cl\/portal\/wp-content\/uploads\/2015\/08\/esquinazo-21-mayo.jpg?resize=228%2C150&amp;ssl=1 228w, https:\/\/i0.wp.com\/eltrabajo.cl\/portal\/wp-content\/uploads\/2015\/08\/esquinazo-21-mayo.jpg?resize=400%2C263&amp;ssl=1 400w, https:\/\/i0.wp.com\/eltrabajo.cl\/portal\/wp-content\/uploads\/2015\/08\/esquinazo-21-mayo.jpg?w=530&amp;ssl=1 530w\" sizes=\"auto, (max-width: 300px) 100vw, 300px\" \/><\/a><figcaption id=\"caption-attachment-60570\" class=\"wp-caption-text\">Alcalde Patricio Freire en tradicional esquinazo por aniversario N\u00ba 275 de la ciudad de San Felipe en 21 de Mayo.<\/figcaption><\/figure>\n<p>Alcalde Freire destac\u00f3 los avances que se han alcanzado en ambas localidades, las que a juicio de la autoridad no solo revisten trascendencia en el pasado de la comuna, sino tambi\u00e9n en su desarrollo presente y futuro.<br \/>\nEn las localidades de Curim\u00f3n el s\u00e1bado y de 21 de Mayo este domingo, se iniciaron las actividades oficiales de celebraci\u00f3n del aniversario fundacional de San Felipe, con ceremonias c\u00edvico &#8211; militares donde el alcalde Patricio Freire entreg\u00f3 emotivos mensajes, destacando los hitos hist\u00f3ricos que marcan a ambos sectores, as\u00ed como la trascendencia que tienen en el presente y futuro de la comuna.<br \/>\nLa caracter\u00edstica com\u00fan de ambas ceremonias, fue la enorme participaci\u00f3n de la comunidad, que sin importar el fr\u00edo asisti\u00f3 como espectador y en muchos casos, como protagonista del desfile en homenaje a la ciudad y su fundador.<br \/>\nEn el caso del acto c\u00edvico militar realizado en Curim\u00f3n, el alcalde Patricio Freire record\u00f3 que este sector no solo tiene relevancia a prop\u00f3sito de que fue en el Convento San Francisco donde Don Jos\u00e9 Antonio Manso de Velasco firm\u00f3 el acta fundacional de San Felipe; sino que en su gesti\u00f3n municipal tambi\u00e9n reviste enorme importancia, prueba de ello son los numerosos proyectos que se han aprobado.<br \/>\nEn este contexto, el jefe comunal manifest\u00f3 que \u201cCurim\u00f3n y todos los sectores aleda\u00f1os tienen enorme relevancia para nosotros y por eso hemos hecho muchos esfuerzos para que aqu\u00ed se ejecuten proyectos que eran esperados hace a\u00f1os por los vecinos: hoy d\u00eda la Plaza est\u00e1 remodelada, ejecutamos proyectos de pavimentaci\u00f3n participativa en la Villa Curim\u00f3n, ya conseguimos la aprobaci\u00f3n de mil 200 millones de pesos para un anhelo de mucho tiempo, como es el alcantarillado San Rafael \u2013 Curim\u00f3n\u201d.<br \/>\nEl alcalde de todos modos recalc\u00f3 que existe una serie de desaf\u00edos pendientes, formulando un llamado a los vecinos a trabajar de manera conjunta, para continuar en esta l\u00ednea de desarrollo que ha caracterizado su gesti\u00f3n en el sector de Curim\u00f3n.<br \/>\nEn la ma\u00f1ana del domingo en tanto, el jefe comunal junto al Concejo Municipal y autoridades como los Consejeros Regionales Mario Sottolichio, Iv\u00e1n Reyes y Rolando Stevenson, adem\u00e1s de representantes del Ej\u00e9rcito y Carabineros, encabezaron el segundo acto que tradicionalmente se realiza en el contexto del aniversario fundacional de San Felipe, en este caso en la localidad de 21 de Mayo.<br \/>\nEl desfile de las fuerzas vivas de este sector, como de Algarrobal, Bellavista y El Asiento, marc\u00f3 la celebraci\u00f3n del aniversario de San Felipe. Se trata de localidades que, al igual que Curim\u00f3n, forman parte importante de la historia de Aconcagua, ya que seg\u00fan precis\u00f3 en su mensaje el jefe comunal, esta zona corresponde a uno de los primeros asentamientos picunches del valle, donde surgi\u00f3 la figura del Cacique Michimalongo.<br \/>\n\u201cPero no solo estos sectores son importantes por su pasado, sino tambi\u00e9n por su presente, por el aporte al desarrollo econ\u00f3mico que realizan los agricultores de 21 de Mayo, de El Asiento y Bellavista, quienes sabemos que han enfrentado enormes dificultades para sacar adelante su actividad, a ra\u00edz de una sequ\u00eda que ha sido terrible para ellos\u201d, se\u00f1al\u00f3 el alcalde Freire.<br \/>\nLa autoridad en su mensaje a los vecinos de 21 de Mayo, reiter\u00f3 su compromiso de seguir trabajando para atender las necesidades de la comunidad, enfatizando en que \u201chemos avanzado en la construcci\u00f3n de un pozo profundo que permita obtener el recurso h\u00eddrico de nuestras napas. Y seguimos trabajando para materializar los proyectos destinados a dotar al sector de nuevos pozos\u201d.<br \/>\nHay que consignar que este lunes, a las 11.00 horas se realizar\u00e1 el acto central con motivo del 275 aniversario de la fundaci\u00f3n de la ciudad de San Felipe. Esto, tras el Te Deum de Acci\u00f3n de Gracias que a partir de las 10.00 horas presidir\u00e1 el obispo de Aconcagua Cristian Contreras en la Iglesia Catedral.<\/p>\n<div class=\"tiled-gallery type-rectangular tiled-gallery-unresized\" data-original-width=\"640\" data-carousel-extra='null' itemscope itemtype=\"http:\/\/schema.org\/ImageGallery\" > <div class=\"gallery-row\" style=\"width: 640px; height: 282px;\" data-original-width=\"640\" data-original-height=\"282\" > <div class=\"gallery-group images-1\" style=\"width: 427px; height: 282px;\" data-original-width=\"427\" data-original-height=\"282\" > <div class=\"tiled-gallery-item tiled-gallery-item-large\" itemprop=\"associatedMedia\" itemscope itemtype=\"http:\/\/schema.org\/ImageObject\"> <a href=\"https:\/\/eltrabajo.cl\/portal\/vecinos-de-curimon-y-21-de-mayo-celebran-los-275-anos-de-san-felipe\/curimon-bomberos-aniversario-sanfelipe\/\" border=\"0\" itemprop=\"url\"> <meta itemprop=\"width\" content=\"423\"> <meta itemprop=\"height\" content=\"278\"> <img decoding=\"async\" class=\"\" data-attachment-id=\"60571\" data-orig-file=\"https:\/\/eltrabajo.cl\/portal\/wp-content\/uploads\/2015\/08\/curimon-bomberos-aniversario-sanfelipe.jpg\" data-orig-size=\"530,348\" data-comments-opened=\"1\" data-image-meta=\"{&quot;aperture&quot;:&quot;0&quot;,&quot;credit&quot;:&quot;&quot;,&quot;camera&quot;:&quot;&quot;,&quot;caption&quot;:&quot;&quot;,&quot;created_timestamp&quot;:&quot;0&quot;,&quot;copyright&quot;:&quot;&quot;,&quot;focal_length&quot;:&quot;0&quot;,&quot;iso&quot;:&quot;0&quot;,&quot;shutter_speed&quot;:&quot;0&quot;,&quot;title&quot;:&quot;&quot;,&quot;orientation&quot;:&quot;0&quot;}\" data-image-title=\"curimon bomberos aniversario sanfelipe\" data-image-description=\"&lt;p&gt;Bomberos de Curim\u00f3n no pod\u00edan quedar ausentes de los homenajes de aniversario.&lt;\/p&gt; \" data-medium-file=\"https:\/\/i0.wp.com\/eltrabajo.cl\/portal\/wp-content\/uploads\/2015\/08\/curimon-bomberos-aniversario-sanfelipe.jpg?fit=300%2C197&#038;ssl=1\" data-large-file=\"https:\/\/i0.wp.com\/eltrabajo.cl\/portal\/wp-content\/uploads\/2015\/08\/curimon-bomberos-aniversario-sanfelipe.jpg?fit=530%2C348&#038;ssl=1\" src=\"https:\/\/i0.wp.com\/eltrabajo.cl\/portal\/wp-content\/uploads\/2015\/08\/curimon-bomberos-aniversario-sanfelipe.jpg?w=423&#038;h=278&#038;ssl=1\" srcset=\"https:\/\/i0.wp.com\/eltrabajo.cl\/portal\/wp-content\/uploads\/2015\/08\/curimon-bomberos-aniversario-sanfelipe.jpg?w=530&amp;ssl=1 530w, https:\/\/i0.wp.com\/eltrabajo.cl\/portal\/wp-content\/uploads\/2015\/08\/curimon-bomberos-aniversario-sanfelipe.jpg?resize=200%2C131&amp;ssl=1 200w, https:\/\/i0.wp.com\/eltrabajo.cl\/portal\/wp-content\/uploads\/2015\/08\/curimon-bomberos-aniversario-sanfelipe.jpg?resize=300%2C197&amp;ssl=1 300w, https:\/\/i0.wp.com\/eltrabajo.cl\/portal\/wp-content\/uploads\/2015\/08\/curimon-bomberos-aniversario-sanfelipe.jpg?resize=228%2C150&amp;ssl=1 228w, https:\/\/i0.wp.com\/eltrabajo.cl\/portal\/wp-content\/uploads\/2015\/08\/curimon-bomberos-aniversario-sanfelipe.jpg?resize=400%2C263&amp;ssl=1 400w\" width=\"423\" height=\"278\" loading=\"lazy\" data-original-width=\"423\" data-original-height=\"278\" itemprop=\"http:\/\/schema.org\/image\" title=\"curimon bomberos aniversario sanfelipe\" alt=\"Bomberos de Curim\u00f3n no pod\u00edan quedar ausentes de los homenajes de aniversario.\" style=\"width: 423px; height: 278px;\" \/> <\/a> <div class=\"tiled-gallery-caption\" itemprop=\"caption description\"> Bomberos de Curim\u00f3n no pod\u00edan quedar ausentes de los homenajes de aniversario. <\/div> <\/div> <\/div> <!-- close group --> <div class=\"gallery-group images-2\" style=\"width: 213px; height: 282px;\" data-original-width=\"213\" data-original-height=\"282\" > <div class=\"tiled-gallery-item tiled-gallery-item-small\" itemprop=\"associatedMedia\" itemscope itemtype=\"http:\/\/schema.org\/ImageObject\"> <a href=\"https:\/\/eltrabajo.cl\/portal\/vecinos-de-curimon-y-21-de-mayo-celebran-los-275-anos-de-san-felipe\/bomberos-7a-cia-21-de-mayo\/\" border=\"0\" itemprop=\"url\"> <meta itemprop=\"width\" content=\"209\"> <meta itemprop=\"height\" content=\"137\"> <img decoding=\"async\" class=\"\" data-attachment-id=\"60575\" data-orig-file=\"https:\/\/eltrabajo.cl\/portal\/wp-content\/uploads\/2015\/08\/bomberos-7a-cia-21-de-mayo.jpg\" data-orig-size=\"530,348\" data-comments-opened=\"1\" data-image-meta=\"{&quot;aperture&quot;:&quot;0&quot;,&quot;credit&quot;:&quot;&quot;,&quot;camera&quot;:&quot;&quot;,&quot;caption&quot;:&quot;&quot;,&quot;created_timestamp&quot;:&quot;0&quot;,&quot;copyright&quot;:&quot;&quot;,&quot;focal_length&quot;:&quot;0&quot;,&quot;iso&quot;:&quot;0&quot;,&quot;shutter_speed&quot;:&quot;0&quot;,&quot;title&quot;:&quot;&quot;,&quot;orientation&quot;:&quot;0&quot;}\" data-image-title=\"bomberos 7a cia 21 de mayo\" data-image-description=\"&lt;p&gt;La S\u00e9ptima Compa\u00f1\u00eda del Cuerpo de Bomberos de 21 de Mayo particip\u00f3 de la celebraci\u00f3n de un nuevo aniversario.&lt;\/p&gt; \" data-medium-file=\"https:\/\/i0.wp.com\/eltrabajo.cl\/portal\/wp-content\/uploads\/2015\/08\/bomberos-7a-cia-21-de-mayo.jpg?fit=300%2C197&#038;ssl=1\" data-large-file=\"https:\/\/i0.wp.com\/eltrabajo.cl\/portal\/wp-content\/uploads\/2015\/08\/bomberos-7a-cia-21-de-mayo.jpg?fit=530%2C348&#038;ssl=1\" src=\"https:\/\/i0.wp.com\/eltrabajo.cl\/portal\/wp-content\/uploads\/2015\/08\/bomberos-7a-cia-21-de-mayo.jpg?w=209&#038;h=137&#038;ssl=1\" srcset=\"https:\/\/i0.wp.com\/eltrabajo.cl\/portal\/wp-content\/uploads\/2015\/08\/bomberos-7a-cia-21-de-mayo.jpg?w=530&amp;ssl=1 530w, https:\/\/i0.wp.com\/eltrabajo.cl\/portal\/wp-content\/uploads\/2015\/08\/bomberos-7a-cia-21-de-mayo.jpg?resize=200%2C131&amp;ssl=1 200w, https:\/\/i0.wp.com\/eltrabajo.cl\/portal\/wp-content\/uploads\/2015\/08\/bomberos-7a-cia-21-de-mayo.jpg?resize=300%2C197&amp;ssl=1 300w, https:\/\/i0.wp.com\/eltrabajo.cl\/portal\/wp-content\/uploads\/2015\/08\/bomberos-7a-cia-21-de-mayo.jpg?resize=228%2C150&amp;ssl=1 228w, https:\/\/i0.wp.com\/eltrabajo.cl\/portal\/wp-content\/uploads\/2015\/08\/bomberos-7a-cia-21-de-mayo.jpg?resize=400%2C263&amp;ssl=1 400w\" width=\"209\" height=\"137\" loading=\"lazy\" data-original-width=\"209\" data-original-height=\"137\" itemprop=\"http:\/\/schema.org\/image\" title=\"bomberos 7a cia 21 de mayo\" alt=\"La S\u00e9ptima Compa\u00f1\u00eda del Cuerpo de Bomberos de 21 de Mayo particip\u00f3 de la celebraci\u00f3n de un nuevo aniversario.\" style=\"width: 209px; height: 137px;\" \/> <\/a> <div class=\"tiled-gallery-caption\" itemprop=\"caption description\"> La S\u00e9ptima Compa\u00f1\u00eda del Cuerpo de Bomberos de 21 de Mayo particip\u00f3 de la celebraci\u00f3n de un nuevo aniversario. <\/div> <\/div> <div class=\"tiled-gallery-item tiled-gallery-item-small\" itemprop=\"associatedMedia\" itemscope itemtype=\"http:\/\/schema.org\/ImageObject\"> <a href=\"https:\/\/eltrabajo.cl\/portal\/vecinos-de-curimon-y-21-de-mayo-celebran-los-275-anos-de-san-felipe\/curimon1-parvulos\/\" border=\"0\" itemprop=\"url\"> <meta itemprop=\"width\" content=\"209\"> <meta itemprop=\"height\" content=\"137\"> <img decoding=\"async\" class=\"\" data-attachment-id=\"60573\" data-orig-file=\"https:\/\/eltrabajo.cl\/portal\/wp-content\/uploads\/2015\/08\/curimon1-parvulos.jpg\" data-orig-size=\"530,348\" data-comments-opened=\"1\" data-image-meta=\"{&quot;aperture&quot;:&quot;0&quot;,&quot;credit&quot;:&quot;&quot;,&quot;camera&quot;:&quot;&quot;,&quot;caption&quot;:&quot;&quot;,&quot;created_timestamp&quot;:&quot;0&quot;,&quot;copyright&quot;:&quot;&quot;,&quot;focal_length&quot;:&quot;0&quot;,&quot;iso&quot;:&quot;0&quot;,&quot;shutter_speed&quot;:&quot;0&quot;,&quot;title&quot;:&quot;&quot;,&quot;orientation&quot;:&quot;0&quot;}\" data-image-title=\"curimon1 parvulos\" data-image-description=\"&lt;p&gt;Los m\u00e1s peque\u00f1os junto a sus educadoras tambi\u00e9n participaron de los desfiles conmemorativos.&lt;\/p&gt; \" data-medium-file=\"https:\/\/i0.wp.com\/eltrabajo.cl\/portal\/wp-content\/uploads\/2015\/08\/curimon1-parvulos.jpg?fit=300%2C197&#038;ssl=1\" data-large-file=\"https:\/\/i0.wp.com\/eltrabajo.cl\/portal\/wp-content\/uploads\/2015\/08\/curimon1-parvulos.jpg?fit=530%2C348&#038;ssl=1\" src=\"https:\/\/i0.wp.com\/eltrabajo.cl\/portal\/wp-content\/uploads\/2015\/08\/curimon1-parvulos.jpg?w=209&#038;h=137&#038;ssl=1\" srcset=\"https:\/\/i0.wp.com\/eltrabajo.cl\/portal\/wp-content\/uploads\/2015\/08\/curimon1-parvulos.jpg?w=530&amp;ssl=1 530w, https:\/\/i0.wp.com\/eltrabajo.cl\/portal\/wp-content\/uploads\/2015\/08\/curimon1-parvulos.jpg?resize=200%2C131&amp;ssl=1 200w, https:\/\/i0.wp.com\/eltrabajo.cl\/portal\/wp-content\/uploads\/2015\/08\/curimon1-parvulos.jpg?resize=300%2C197&amp;ssl=1 300w, https:\/\/i0.wp.com\/eltrabajo.cl\/portal\/wp-content\/uploads\/2015\/08\/curimon1-parvulos.jpg?resize=228%2C150&amp;ssl=1 228w, https:\/\/i0.wp.com\/eltrabajo.cl\/portal\/wp-content\/uploads\/2015\/08\/curimon1-parvulos.jpg?resize=400%2C263&amp;ssl=1 400w\" width=\"209\" height=\"137\" loading=\"lazy\" data-original-width=\"209\" data-original-height=\"137\" itemprop=\"http:\/\/schema.org\/image\" title=\"curimon1 parvulos\" alt=\"Los m\u00e1s peque\u00f1os junto a sus educadoras tambi\u00e9n participaron de los desfiles conmemorativos.\" style=\"width: 209px; height: 137px;\" \/> <\/a> <div class=\"tiled-gallery-caption\" itemprop=\"caption description\"> Los m\u00e1s peque\u00f1os junto a sus educadoras tambi\u00e9n participaron de los desfiles conmemorativos. <\/div> <\/div> <\/div> <!-- close group --> <\/div> <!-- close row --> <div class=\"gallery-row\" style=\"width: 640px; height: 211px;\" data-original-width=\"640\" data-original-height=\"211\" > <div class=\"gallery-group images-1\" style=\"width: 320px; height: 211px;\" data-original-width=\"320\" data-original-height=\"211\" > <div class=\"tiled-gallery-item tiled-gallery-item-large\" itemprop=\"associatedMedia\" itemscope itemtype=\"http:\/\/schema.org\/ImageObject\"> <a href=\"https:\/\/eltrabajo.cl\/portal\/vecinos-de-curimon-y-21-de-mayo-celebran-los-275-anos-de-san-felipe\/motoqueros-3\/\" border=\"0\" itemprop=\"url\"> <meta itemprop=\"width\" content=\"316\"> <meta itemprop=\"height\" content=\"207\"> <img decoding=\"async\" class=\"\" data-attachment-id=\"60574\" data-orig-file=\"https:\/\/eltrabajo.cl\/portal\/wp-content\/uploads\/2015\/08\/motoqueros.jpg\" data-orig-size=\"530,348\" data-comments-opened=\"1\" data-image-meta=\"{&quot;aperture&quot;:&quot;0&quot;,&quot;credit&quot;:&quot;&quot;,&quot;camera&quot;:&quot;&quot;,&quot;caption&quot;:&quot;&quot;,&quot;created_timestamp&quot;:&quot;0&quot;,&quot;copyright&quot;:&quot;&quot;,&quot;focal_length&quot;:&quot;0&quot;,&quot;iso&quot;:&quot;0&quot;,&quot;shutter_speed&quot;:&quot;0&quot;,&quot;title&quot;:&quot;&quot;,&quot;orientation&quot;:&quot;0&quot;}\" data-image-title=\"motoqueros\" data-image-description=\"&lt;p&gt;Los Motoqueros tambi\u00e9n se sumaron al aniversario de San Felipe en 21 de Mayo.&lt;\/p&gt; \" data-medium-file=\"https:\/\/i0.wp.com\/eltrabajo.cl\/portal\/wp-content\/uploads\/2015\/08\/motoqueros.jpg?fit=300%2C197&#038;ssl=1\" data-large-file=\"https:\/\/i0.wp.com\/eltrabajo.cl\/portal\/wp-content\/uploads\/2015\/08\/motoqueros.jpg?fit=530%2C348&#038;ssl=1\" src=\"https:\/\/i0.wp.com\/eltrabajo.cl\/portal\/wp-content\/uploads\/2015\/08\/motoqueros.jpg?w=316&#038;h=207&#038;ssl=1\" srcset=\"https:\/\/i0.wp.com\/eltrabajo.cl\/portal\/wp-content\/uploads\/2015\/08\/motoqueros.jpg?w=530&amp;ssl=1 530w, https:\/\/i0.wp.com\/eltrabajo.cl\/portal\/wp-content\/uploads\/2015\/08\/motoqueros.jpg?resize=200%2C131&amp;ssl=1 200w, https:\/\/i0.wp.com\/eltrabajo.cl\/portal\/wp-content\/uploads\/2015\/08\/motoqueros.jpg?resize=300%2C197&amp;ssl=1 300w, https:\/\/i0.wp.com\/eltrabajo.cl\/portal\/wp-content\/uploads\/2015\/08\/motoqueros.jpg?resize=228%2C150&amp;ssl=1 228w, https:\/\/i0.wp.com\/eltrabajo.cl\/portal\/wp-content\/uploads\/2015\/08\/motoqueros.jpg?resize=400%2C263&amp;ssl=1 400w\" width=\"316\" height=\"207\" loading=\"lazy\" data-original-width=\"316\" data-original-height=\"207\" itemprop=\"http:\/\/schema.org\/image\" title=\"motoqueros\" alt=\"Los Motoqueros tambi\u00e9n se sumaron al aniversario de San Felipe en 21 de Mayo.\" style=\"width: 316px; height: 207px;\" \/> <\/a> <div class=\"tiled-gallery-caption\" itemprop=\"caption description\"> Los Motoqueros tambi\u00e9n se sumaron al aniversario de San Felipe en 21 de Mayo. <\/div> <\/div> <\/div> <!-- close group --> <div class=\"gallery-group images-1\" style=\"width: 320px; height: 211px;\" data-original-width=\"320\" data-original-height=\"211\" > <div class=\"tiled-gallery-item tiled-gallery-item-large\" itemprop=\"associatedMedia\" itemscope itemtype=\"http:\/\/schema.org\/ImageObject\"> <a href=\"https:\/\/eltrabajo.cl\/portal\/vecinos-de-curimon-y-21-de-mayo-celebran-los-275-anos-de-san-felipe\/curimon-folklore-aniversario\/\" border=\"0\" itemprop=\"url\"> <meta itemprop=\"width\" content=\"316\"> <meta itemprop=\"height\" content=\"207\"> <img decoding=\"async\" class=\"\" data-attachment-id=\"60572\" data-orig-file=\"https:\/\/eltrabajo.cl\/portal\/wp-content\/uploads\/2015\/08\/curimon-folklore-aniversario.jpg\" data-orig-size=\"530,348\" data-comments-opened=\"1\" data-image-meta=\"{&quot;aperture&quot;:&quot;0&quot;,&quot;credit&quot;:&quot;&quot;,&quot;camera&quot;:&quot;&quot;,&quot;caption&quot;:&quot;&quot;,&quot;created_timestamp&quot;:&quot;0&quot;,&quot;copyright&quot;:&quot;&quot;,&quot;focal_length&quot;:&quot;0&quot;,&quot;iso&quot;:&quot;0&quot;,&quot;shutter_speed&quot;:&quot;0&quot;,&quot;title&quot;:&quot;&quot;,&quot;orientation&quot;:&quot;0&quot;}\" data-image-title=\"curimon folklore aniversario\" data-image-description=\"&lt;p&gt;Sin importar el fr\u00edo, un grupo de j\u00f3venes se lucieron bailando un pie de cueca frente a las autoridades y a toda la comunidad asistente.&lt;\/p&gt; \" data-medium-file=\"https:\/\/i0.wp.com\/eltrabajo.cl\/portal\/wp-content\/uploads\/2015\/08\/curimon-folklore-aniversario.jpg?fit=300%2C197&#038;ssl=1\" data-large-file=\"https:\/\/i0.wp.com\/eltrabajo.cl\/portal\/wp-content\/uploads\/2015\/08\/curimon-folklore-aniversario.jpg?fit=530%2C348&#038;ssl=1\" src=\"https:\/\/i0.wp.com\/eltrabajo.cl\/portal\/wp-content\/uploads\/2015\/08\/curimon-folklore-aniversario.jpg?w=316&#038;h=207&#038;ssl=1\" srcset=\"https:\/\/i0.wp.com\/eltrabajo.cl\/portal\/wp-content\/uploads\/2015\/08\/curimon-folklore-aniversario.jpg?w=530&amp;ssl=1 530w, https:\/\/i0.wp.com\/eltrabajo.cl\/portal\/wp-content\/uploads\/2015\/08\/curimon-folklore-aniversario.jpg?resize=200%2C131&amp;ssl=1 200w, https:\/\/i0.wp.com\/eltrabajo.cl\/portal\/wp-content\/uploads\/2015\/08\/curimon-folklore-aniversario.jpg?resize=300%2C197&amp;ssl=1 300w, https:\/\/i0.wp.com\/eltrabajo.cl\/portal\/wp-content\/uploads\/2015\/08\/curimon-folklore-aniversario.jpg?resize=228%2C150&amp;ssl=1 228w, https:\/\/i0.wp.com\/eltrabajo.cl\/portal\/wp-content\/uploads\/2015\/08\/curimon-folklore-aniversario.jpg?resize=400%2C263&amp;ssl=1 400w\" width=\"316\" height=\"207\" loading=\"lazy\" data-original-width=\"316\" data-original-height=\"207\" itemprop=\"http:\/\/schema.org\/image\" title=\"curimon folklore aniversario\" alt=\"Sin importar el fr\u00edo, un grupo de j\u00f3venes se lucieron bailando un pie de cueca frente a las autoridades y a toda la comunidad asistente.\" style=\"width: 316px; height: 207px;\" \/> <\/a> <div class=\"tiled-gallery-caption\" itemprop=\"caption description\"> Sin importar el fr\u00edo, un grupo de j\u00f3venes se lucieron bailando un pie de cueca frente a las autoridades y a toda la comunidad asistente. <\/div> <\/div> <\/div> <!-- close group --> <\/div> <!-- close row --> <\/div>\n","protected":false},"excerpt":{"rendered":"<p>Alcalde Freire destac\u00f3 los avances que se han alcanzado en ambas localidades, las que a juicio de la autoridad no solo revisten trascendencia en el pasado de la comuna, sino tambi\u00e9n en&#8230;<\/p>\n","protected":false},"author":482,"featured_media":60570,"comment_status":"open","ping_status":"open","sticky":false,"template":"","format":"standard","meta":{"advanced_seo_description":"","jetpack_seo_html_title":"","jetpack_seo_noindex":false,"_jetpack_memberships_contains_paid_content":false,"footnotes":""},"categories":[15],"tags":[],"class_list":["post-60569","post","type-post","status-publish","format-standard","has-post-thumbnail","hentry","category-comunidad"],"jetpack_featured_media_url":"https:\/\/i0.wp.com\/eltrabajo.cl\/portal\/wp-content\/uploads\/2015\/08\/esquinazo-21-mayo.jpg?fit=530%2C348&ssl=1","jetpack_sharing_enabled":true,"jetpack_likes_enabled":true,"jetpack-related-posts":[],"_links":{"self":[{"href":"https:\/\/eltrabajo.cl\/portal\/wp-json\/wp\/v2\/posts\/60569","targetHints":{"allow":["GET"]}}],"collection":[{"href":"https:\/\/eltrabajo.cl\/portal\/wp-json\/wp\/v2\/posts"}],"about":[{"href":"https:\/\/eltrabajo.cl\/portal\/wp-json\/wp\/v2\/types\/post"}],"author":[{"embeddable":true,"href":"https:\/\/eltrabajo.cl\/portal\/wp-json\/wp\/v2\/users\/482"}],"replies":[{"embeddable":true,"href":"https:\/\/eltrabajo.cl\/portal\/wp-json\/wp\/v2\/comments?post=60569"}],"version-history":[{"count":0,"href":"https:\/\/eltrabajo.cl\/portal\/wp-json\/wp\/v2\/posts\/60569\/revisions"}],"wp:featuredmedia":[{"embeddable":true,"href":"https:\/\/eltrabajo.cl\/portal\/wp-json\/wp\/v2\/media\/60570"}],"wp:attachment":[{"href":"https:\/\/eltrabajo.cl\/portal\/wp-json\/wp\/v2\/media?parent=60569"}],"wp:term":[{"taxonomy":"category","embeddable":true,"href":"https:\/\/eltrabajo.cl\/portal\/wp-json\/wp\/v2\/categories?post=60569"},{"taxonomy":"post_tag","embeddable":true,"href":"https:\/\/eltrabajo.cl\/portal\/wp-json\/wp\/v2\/tags?post=60569"}],"curies":[{"name":"wp","href":"https:\/\/api.w.org\/{rel}","templated":true}]}}