{"id":60589,"date":"2015-08-03T09:47:53","date_gmt":"2015-08-03T12:47:53","guid":{"rendered":"http:\/\/www.eltrabajo.cl\/portal\/?p=60589"},"modified":"2015-08-03T09:47:53","modified_gmt":"2015-08-03T12:47:53","slug":"conductor-se-habria-dado-a-la-fuga-tras-protagonizar-violento-accidente","status":"publish","type":"post","link":"https:\/\/eltrabajo.cl\/portal\/conductor-se-habria-dado-a-la-fuga-tras-protagonizar-violento-accidente\/","title":{"rendered":"Conductor se habr\u00eda dado a la fuga tras protagonizar violento accidente"},"content":{"rendered":"<figure id=\"attachment_60590\" aria-describedby=\"caption-attachment-60590\" style=\"width: 300px\" class=\"wp-caption alignleft\"><a href=\"https:\/\/i0.wp.com\/www.eltrabajo.cl\/portal\/wp-content\/uploads\/2015\/08\/ACCIDENTE-TOCORNAL-2.jpg\"><img data-recalc-dims=\"1\" loading=\"lazy\" decoding=\"async\" class=\"wp-image-60590 size-medium\" src=\"https:\/\/i0.wp.com\/www.eltrabajo.cl\/portal\/wp-content\/uploads\/2015\/08\/ACCIDENTE-TOCORNAL-2-300x198.jpg?resize=300%2C198\" alt=\"El accidente dej\u00f3 como saldo una persona lesionada de consideraci\u00f3n en avenida Tocornal en San Felipe, cuyo conductor se habr\u00eda dado a la fuga. (Foto @EmerVCordillera).\" width=\"300\" height=\"198\" srcset=\"https:\/\/i0.wp.com\/eltrabajo.cl\/portal\/wp-content\/uploads\/2015\/08\/ACCIDENTE-TOCORNAL-2.jpg?resize=300%2C198&amp;ssl=1 300w, https:\/\/i0.wp.com\/eltrabajo.cl\/portal\/wp-content\/uploads\/2015\/08\/ACCIDENTE-TOCORNAL-2.jpg?resize=200%2C132&amp;ssl=1 200w, https:\/\/i0.wp.com\/eltrabajo.cl\/portal\/wp-content\/uploads\/2015\/08\/ACCIDENTE-TOCORNAL-2.jpg?resize=228%2C150&amp;ssl=1 228w, https:\/\/i0.wp.com\/eltrabajo.cl\/portal\/wp-content\/uploads\/2015\/08\/ACCIDENTE-TOCORNAL-2.jpg?resize=400%2C263&amp;ssl=1 400w, https:\/\/i0.wp.com\/eltrabajo.cl\/portal\/wp-content\/uploads\/2015\/08\/ACCIDENTE-TOCORNAL-2.jpg?w=530&amp;ssl=1 530w\" sizes=\"auto, (max-width: 300px) 100vw, 300px\" \/><\/a><figcaption id=\"caption-attachment-60590\" class=\"wp-caption-text\">El accidente dej\u00f3 como saldo una persona lesionada de consideraci\u00f3n en avenida Tocornal en San Felipe, cuyo conductor se habr\u00eda dado a la fuga. (Foto @EmerVCordillera).<\/figcaption><\/figure>\n<p>Carabineros investiga incidente ocurrido la ma\u00f1ana del pasado s\u00e1bado, en circunstancias que al interior del veh\u00edculo chocado se encontraba un tripulante herido, quien habr\u00eda se\u00f1alado que el conductor habr\u00eda escapado del accidente para eludir responsabilidades.<br \/>\nUn violento accidente se registr\u00f3 la ma\u00f1ana de este s\u00e1bado, luego que el conductor de un veh\u00edculo de color azul se estrellara contra un poste del alumbrado p\u00fablico. El conductor escap\u00f3 del accidente dejando a su acompa\u00f1ante lesionado al interior del m\u00f3vil que qued\u00f3 completamente da\u00f1ado en la avenida Tocornal de San Felipe.<br \/>\nEl accidente se produjo pasadas 08:00 horas cuando el conductor, presumiblemente bajo los efectos del alcohol, perdi\u00f3 el control de su veh\u00edculo chocando violentamente contra uno de los postes de alumbrado p\u00fablico que fue arrancado de su ubicaci\u00f3n, causando adem\u00e1s cortes de energ\u00eda el\u00e9ctrica.<br \/>\nA ra\u00edz del brutal impacto del autom\u00f3vil, que qued\u00f3 con gran parte de su carrocer\u00eda destrozada, el conductor herido habr\u00eda abandonado el sitio del suceso dejando a un adulto joven herido al interior del m\u00f3vil, debiendo ser asistido por personal del Samu que lo traslad\u00f3 hasta el servicio de urgencias del Hospital San Camilo de San Felipe.<br \/>\nCarabineros y Bomberos concurrieron a la emergencia en dicho camino, realizando las primeras diligencias investigativas del caso, debido a que a\u00fan no se individualiza al conductor del veh\u00edculo o no se determina si es que la \u00fanica persona lesionada se podr\u00eda haber cambiado de asiento para eludir responsabilidades.<br \/>\nSin embargo, Carabineros tom\u00f3 contacto con el propietario del veh\u00edculo para iniciar la investigaci\u00f3n del caso e individualizar a quien produjo el violento accidente que se habr\u00eda generado por exceso de velocidad o aparente conducci\u00f3n bajo los efectos del alcohol.<br \/>\nAsimismo, personal de Chilquinta debi\u00f3 restablecer la energ\u00eda el\u00e9ctrica tras varias horas de corte del suministro que afect\u00f3 a una cantidad importante de vecinos en ambas comunas. En tanto Carabineros debi\u00f3 realizar desv\u00edos en el libre tr\u00e1nsito de automovilistas debido a que el poste cay\u00f3 sobre la calzada, bloqueando el paso por algunos momentos, hasta que personal especializado restableci\u00f3 el orden.<br \/>\n<strong>Pablo Salinas Sald\u00edas<\/strong><\/p>\n","protected":false},"excerpt":{"rendered":"<p>Carabineros investiga incidente ocurrido la ma\u00f1ana del pasado s\u00e1bado, en circunstancias que al interior del veh\u00edculo chocado se encontraba un tripulante herido, quien habr\u00eda se\u00f1alado que el conductor habr\u00eda escapado del accidente&#8230;<\/p>\n","protected":false},"author":482,"featured_media":60590,"comment_status":"open","ping_status":"open","sticky":false,"template":"","format":"standard","meta":{"advanced_seo_description":"","jetpack_seo_html_title":"","jetpack_seo_noindex":false,"_jetpack_memberships_contains_paid_content":false,"footnotes":""},"categories":[21],"tags":[],"class_list":["post-60589","post","type-post","status-publish","format-standard","has-post-thumbnail","hentry","category-policial"],"jetpack_featured_media_url":"https:\/\/i0.wp.com\/eltrabajo.cl\/portal\/wp-content\/uploads\/2015\/08\/ACCIDENTE-TOCORNAL-2.jpg?fit=530%2C349&ssl=1","jetpack_sharing_enabled":true,"jetpack_likes_enabled":true,"jetpack-related-posts":[],"_links":{"self":[{"href":"https:\/\/eltrabajo.cl\/portal\/wp-json\/wp\/v2\/posts\/60589","targetHints":{"allow":["GET"]}}],"collection":[{"href":"https:\/\/eltrabajo.cl\/portal\/wp-json\/wp\/v2\/posts"}],"about":[{"href":"https:\/\/eltrabajo.cl\/portal\/wp-json\/wp\/v2\/types\/post"}],"author":[{"embeddable":true,"href":"https:\/\/eltrabajo.cl\/portal\/wp-json\/wp\/v2\/users\/482"}],"replies":[{"embeddable":true,"href":"https:\/\/eltrabajo.cl\/portal\/wp-json\/wp\/v2\/comments?post=60589"}],"version-history":[{"count":0,"href":"https:\/\/eltrabajo.cl\/portal\/wp-json\/wp\/v2\/posts\/60589\/revisions"}],"wp:featuredmedia":[{"embeddable":true,"href":"https:\/\/eltrabajo.cl\/portal\/wp-json\/wp\/v2\/media\/60590"}],"wp:attachment":[{"href":"https:\/\/eltrabajo.cl\/portal\/wp-json\/wp\/v2\/media?parent=60589"}],"wp:term":[{"taxonomy":"category","embeddable":true,"href":"https:\/\/eltrabajo.cl\/portal\/wp-json\/wp\/v2\/categories?post=60589"},{"taxonomy":"post_tag","embeddable":true,"href":"https:\/\/eltrabajo.cl\/portal\/wp-json\/wp\/v2\/tags?post=60589"}],"curies":[{"name":"wp","href":"https:\/\/api.w.org\/{rel}","templated":true}]}}