{"id":60592,"date":"2015-08-03T09:50:50","date_gmt":"2015-08-03T12:50:50","guid":{"rendered":"http:\/\/www.eltrabajo.cl\/portal\/?p=60592"},"modified":"2015-08-03T09:50:50","modified_gmt":"2015-08-03T12:50:50","slug":"conmocion-por-suicidio-de-joven-mujer-en-villa-el-canelo-ii","status":"publish","type":"post","link":"https:\/\/eltrabajo.cl\/portal\/conmocion-por-suicidio-de-joven-mujer-en-villa-el-canelo-ii\/","title":{"rendered":"Conmoci\u00f3n por suicidio de joven mujer en Villa El Canelo II"},"content":{"rendered":"<figure id=\"attachment_60593\" aria-describedby=\"caption-attachment-60593\" style=\"width: 300px\" class=\"wp-caption alignleft\"><a href=\"https:\/\/i0.wp.com\/www.eltrabajo.cl\/portal\/wp-content\/uploads\/2015\/08\/tamara-sandoval.jpg\"><img data-recalc-dims=\"1\" loading=\"lazy\" decoding=\"async\" class=\"wp-image-60593 size-medium\" src=\"https:\/\/i0.wp.com\/www.eltrabajo.cl\/portal\/wp-content\/uploads\/2015\/08\/tamara-sandoval-300x199.jpg?resize=300%2C199\" alt=\"Tamara Sandoval Herrera, de 30 a\u00f1os, no ten\u00eda antecedentes m\u00e9dicos de depresi\u00f3n.\" width=\"300\" height=\"199\" srcset=\"https:\/\/i0.wp.com\/eltrabajo.cl\/portal\/wp-content\/uploads\/2015\/08\/tamara-sandoval.jpg?resize=300%2C199&amp;ssl=1 300w, https:\/\/i0.wp.com\/eltrabajo.cl\/portal\/wp-content\/uploads\/2015\/08\/tamara-sandoval.jpg?resize=200%2C133&amp;ssl=1 200w, https:\/\/i0.wp.com\/eltrabajo.cl\/portal\/wp-content\/uploads\/2015\/08\/tamara-sandoval.jpg?resize=226%2C150&amp;ssl=1 226w, https:\/\/i0.wp.com\/eltrabajo.cl\/portal\/wp-content\/uploads\/2015\/08\/tamara-sandoval.jpg?resize=400%2C265&amp;ssl=1 400w, https:\/\/i0.wp.com\/eltrabajo.cl\/portal\/wp-content\/uploads\/2015\/08\/tamara-sandoval.jpg?w=528&amp;ssl=1 528w\" sizes=\"auto, (max-width: 300px) 100vw, 300px\" \/><\/a><figcaption id=\"caption-attachment-60593\" class=\"wp-caption-text\">Tamara Sandoval Herrera, de 30 a\u00f1os, no ten\u00eda antecedentes m\u00e9dicos de depresi\u00f3n.<\/figcaption><\/figure>\n<p>En horas de la ma\u00f1ana de ayer domingo fue hallado el cuerpo sin vida de una mujer de 30 a\u00f1os de edad identificada como Tamara Sandoval Herrera, quien mediante la v\u00eda del ahorcamiento acab\u00f3 con su vida al interior de su domicilio ubicado en pasaje Maule de la villa El Canelo II de San Felipe.<br \/>\nLa macabra escena fue descubierta por su pareja durante la misma ma\u00f1ana, encontrando el cuerpo sin vida de Tamara pendiendo de una soga atada a su cuello, debiendo concurrir la Brigada de Homicidios de la Polic\u00eda de Investigaciones de Los Andes para realizar las primeras pericias al cuerpo, descartando en primera instancia la intervenci\u00f3n de terceras personas.<br \/>\nEl Comisario de Investigaciones, Gino Guti\u00e9rrez, inform\u00f3 a Diario El Trabajo que la data de muerte ser\u00eda de algunas horas luego del hallazgo: \u201cLos ex\u00e1menes que efectuamos est\u00e1n destinados a verificar la hip\u00f3tesis del suicidio y conforme a lo que realizamos en el lugar, no encontramos indicios ni evidencias de terceras personas en el deceso de esta mujer\u201d.<br \/>\nEl oficial agreg\u00f3 que no existen antecedentes m\u00e9dicos de alg\u00fan cuadro depresivo que estar\u00eda atravesando la mujer como motivaci\u00f3n para atentar contra su vida, sin embargo \u201caparentemente podr\u00edan haber motivaciones por alguna discusi\u00f3n de pareja que debemos investigar\u201d.<br \/>\nEl cuerpo de Tamara fue remitido hasta el Servicio M\u00e9dico Legal para la correspondiente autopsia de rigor que determinar\u00e1 con exactitud la causa de muerte.<br \/>\n<strong>Pablo Salinas Sald\u00edas<\/strong><\/p>\n","protected":false},"excerpt":{"rendered":"<p>En horas de la ma\u00f1ana de ayer domingo fue hallado el cuerpo sin vida de una mujer de 30 a\u00f1os de edad identificada como Tamara Sandoval Herrera, quien mediante la v\u00eda del&#8230;<\/p>\n","protected":false},"author":482,"featured_media":60593,"comment_status":"open","ping_status":"open","sticky":false,"template":"","format":"standard","meta":{"advanced_seo_description":"","jetpack_seo_html_title":"","jetpack_seo_noindex":false,"_jetpack_memberships_contains_paid_content":false,"footnotes":""},"categories":[21],"tags":[],"class_list":["post-60592","post","type-post","status-publish","format-standard","has-post-thumbnail","hentry","category-policial"],"jetpack_featured_media_url":"https:\/\/i0.wp.com\/eltrabajo.cl\/portal\/wp-content\/uploads\/2015\/08\/tamara-sandoval.jpg?fit=528%2C350&ssl=1","jetpack_sharing_enabled":true,"jetpack_likes_enabled":true,"jetpack-related-posts":[],"_links":{"self":[{"href":"https:\/\/eltrabajo.cl\/portal\/wp-json\/wp\/v2\/posts\/60592","targetHints":{"allow":["GET"]}}],"collection":[{"href":"https:\/\/eltrabajo.cl\/portal\/wp-json\/wp\/v2\/posts"}],"about":[{"href":"https:\/\/eltrabajo.cl\/portal\/wp-json\/wp\/v2\/types\/post"}],"author":[{"embeddable":true,"href":"https:\/\/eltrabajo.cl\/portal\/wp-json\/wp\/v2\/users\/482"}],"replies":[{"embeddable":true,"href":"https:\/\/eltrabajo.cl\/portal\/wp-json\/wp\/v2\/comments?post=60592"}],"version-history":[{"count":0,"href":"https:\/\/eltrabajo.cl\/portal\/wp-json\/wp\/v2\/posts\/60592\/revisions"}],"wp:featuredmedia":[{"embeddable":true,"href":"https:\/\/eltrabajo.cl\/portal\/wp-json\/wp\/v2\/media\/60593"}],"wp:attachment":[{"href":"https:\/\/eltrabajo.cl\/portal\/wp-json\/wp\/v2\/media?parent=60592"}],"wp:term":[{"taxonomy":"category","embeddable":true,"href":"https:\/\/eltrabajo.cl\/portal\/wp-json\/wp\/v2\/categories?post=60592"},{"taxonomy":"post_tag","embeddable":true,"href":"https:\/\/eltrabajo.cl\/portal\/wp-json\/wp\/v2\/tags?post=60592"}],"curies":[{"name":"wp","href":"https:\/\/api.w.org\/{rel}","templated":true}]}}