{"id":60596,"date":"2015-08-04T09:23:27","date_gmt":"2015-08-04T12:23:27","guid":{"rendered":"http:\/\/www.eltrabajo.cl\/portal\/?p=60596"},"modified":"2015-08-04T09:23:27","modified_gmt":"2015-08-04T12:23:27","slug":"hospital-san-camilo-incorpora-60-camaras-de-vigilancia","status":"publish","type":"post","link":"https:\/\/eltrabajo.cl\/portal\/hospital-san-camilo-incorpora-60-camaras-de-vigilancia\/","title":{"rendered":"Hospital San Camilo incorpora 60 c\u00e1maras de vigilancia"},"content":{"rendered":"<figure id=\"attachment_60597\" aria-describedby=\"caption-attachment-60597\" style=\"width: 300px\" class=\"wp-caption alignleft\"><a href=\"https:\/\/i0.wp.com\/www.eltrabajo.cl\/portal\/wp-content\/uploads\/2015\/08\/Camaras1.jpg\"><img data-recalc-dims=\"1\" loading=\"lazy\" decoding=\"async\" class=\"wp-image-60597 size-medium\" src=\"https:\/\/i0.wp.com\/www.eltrabajo.cl\/portal\/wp-content\/uploads\/2015\/08\/Camaras1-300x198.jpg?resize=300%2C198\" alt=\"EQUIPO DE PRIMERA.- Los aparatos ya est\u00e1n instalados tanto en el interior como en el exterior del recinto, con la finalidad de aportar mayor seguridad para los usuarios y funcionarios. \" width=\"300\" height=\"198\" srcset=\"https:\/\/i0.wp.com\/eltrabajo.cl\/portal\/wp-content\/uploads\/2015\/08\/Camaras1.jpg?resize=300%2C198&amp;ssl=1 300w, https:\/\/i0.wp.com\/eltrabajo.cl\/portal\/wp-content\/uploads\/2015\/08\/Camaras1.jpg?resize=200%2C132&amp;ssl=1 200w, https:\/\/i0.wp.com\/eltrabajo.cl\/portal\/wp-content\/uploads\/2015\/08\/Camaras1.jpg?resize=228%2C150&amp;ssl=1 228w, https:\/\/i0.wp.com\/eltrabajo.cl\/portal\/wp-content\/uploads\/2015\/08\/Camaras1.jpg?resize=400%2C263&amp;ssl=1 400w, https:\/\/i0.wp.com\/eltrabajo.cl\/portal\/wp-content\/uploads\/2015\/08\/Camaras1.jpg?w=530&amp;ssl=1 530w\" sizes=\"auto, (max-width: 300px) 100vw, 300px\" \/><\/a><figcaption id=\"caption-attachment-60597\" class=\"wp-caption-text\">EQUIPO DE PRIMERA.- Los aparatos ya est\u00e1n instalados tanto en el interior como en el exterior del recinto, con la finalidad de aportar mayor seguridad para los usuarios y funcionarios.<\/figcaption><\/figure>\n<p>Cumpliendo un compromiso adquirido con la comunidad hospitalaria, el Hospital San Camilo logr\u00f3 concretar la instalaci\u00f3n de 60 c\u00e1maras de vigilancia que vienen a reforzar la seguridad de los ingresos y sectores perimetrales junto con los sectores de m\u00e1s afluencia de p\u00fablico. Las c\u00e1maras cuentan con visi\u00f3n nocturna, permitiendo un funcionamiento de 24 horas, siendo supervisadas por un monitoreo centralizado a cargo de la empresa de guardias, lo que adem\u00e1s permite un mes de grabaci\u00f3n de im\u00e1genes de respaldo.<br \/>\nEntre los sectores que ya est\u00e1n cubiertos y que presentaban mayor inseguridad para los usuarios y funcionarios, se encuentra el estacionamiento de las visitas, la entrada principal, el pasillo farmacia y sector del CAE, entre otros.<\/p>\n<figure id=\"attachment_60598\" aria-describedby=\"caption-attachment-60598\" style=\"width: 300px\" class=\"wp-caption alignright\"><a href=\"https:\/\/i0.wp.com\/www.eltrabajo.cl\/portal\/wp-content\/uploads\/2015\/08\/Camaras2.jpg\"><img data-recalc-dims=\"1\" loading=\"lazy\" decoding=\"async\" class=\"wp-image-60598 size-medium\" src=\"https:\/\/i0.wp.com\/www.eltrabajo.cl\/portal\/wp-content\/uploads\/2015\/08\/Camaras2-300x198.jpg?resize=300%2C198\" alt=\"EN ALERTA.- Entre los sectores que ya est\u00e1n cubiertos y que presentaban mayor inseguridad para los usuarios y funcionarios, se encuentra el estacionamiento de las visitas, la entrada principal.\" width=\"300\" height=\"198\" srcset=\"https:\/\/i0.wp.com\/eltrabajo.cl\/portal\/wp-content\/uploads\/2015\/08\/Camaras2.jpg?resize=300%2C198&amp;ssl=1 300w, https:\/\/i0.wp.com\/eltrabajo.cl\/portal\/wp-content\/uploads\/2015\/08\/Camaras2.jpg?resize=200%2C132&amp;ssl=1 200w, https:\/\/i0.wp.com\/eltrabajo.cl\/portal\/wp-content\/uploads\/2015\/08\/Camaras2.jpg?resize=228%2C150&amp;ssl=1 228w, https:\/\/i0.wp.com\/eltrabajo.cl\/portal\/wp-content\/uploads\/2015\/08\/Camaras2.jpg?resize=400%2C263&amp;ssl=1 400w, https:\/\/i0.wp.com\/eltrabajo.cl\/portal\/wp-content\/uploads\/2015\/08\/Camaras2.jpg?w=530&amp;ssl=1 530w\" sizes=\"auto, (max-width: 300px) 100vw, 300px\" \/><\/a><figcaption id=\"caption-attachment-60598\" class=\"wp-caption-text\">EN ALERTA.- Entre los sectores que ya est\u00e1n cubiertos y que presentaban mayor inseguridad para los usuarios y funcionarios, se encuentra el estacionamiento de las visitas, la entrada principal.<\/figcaption><\/figure>\n<p>Cabe destacar que esta inversi\u00f3n viene a reforzar el esfuerzo realizado por la Direcci\u00f3n hace unos meses con el cambio de la empresa de seguridad y el aumento de los guardias, as\u00ed como con el cambio e instalaci\u00f3n de puertas de acceso a los diferentes servicios y unidades, lo que ha permitido contar con mejores sistemas de control de la circulaci\u00f3n de los usuarios, evitando situaciones que favorezcan la oportunidad de robos o hurtos, como los ocurridos durante el \u00faltimo tiempo<br \/>\n\u00abSabemos que el aumentar las medidas de seguridad al interior de nuestro recinto era una necesidad debido a los constantes robos que estaban ocurriendo, por lo que el esfuerzo econ\u00f3mico que representa esta inversi\u00f3n va dirigido a entregarles espacios m\u00e1s seguros a nuestros usuarios y al personal de manera que puedan desarrollar sus funciones con tranquilidad\u00bb, asegur\u00f3 el Director del establecimiento, Dr. Juan de Dios Reyes Magallanes.<br \/>\nDe la misma manera, la autoridad recalc\u00f3 que pese a los esfuerzos mencionados, el establecimiento no est\u00e1 ajeno a acciones delincuenciales, por lo que el llamado es de igual manera a que los usuarios sientan que el Hospital es suyo y por ende cada robo, hurto o acci\u00f3n vand\u00e1lica perjudica la atenci\u00f3n de toda la comunidad, por lo que es deber de todos el cuidarlo.<\/p>\n","protected":false},"excerpt":{"rendered":"<p>Cumpliendo un compromiso adquirido con la comunidad hospitalaria, el Hospital San Camilo logr\u00f3 concretar la instalaci\u00f3n de 60 c\u00e1maras de vigilancia que vienen a reforzar la seguridad de los ingresos y sectores&#8230;<\/p>\n","protected":false},"author":482,"featured_media":60597,"comment_status":"open","ping_status":"open","sticky":false,"template":"","format":"standard","meta":{"advanced_seo_description":"","jetpack_seo_html_title":"","jetpack_seo_noindex":false,"_jetpack_memberships_contains_paid_content":false,"footnotes":""},"categories":[15],"tags":[],"class_list":["post-60596","post","type-post","status-publish","format-standard","has-post-thumbnail","hentry","category-comunidad"],"jetpack_featured_media_url":"https:\/\/i0.wp.com\/eltrabajo.cl\/portal\/wp-content\/uploads\/2015\/08\/Camaras1.jpg?fit=530%2C349&ssl=1","jetpack_sharing_enabled":true,"jetpack_likes_enabled":true,"jetpack-related-posts":[],"_links":{"self":[{"href":"https:\/\/eltrabajo.cl\/portal\/wp-json\/wp\/v2\/posts\/60596","targetHints":{"allow":["GET"]}}],"collection":[{"href":"https:\/\/eltrabajo.cl\/portal\/wp-json\/wp\/v2\/posts"}],"about":[{"href":"https:\/\/eltrabajo.cl\/portal\/wp-json\/wp\/v2\/types\/post"}],"author":[{"embeddable":true,"href":"https:\/\/eltrabajo.cl\/portal\/wp-json\/wp\/v2\/users\/482"}],"replies":[{"embeddable":true,"href":"https:\/\/eltrabajo.cl\/portal\/wp-json\/wp\/v2\/comments?post=60596"}],"version-history":[{"count":0,"href":"https:\/\/eltrabajo.cl\/portal\/wp-json\/wp\/v2\/posts\/60596\/revisions"}],"wp:featuredmedia":[{"embeddable":true,"href":"https:\/\/eltrabajo.cl\/portal\/wp-json\/wp\/v2\/media\/60597"}],"wp:attachment":[{"href":"https:\/\/eltrabajo.cl\/portal\/wp-json\/wp\/v2\/media?parent=60596"}],"wp:term":[{"taxonomy":"category","embeddable":true,"href":"https:\/\/eltrabajo.cl\/portal\/wp-json\/wp\/v2\/categories?post=60596"},{"taxonomy":"post_tag","embeddable":true,"href":"https:\/\/eltrabajo.cl\/portal\/wp-json\/wp\/v2\/tags?post=60596"}],"curies":[{"name":"wp","href":"https:\/\/api.w.org\/{rel}","templated":true}]}}