{"id":60600,"date":"2015-08-04T09:24:44","date_gmt":"2015-08-04T12:24:44","guid":{"rendered":"http:\/\/www.eltrabajo.cl\/portal\/?p=60600"},"modified":"2015-08-04T09:24:44","modified_gmt":"2015-08-04T12:24:44","slug":"con-emotivo-concierto-se-presenta-la-gran-banda-de-conciertos-del-ejercito-por-nuevo-aniversario-de-san-felipe","status":"publish","type":"post","link":"https:\/\/eltrabajo.cl\/portal\/con-emotivo-concierto-se-presenta-la-gran-banda-de-conciertos-del-ejercito-por-nuevo-aniversario-de-san-felipe\/","title":{"rendered":"Con emotivo concierto se presenta la Gran Banda de Conciertos del Ej\u00e9rcito por nuevo aniversario de San Felipe"},"content":{"rendered":"<figure id=\"attachment_60601\" aria-describedby=\"caption-attachment-60601\" style=\"width: 300px\" class=\"wp-caption alignleft\"><a href=\"https:\/\/i0.wp.com\/www.eltrabajo.cl\/portal\/wp-content\/uploads\/2015\/08\/banda1.jpg\"><img data-recalc-dims=\"1\" loading=\"lazy\" decoding=\"async\" class=\"wp-image-60601 size-medium\" src=\"https:\/\/i0.wp.com\/www.eltrabajo.cl\/portal\/wp-content\/uploads\/2015\/08\/banda1-300x197.jpg?resize=300%2C197\" alt=\"Cerca de 40 m\u00fasicos mostraron lo mejor de su repertorio en un concierto realizado en la Catedral de San Felipe, en el marco del 275 aniversario de San Felipe.\" width=\"300\" height=\"197\" srcset=\"https:\/\/i0.wp.com\/eltrabajo.cl\/portal\/wp-content\/uploads\/2015\/08\/banda1.jpg?resize=300%2C197&amp;ssl=1 300w, https:\/\/i0.wp.com\/eltrabajo.cl\/portal\/wp-content\/uploads\/2015\/08\/banda1.jpg?resize=200%2C131&amp;ssl=1 200w, https:\/\/i0.wp.com\/eltrabajo.cl\/portal\/wp-content\/uploads\/2015\/08\/banda1.jpg?resize=228%2C150&amp;ssl=1 228w, https:\/\/i0.wp.com\/eltrabajo.cl\/portal\/wp-content\/uploads\/2015\/08\/banda1.jpg?resize=400%2C263&amp;ssl=1 400w, https:\/\/i0.wp.com\/eltrabajo.cl\/portal\/wp-content\/uploads\/2015\/08\/banda1.jpg?w=530&amp;ssl=1 530w\" sizes=\"auto, (max-width: 300px) 100vw, 300px\" \/><\/a><figcaption id=\"caption-attachment-60601\" class=\"wp-caption-text\">Cerca de 40 m\u00fasicos mostraron lo mejor de su repertorio en un concierto realizado en la Catedral de San Felipe, en el marco del 275 aniversario de San Felipe.<\/figcaption><\/figure>\n<ul>\n<li><strong>Agrupaci\u00f3n culmin\u00f3 su presentaci\u00f3n con el Himno de Aconcagua, emocionando a los asistentes.<\/strong><\/li>\n<\/ul>\n<p>Las m\u00e1s importantes piezas musicales de car\u00e1cter mundial fueron interpretadas este s\u00e1bado por la Gran Banda de Conciertos del Ej\u00e9rcito, que se present\u00f3 en la Catedral de San Felipe, en el marco del 275 aniversario de la comuna.<br \/>\nM\u00e1s de cuarenta m\u00fasicos dieron vida a este concierto que fue presenciado por m\u00e1s de un centenar de vecinos, quienes disfrutaron una actuaci\u00f3n, que la banda de conciertos ven\u00eda preparando desde el mes de julio.<br \/>\nIntegrada en su mayor\u00eda por cadetes de la Escuela Militar, la agrupaci\u00f3n se sinti\u00f3 muy bien recibida por los asistentes, quienes aplaudieron cada pieza musical que interpretaron.<br \/>\n\u201cLa gente es maravillosa, nos sentimos muy bien recibidos, para nosotros es un agrado tocar en un espacio donde vaya gente que aprecie lo que hacemos, porque lo hacemos con mucho cari\u00f1o y mucho esfuerzo, porque la m\u00fasica que interpretamos es complicada, la trabajamos muchos durante la semana para que saliera de la mejor forma posible y San Felipe es una ciudad cultural, la gente aplaudi\u00f3 todos los temas que tocamos, fue la comunicaci\u00f3n perfecta\u201d, se\u00f1al\u00f3 el capit\u00e1n V\u00edctor Trigo, subdirector de la banda.<br \/>\nLa actuaci\u00f3n de la Banda de Concierto se enmarca en el aniversario de la comuna y emocion\u00f3 a autoridades y asistentes, tal como lo destac\u00f3 el alcalde Patricio Freire.<br \/>\n\u201cFue una presentaci\u00f3n muy hermosa y los vecinos est\u00e1n felices con el concierto. Hac\u00eda muchos a\u00f1os que no ten\u00edamos esta banda en la comuna, y al verlos actuar fue recordar la presencia del Regimiento Yungay y m\u00e1s emocionante al verlos finalizar con el Himno de Aconcagua\u201d, dijo el jefe comunal.<br \/>\nLos vecinos tambi\u00e9n se mostraron muy emocionados. Valeria Fern\u00e1ndez se\u00f1al\u00f3 que \u201cme encanta esta m\u00fasica, lo encontr\u00e9 genial, es un aporte a la cultura\u201d. Mientras que Manuel Vicencio lo calific\u00f3 como \u201cespectacular, un gran comienzo de la celebraci\u00f3n del nuevo aniversario de nuestra querida ciudad de San Felipe. Son pocas las ocasiones en que podemos presenciar un espect\u00e1culo, con una orquesta, en vivo, con el sonido espectacular de la Catedral de nuestra ciudad, as\u00ed que maravillado y emocionado, la m\u00fasica tiene esa magia y muchas de las personas que estuvieron ac\u00e1 vivieron la misma emoci\u00f3n\u201d. En tanto Gonzalo Z\u00fa\u00f1iga encontr\u00f3 la presentaci\u00f3n \u201cabsolutamente preciosa, me siento orgulloso de ser parte de San Felipe y de estar celebrando nuestro 275 aniversario con eventos como este, que no tenemos acceso todos los d\u00edas, y evidentemente esto se agradece al Alcalde, a los organizadores, por darnos la oportunidad de participar a los sanfelipe\u00f1os de un espect\u00e1culo tan bonito como el que acabamos de presenciar\u201d<br \/>\nLa banda contin\u00faa con sus presentaciones durante el a\u00f1o, traslad\u00e1ndose primero a Antofagasta y posteriormente a Puerto Montt, donde actuar\u00e1n acompa\u00f1ados de otras agrupaciones.<\/p>\n","protected":false},"excerpt":{"rendered":"<p>Agrupaci\u00f3n culmin\u00f3 su presentaci\u00f3n con el Himno de Aconcagua, emocionando a los asistentes. Las m\u00e1s importantes piezas musicales de car\u00e1cter mundial fueron interpretadas este s\u00e1bado por la Gran Banda de Conciertos del&#8230;<\/p>\n","protected":false},"author":482,"featured_media":60601,"comment_status":"open","ping_status":"open","sticky":false,"template":"","format":"standard","meta":{"advanced_seo_description":"","jetpack_seo_html_title":"","jetpack_seo_noindex":false,"_jetpack_memberships_contains_paid_content":false,"footnotes":""},"categories":[15],"tags":[],"class_list":["post-60600","post","type-post","status-publish","format-standard","has-post-thumbnail","hentry","category-comunidad"],"jetpack_featured_media_url":"https:\/\/i0.wp.com\/eltrabajo.cl\/portal\/wp-content\/uploads\/2015\/08\/banda1.jpg?fit=530%2C348&ssl=1","jetpack_sharing_enabled":true,"jetpack_likes_enabled":true,"jetpack-related-posts":[],"_links":{"self":[{"href":"https:\/\/eltrabajo.cl\/portal\/wp-json\/wp\/v2\/posts\/60600","targetHints":{"allow":["GET"]}}],"collection":[{"href":"https:\/\/eltrabajo.cl\/portal\/wp-json\/wp\/v2\/posts"}],"about":[{"href":"https:\/\/eltrabajo.cl\/portal\/wp-json\/wp\/v2\/types\/post"}],"author":[{"embeddable":true,"href":"https:\/\/eltrabajo.cl\/portal\/wp-json\/wp\/v2\/users\/482"}],"replies":[{"embeddable":true,"href":"https:\/\/eltrabajo.cl\/portal\/wp-json\/wp\/v2\/comments?post=60600"}],"version-history":[{"count":0,"href":"https:\/\/eltrabajo.cl\/portal\/wp-json\/wp\/v2\/posts\/60600\/revisions"}],"wp:featuredmedia":[{"embeddable":true,"href":"https:\/\/eltrabajo.cl\/portal\/wp-json\/wp\/v2\/media\/60601"}],"wp:attachment":[{"href":"https:\/\/eltrabajo.cl\/portal\/wp-json\/wp\/v2\/media?parent=60600"}],"wp:term":[{"taxonomy":"category","embeddable":true,"href":"https:\/\/eltrabajo.cl\/portal\/wp-json\/wp\/v2\/categories?post=60600"},{"taxonomy":"post_tag","embeddable":true,"href":"https:\/\/eltrabajo.cl\/portal\/wp-json\/wp\/v2\/tags?post=60600"}],"curies":[{"name":"wp","href":"https:\/\/api.w.org\/{rel}","templated":true}]}}