{"id":60603,"date":"2015-08-04T09:25:55","date_gmt":"2015-08-04T12:25:55","guid":{"rendered":"http:\/\/www.eltrabajo.cl\/portal\/?p=60603"},"modified":"2015-08-04T09:25:55","modified_gmt":"2015-08-04T12:25:55","slug":"mujeres-participan-de-encuentro-de-trabajadoras-de-casa-particular","status":"publish","type":"post","link":"https:\/\/eltrabajo.cl\/portal\/mujeres-participan-de-encuentro-de-trabajadoras-de-casa-particular\/","title":{"rendered":"Mujeres participan de encuentro de Trabajadoras de Casa Particular"},"content":{"rendered":"<figure id=\"attachment_60604\" aria-describedby=\"caption-attachment-60604\" style=\"width: 300px\" class=\"wp-caption alignleft\"><a href=\"https:\/\/i0.wp.com\/www.eltrabajo.cl\/portal\/wp-content\/uploads\/2015\/08\/casa-particular.jpg\"><img data-recalc-dims=\"1\" loading=\"lazy\" decoding=\"async\" class=\"wp-image-60604 size-medium\" src=\"https:\/\/i0.wp.com\/www.eltrabajo.cl\/portal\/wp-content\/uploads\/2015\/08\/casa-particular-300x197.jpg?resize=300%2C197\" alt=\"La gobernadora Mar\u00eda Victoria Rodr\u00edguez junto a mujeres que asistieron a la Jornada de Capacitaci\u00f3n y encuentro de Trabajadoras de Casa Particular, en San Esteban.\" width=\"300\" height=\"197\" srcset=\"https:\/\/i0.wp.com\/eltrabajo.cl\/portal\/wp-content\/uploads\/2015\/08\/casa-particular.jpg?resize=300%2C197&amp;ssl=1 300w, https:\/\/i0.wp.com\/eltrabajo.cl\/portal\/wp-content\/uploads\/2015\/08\/casa-particular.jpg?resize=200%2C131&amp;ssl=1 200w, https:\/\/i0.wp.com\/eltrabajo.cl\/portal\/wp-content\/uploads\/2015\/08\/casa-particular.jpg?resize=228%2C150&amp;ssl=1 228w, https:\/\/i0.wp.com\/eltrabajo.cl\/portal\/wp-content\/uploads\/2015\/08\/casa-particular.jpg?resize=400%2C263&amp;ssl=1 400w, https:\/\/i0.wp.com\/eltrabajo.cl\/portal\/wp-content\/uploads\/2015\/08\/casa-particular.jpg?w=530&amp;ssl=1 530w\" sizes=\"auto, (max-width: 300px) 100vw, 300px\" \/><\/a><figcaption id=\"caption-attachment-60604\" class=\"wp-caption-text\">La gobernadora Mar\u00eda Victoria Rodr\u00edguez junto a mujeres que asistieron a la Jornada de Capacitaci\u00f3n y encuentro de Trabajadoras de Casa Particular, en San Esteban.<\/figcaption><\/figure>\n<p><strong>LOS ANDES.<\/strong>&#8211; Decenas de mujeres participaron de la Jornada de Capacitaci\u00f3n y Encuentro de Trabajadoras de Casa Particular, realizado en las dependencias de San Francisco Lodge, comuna de San Esteban.<br \/>\nLa actividad cont\u00f3 con la participaci\u00f3n de la gobernadora provincial de Los Andes, Mar\u00eda Victoria Rodr\u00edguez, y directora regional del Instituto de Seguridad Laboral (ISL), Catherine Urz\u00faa, y el Instituto de Previsi\u00f3n Social (IPS).<br \/>\nDentro de las tem\u00e1ticas abordadas se encontraron el fortalecimiento de conocimientos en materia de prevenci\u00f3n de riesgos, junto con la promoci\u00f3n y difusi\u00f3n de derechos laborales.<br \/>\nLa gobernadora provincial de Los Andes se\u00f1al\u00f3 que \u00e9sta es una oportunidad de encuentro que permitir\u00e1 a las trabajadoras de casa particular conocer a\u00fan m\u00e1s sobre derechos laborales, brindando mayores oportunidades de igualdad y generar espacios de informaci\u00f3n y di\u00e1logo entre ellas.<br \/>\nEn tanto, la directora regional del Instituto de Seguridad Laboral, Catherine Urz\u00faa, enfatiz\u00f3 que la prevenci\u00f3n de accidentes en el trabajo y los pasos a seguir en caso de ocurrir son aspectos legales que ellas podr\u00e1n ejercer como derecho.<\/p>\n","protected":false},"excerpt":{"rendered":"<p>LOS ANDES.&#8211; Decenas de mujeres participaron de la Jornada de Capacitaci\u00f3n y Encuentro de Trabajadoras de Casa Particular, realizado en las dependencias de San Francisco Lodge, comuna de San Esteban. La actividad&#8230;<\/p>\n","protected":false},"author":482,"featured_media":60604,"comment_status":"open","ping_status":"open","sticky":false,"template":"","format":"standard","meta":{"advanced_seo_description":"","jetpack_seo_html_title":"","jetpack_seo_noindex":false,"_jetpack_memberships_contains_paid_content":false,"footnotes":""},"categories":[15],"tags":[],"class_list":["post-60603","post","type-post","status-publish","format-standard","has-post-thumbnail","hentry","category-comunidad"],"jetpack_featured_media_url":"https:\/\/i0.wp.com\/eltrabajo.cl\/portal\/wp-content\/uploads\/2015\/08\/casa-particular.jpg?fit=530%2C348&ssl=1","jetpack_sharing_enabled":true,"jetpack_likes_enabled":true,"jetpack-related-posts":[],"_links":{"self":[{"href":"https:\/\/eltrabajo.cl\/portal\/wp-json\/wp\/v2\/posts\/60603","targetHints":{"allow":["GET"]}}],"collection":[{"href":"https:\/\/eltrabajo.cl\/portal\/wp-json\/wp\/v2\/posts"}],"about":[{"href":"https:\/\/eltrabajo.cl\/portal\/wp-json\/wp\/v2\/types\/post"}],"author":[{"embeddable":true,"href":"https:\/\/eltrabajo.cl\/portal\/wp-json\/wp\/v2\/users\/482"}],"replies":[{"embeddable":true,"href":"https:\/\/eltrabajo.cl\/portal\/wp-json\/wp\/v2\/comments?post=60603"}],"version-history":[{"count":0,"href":"https:\/\/eltrabajo.cl\/portal\/wp-json\/wp\/v2\/posts\/60603\/revisions"}],"wp:featuredmedia":[{"embeddable":true,"href":"https:\/\/eltrabajo.cl\/portal\/wp-json\/wp\/v2\/media\/60604"}],"wp:attachment":[{"href":"https:\/\/eltrabajo.cl\/portal\/wp-json\/wp\/v2\/media?parent=60603"}],"wp:term":[{"taxonomy":"category","embeddable":true,"href":"https:\/\/eltrabajo.cl\/portal\/wp-json\/wp\/v2\/categories?post=60603"},{"taxonomy":"post_tag","embeddable":true,"href":"https:\/\/eltrabajo.cl\/portal\/wp-json\/wp\/v2\/tags?post=60603"}],"curies":[{"name":"wp","href":"https:\/\/api.w.org\/{rel}","templated":true}]}}