{"id":60606,"date":"2015-08-04T09:27:27","date_gmt":"2015-08-04T12:27:27","guid":{"rendered":"http:\/\/www.eltrabajo.cl\/portal\/?p=60606"},"modified":"2015-08-04T09:27:27","modified_gmt":"2015-08-04T12:27:27","slug":"culmina-proyecto-de-luminarias-led-en-poblacion-28-de-marzo","status":"publish","type":"post","link":"https:\/\/eltrabajo.cl\/portal\/culmina-proyecto-de-luminarias-led-en-poblacion-28-de-marzo\/","title":{"rendered":"Culmina proyecto de luminarias LED en poblaci\u00f3n 28 de Marzo"},"content":{"rendered":"<figure id=\"attachment_60607\" aria-describedby=\"caption-attachment-60607\" style=\"width: 300px\" class=\"wp-caption alignleft\"><a href=\"https:\/\/i0.wp.com\/www.eltrabajo.cl\/portal\/wp-content\/uploads\/2015\/08\/Luminaria-Llay-Llay-2.jpg\"><img data-recalc-dims=\"1\" loading=\"lazy\" decoding=\"async\" class=\"wp-image-60607 size-medium\" src=\"https:\/\/i0.wp.com\/www.eltrabajo.cl\/portal\/wp-content\/uploads\/2015\/08\/Luminaria-Llay-Llay-2-300x198.jpg?resize=300%2C198\" alt=\"Vecinos de la poblaci\u00f3n 28 de Marzo manifestaron su agradecimiento por la concreci\u00f3n del proyecto y valor\u00f3 la iniciativa de recuperar un espacio p\u00fablico de su sector.\" width=\"300\" height=\"198\" srcset=\"https:\/\/i0.wp.com\/eltrabajo.cl\/portal\/wp-content\/uploads\/2015\/08\/Luminaria-Llay-Llay-2.jpg?resize=300%2C198&amp;ssl=1 300w, https:\/\/i0.wp.com\/eltrabajo.cl\/portal\/wp-content\/uploads\/2015\/08\/Luminaria-Llay-Llay-2.jpg?resize=200%2C132&amp;ssl=1 200w, https:\/\/i0.wp.com\/eltrabajo.cl\/portal\/wp-content\/uploads\/2015\/08\/Luminaria-Llay-Llay-2.jpg?resize=227%2C150&amp;ssl=1 227w, https:\/\/i0.wp.com\/eltrabajo.cl\/portal\/wp-content\/uploads\/2015\/08\/Luminaria-Llay-Llay-2.jpg?resize=400%2C264&amp;ssl=1 400w, https:\/\/i0.wp.com\/eltrabajo.cl\/portal\/wp-content\/uploads\/2015\/08\/Luminaria-Llay-Llay-2.jpg?w=530&amp;ssl=1 530w\" sizes=\"auto, (max-width: 300px) 100vw, 300px\" \/><\/a><figcaption id=\"caption-attachment-60607\" class=\"wp-caption-text\">Vecinos de la poblaci\u00f3n 28 de Marzo manifestaron su agradecimiento por la concreci\u00f3n del proyecto y valor\u00f3 la iniciativa de recuperar un espacio p\u00fablico de su sector.<\/figcaption><\/figure>\n<p><strong>LLAY LLAY.-<\/strong> Con la plantaci\u00f3n de \u00e1rboles en las \u00e1reas verdes contempladas previamente se dio t\u00e9rmino a la ejecuci\u00f3n del proyecto \u2018Instalaci\u00f3n de luminarias Led en \u00e1reas verdes de la poblaci\u00f3n 28 de Marzo\u2019 financiado con recursos del 2% de Seguridad Ciudadana del Gobierno Regional.<br \/>\nEllo luego de realizar seis talleres con vecinos del sector, en los que la comunidad particip\u00f3 activamente, donde ellos conocieron los detalles del proyecto y de las luminarias Led que se instalaron en las \u00e1reas verdes de su poblaci\u00f3n.<br \/>\nAdem\u00e1s con el apoyo de Conaf se realizaron charlas con tem\u00e1ticas medioambientales, y se regalaron \u00e1rboles a los vecinos que participaron de los talleres.<br \/>\nA la ceremonia de cierre, realizada el pasado viernes 31 de julio, asisti\u00f3 el Concejal Patricio Dur\u00e1n, quien colabor\u00f3 con la plantaci\u00f3n de los \u00e1rboles en las \u00e1reas verdes junto a los vecinos, quienes en familia participaron hermoseando sus nuevos y habilitados espacios p\u00fablicos.<br \/>\nLa presidenta de la Junta de Vecinos de la poblaci\u00f3n 28 de Marzo, Edith Brito, manifest\u00f3 su agradecimiento por la concreci\u00f3n del proyecto y valor\u00f3 la iniciativa de recuperar un espacio p\u00fablico en su sector.<br \/>\nEl monto de inversi\u00f3n de esta iniciativa bordea los 13 millones de pesos, recursos otorgados por el Gobierno Regional de Valpara\u00edso, luego que el municipio de la comuna postulara al primer llamado del fondo de Seguridad Ciudadana correspondiente a 2015.<\/p>\n","protected":false},"excerpt":{"rendered":"<p>LLAY LLAY.- Con la plantaci\u00f3n de \u00e1rboles en las \u00e1reas verdes contempladas previamente se dio t\u00e9rmino a la ejecuci\u00f3n del proyecto \u2018Instalaci\u00f3n de luminarias Led en \u00e1reas verdes de la poblaci\u00f3n 28&#8230;<\/p>\n","protected":false},"author":482,"featured_media":60607,"comment_status":"open","ping_status":"open","sticky":false,"template":"","format":"standard","meta":{"advanced_seo_description":"","jetpack_seo_html_title":"","jetpack_seo_noindex":false,"_jetpack_memberships_contains_paid_content":false,"footnotes":""},"categories":[15],"tags":[],"class_list":["post-60606","post","type-post","status-publish","format-standard","has-post-thumbnail","hentry","category-comunidad"],"jetpack_featured_media_url":"https:\/\/i0.wp.com\/eltrabajo.cl\/portal\/wp-content\/uploads\/2015\/08\/Luminaria-Llay-Llay-2.jpg?fit=530%2C350&ssl=1","jetpack_sharing_enabled":true,"jetpack_likes_enabled":true,"jetpack-related-posts":[],"_links":{"self":[{"href":"https:\/\/eltrabajo.cl\/portal\/wp-json\/wp\/v2\/posts\/60606","targetHints":{"allow":["GET"]}}],"collection":[{"href":"https:\/\/eltrabajo.cl\/portal\/wp-json\/wp\/v2\/posts"}],"about":[{"href":"https:\/\/eltrabajo.cl\/portal\/wp-json\/wp\/v2\/types\/post"}],"author":[{"embeddable":true,"href":"https:\/\/eltrabajo.cl\/portal\/wp-json\/wp\/v2\/users\/482"}],"replies":[{"embeddable":true,"href":"https:\/\/eltrabajo.cl\/portal\/wp-json\/wp\/v2\/comments?post=60606"}],"version-history":[{"count":0,"href":"https:\/\/eltrabajo.cl\/portal\/wp-json\/wp\/v2\/posts\/60606\/revisions"}],"wp:featuredmedia":[{"embeddable":true,"href":"https:\/\/eltrabajo.cl\/portal\/wp-json\/wp\/v2\/media\/60607"}],"wp:attachment":[{"href":"https:\/\/eltrabajo.cl\/portal\/wp-json\/wp\/v2\/media?parent=60606"}],"wp:term":[{"taxonomy":"category","embeddable":true,"href":"https:\/\/eltrabajo.cl\/portal\/wp-json\/wp\/v2\/categories?post=60606"},{"taxonomy":"post_tag","embeddable":true,"href":"https:\/\/eltrabajo.cl\/portal\/wp-json\/wp\/v2\/tags?post=60606"}],"curies":[{"name":"wp","href":"https:\/\/api.w.org\/{rel}","templated":true}]}}