{"id":60609,"date":"2015-08-04T09:28:30","date_gmt":"2015-08-04T12:28:30","guid":{"rendered":"http:\/\/www.eltrabajo.cl\/portal\/?p=60609"},"modified":"2015-08-04T09:28:30","modified_gmt":"2015-08-04T12:28:30","slug":"panquehue-recuperara-clases-con-dos-horas-de-extension-diaria","status":"publish","type":"post","link":"https:\/\/eltrabajo.cl\/portal\/panquehue-recuperara-clases-con-dos-horas-de-extension-diaria\/","title":{"rendered":"Panquehue recuperar\u00e1 clases con dos horas de extensi\u00f3n diaria"},"content":{"rendered":"<figure id=\"attachment_60610\" aria-describedby=\"caption-attachment-60610\" style=\"width: 300px\" class=\"wp-caption alignleft\"><a href=\"https:\/\/i0.wp.com\/www.eltrabajo.cl\/portal\/wp-content\/uploads\/2015\/08\/Julia-marin.jpg\"><img data-recalc-dims=\"1\" loading=\"lazy\" decoding=\"async\" class=\"wp-image-60610 size-medium\" src=\"https:\/\/i0.wp.com\/www.eltrabajo.cl\/portal\/wp-content\/uploads\/2015\/08\/Julia-marin-300x199.jpg?resize=300%2C199\" alt=\"Julia Mar\u00edn, directora del Departamento de Administraci\u00f3n y Educaci\u00f3n Municipal de Panquehue.\" width=\"300\" height=\"199\" srcset=\"https:\/\/i0.wp.com\/eltrabajo.cl\/portal\/wp-content\/uploads\/2015\/08\/Julia-marin.jpg?resize=300%2C199&amp;ssl=1 300w, https:\/\/i0.wp.com\/eltrabajo.cl\/portal\/wp-content\/uploads\/2015\/08\/Julia-marin.jpg?resize=200%2C133&amp;ssl=1 200w, https:\/\/i0.wp.com\/eltrabajo.cl\/portal\/wp-content\/uploads\/2015\/08\/Julia-marin.jpg?resize=226%2C150&amp;ssl=1 226w, https:\/\/i0.wp.com\/eltrabajo.cl\/portal\/wp-content\/uploads\/2015\/08\/Julia-marin.jpg?resize=400%2C265&amp;ssl=1 400w, https:\/\/i0.wp.com\/eltrabajo.cl\/portal\/wp-content\/uploads\/2015\/08\/Julia-marin.jpg?w=528&amp;ssl=1 528w\" sizes=\"auto, (max-width: 300px) 100vw, 300px\" \/><\/a><figcaption id=\"caption-attachment-60610\" class=\"wp-caption-text\">Julia Mar\u00edn, directora del Departamento de Administraci\u00f3n y Educaci\u00f3n Municipal de Panquehue.<\/figcaption><\/figure>\n<p><strong>PANQUEHUE.<\/strong>&#8211; La Directora del Departamento de Administraci\u00f3n y Educaci\u00f3n Municipal de Panquehue, Julia Mar\u00edn, inform\u00f3 que se acord\u00f3 una extensi\u00f3n horaria de clases en cada una de las escuelas de dos horas diarias, y as\u00ed dar cumplimiento al proceso de recuperaci\u00f3n, producto del paro docente.<br \/>\nLa jefa del Daem se\u00f1al\u00f3 que la semana pasada se sostuvo una reuni\u00f3n de coordinaci\u00f3n con cada uno de los directores de los establecimientos educacionales, donde se acord\u00f3 el proceso de recuperaci\u00f3n de clases, debido a los 24 d\u00edas de paralizaci\u00f3n que estuvieron los profesores en Panquehue.<br \/>\nIndic\u00f3 que el acuerdo estipula que habr\u00e1 una extensi\u00f3n de dos horas diarias, salvo el Liceo Panquehue, que producto de su actual malla curricular, tendr\u00e1 un proceso diferente.<br \/>\nAgreg\u00f3 Julia Mar\u00edn que en la reuni\u00f3n se determin\u00f3 fijar las fechas de actividades extraescolares y el cumplimiento de los contenidos en un 100%, en lo que respecta al segundo semestre.<br \/>\nDijo que el t\u00e9rmino de a\u00f1o escolar fue programado para el lunes 21 de diciembre, por lo tanto, reiter\u00f3 el llamado para que la comunidad educativa de Panquehue, acuda a clases y se pueda cumplir con lo determinado.<br \/>\nPor su parte el alcalde Luis Pradenas expres\u00f3 su satisfacci\u00f3n por la reanudaci\u00f3n de las clases, agregando que los alumnos van a recibir y cumplir su a\u00f1o escolar como corresponde.<\/p>\n","protected":false},"excerpt":{"rendered":"<p>PANQUEHUE.&#8211; La Directora del Departamento de Administraci\u00f3n y Educaci\u00f3n Municipal de Panquehue, Julia Mar\u00edn, inform\u00f3 que se acord\u00f3 una extensi\u00f3n horaria de clases en cada una de las escuelas de dos horas&#8230;<\/p>\n","protected":false},"author":482,"featured_media":60610,"comment_status":"open","ping_status":"open","sticky":false,"template":"","format":"standard","meta":{"advanced_seo_description":"","jetpack_seo_html_title":"","jetpack_seo_noindex":false,"_jetpack_memberships_contains_paid_content":false,"footnotes":""},"categories":[15],"tags":[],"class_list":["post-60609","post","type-post","status-publish","format-standard","has-post-thumbnail","hentry","category-comunidad"],"jetpack_featured_media_url":"https:\/\/i0.wp.com\/eltrabajo.cl\/portal\/wp-content\/uploads\/2015\/08\/Julia-marin.jpg?fit=528%2C350&ssl=1","jetpack_sharing_enabled":true,"jetpack_likes_enabled":true,"jetpack-related-posts":[],"_links":{"self":[{"href":"https:\/\/eltrabajo.cl\/portal\/wp-json\/wp\/v2\/posts\/60609","targetHints":{"allow":["GET"]}}],"collection":[{"href":"https:\/\/eltrabajo.cl\/portal\/wp-json\/wp\/v2\/posts"}],"about":[{"href":"https:\/\/eltrabajo.cl\/portal\/wp-json\/wp\/v2\/types\/post"}],"author":[{"embeddable":true,"href":"https:\/\/eltrabajo.cl\/portal\/wp-json\/wp\/v2\/users\/482"}],"replies":[{"embeddable":true,"href":"https:\/\/eltrabajo.cl\/portal\/wp-json\/wp\/v2\/comments?post=60609"}],"version-history":[{"count":0,"href":"https:\/\/eltrabajo.cl\/portal\/wp-json\/wp\/v2\/posts\/60609\/revisions"}],"wp:featuredmedia":[{"embeddable":true,"href":"https:\/\/eltrabajo.cl\/portal\/wp-json\/wp\/v2\/media\/60610"}],"wp:attachment":[{"href":"https:\/\/eltrabajo.cl\/portal\/wp-json\/wp\/v2\/media?parent=60609"}],"wp:term":[{"taxonomy":"category","embeddable":true,"href":"https:\/\/eltrabajo.cl\/portal\/wp-json\/wp\/v2\/categories?post=60609"},{"taxonomy":"post_tag","embeddable":true,"href":"https:\/\/eltrabajo.cl\/portal\/wp-json\/wp\/v2\/tags?post=60609"}],"curies":[{"name":"wp","href":"https:\/\/api.w.org\/{rel}","templated":true}]}}