{"id":60612,"date":"2015-08-04T09:29:32","date_gmt":"2015-08-04T12:29:32","guid":{"rendered":"http:\/\/www.eltrabajo.cl\/portal\/?p=60612"},"modified":"2015-08-04T09:29:32","modified_gmt":"2015-08-04T12:29:32","slug":"autoridades-firman-acta-con-vecinos-de-el-arrayan-para-construccion-de-alcantarillado","status":"publish","type":"post","link":"https:\/\/eltrabajo.cl\/portal\/autoridades-firman-acta-con-vecinos-de-el-arrayan-para-construccion-de-alcantarillado\/","title":{"rendered":"Autoridades firman acta con vecinos de El Array\u00e1n para construcci\u00f3n de alcantarillado"},"content":{"rendered":"<figure id=\"attachment_60613\" aria-describedby=\"caption-attachment-60613\" style=\"width: 300px\" class=\"wp-caption alignleft\"><a href=\"https:\/\/i0.wp.com\/www.eltrabajo.cl\/portal\/wp-content\/uploads\/2015\/08\/Firma-alcantarillado-Catemu.jpg\"><img data-recalc-dims=\"1\" loading=\"lazy\" decoding=\"async\" class=\"wp-image-60613 size-medium\" src=\"https:\/\/i0.wp.com\/www.eltrabajo.cl\/portal\/wp-content\/uploads\/2015\/08\/Firma-alcantarillado-Catemu-300x197.jpg?resize=300%2C197\" alt=\"Durante la semana pasada se realiz\u00f3 una reuni\u00f3n informativa sobre alcantarillado adem\u00e1s de firmar un acta de entrega de terreno con el presidente de la Junta de vecinos, el due\u00f1o de la empresa contratista y el Alcalde.\" width=\"300\" height=\"197\" srcset=\"https:\/\/i0.wp.com\/eltrabajo.cl\/portal\/wp-content\/uploads\/2015\/08\/Firma-alcantarillado-Catemu.jpg?resize=300%2C197&amp;ssl=1 300w, https:\/\/i0.wp.com\/eltrabajo.cl\/portal\/wp-content\/uploads\/2015\/08\/Firma-alcantarillado-Catemu.jpg?resize=200%2C131&amp;ssl=1 200w, https:\/\/i0.wp.com\/eltrabajo.cl\/portal\/wp-content\/uploads\/2015\/08\/Firma-alcantarillado-Catemu.jpg?resize=228%2C150&amp;ssl=1 228w, https:\/\/i0.wp.com\/eltrabajo.cl\/portal\/wp-content\/uploads\/2015\/08\/Firma-alcantarillado-Catemu.jpg?resize=400%2C263&amp;ssl=1 400w, https:\/\/i0.wp.com\/eltrabajo.cl\/portal\/wp-content\/uploads\/2015\/08\/Firma-alcantarillado-Catemu.jpg?w=530&amp;ssl=1 530w\" sizes=\"auto, (max-width: 300px) 100vw, 300px\" \/><\/a><figcaption id=\"caption-attachment-60613\" class=\"wp-caption-text\">Durante la semana pasada se realiz\u00f3 una reuni\u00f3n informativa sobre alcantarillado adem\u00e1s de firmar un acta de entrega de terreno con el presidente de la Junta de vecinos, el due\u00f1o de la empresa contratista y el Alcalde.<\/figcaption><\/figure>\n<p><strong>CATEMU.-<\/strong> El pasado jueves en la sede de la Junta de vecinos del sector se realiz\u00f3 una reuni\u00f3n para informar a los vecinos acerca de los trabajos que se comenzaron a realizar desde el d\u00eda de hoy. Dicha reuni\u00f3n tuvo una masiva convocatoria y fue encabezada por el Alcalde de la comuna, quien expuso el proyecto ante los asistentes, adem\u00e1s de firmar un acta de entrega de terreno con el Presidente de la Junta de vecinos, el due\u00f1o de la empresa contratista y el Alcalde.<br \/>\nLa empresa ya se encuentra trabajando para comenzar la construcci\u00f3n del alcantarillado de El Array\u00e1n en Catemu, proyecto que contempla una inversi\u00f3n superior a los 1.500 millones de pesos y que luego de una espera de a\u00f1os, los vecinos del sector ver\u00e1n concretado gracias a la gesti\u00f3n del alcalde Luksic.<br \/>\nM\u00e1s de 1.500 personas de Catemu se ver\u00e1n beneficiadas con este proyecto, que tiene por objetivo dar una soluci\u00f3n sanitaria a alrededor de 360 viviendas de la comuna, que por tanto tiempo han esperado.<br \/>\nLa empresa Andr\u00e9s Hern\u00e1ndez se adjudic\u00f3 el proyecto, los profesionales Carlos Herrera y Cristian Men\u00e9ndez expusieron detalles de la obra, adem\u00e1s de explicar a los vecinos que las consultas e informaci\u00f3n oficial acerca de los trabajos la encuentran en el municipio y directamente con ellos, ya que no hay intermediarios de la informaci\u00f3n oficial y se puede producir confusi\u00f3n.<br \/>\nPor otra parte se pidi\u00f3 paciencia a la comunidad ante los cambios y molestias propias de la realizaci\u00f3n de los trabajos; respetar las se\u00f1al\u00e9ticas y adem\u00e1s tener especial cuidado con los ni\u00f1os y ni\u00f1as para evitar accidentes.<br \/>\nDurante 364 d\u00edas se realizar\u00e1n los trabajos para materializar este emblem\u00e1tico y significativo proyecto, que viene a mejorar la calidad de vida de cientos de familias cateminas.<\/p>\n","protected":false},"excerpt":{"rendered":"<p>CATEMU.- El pasado jueves en la sede de la Junta de vecinos del sector se realiz\u00f3 una reuni\u00f3n para informar a los vecinos acerca de los trabajos que se comenzaron a realizar&#8230;<\/p>\n","protected":false},"author":482,"featured_media":60613,"comment_status":"open","ping_status":"open","sticky":false,"template":"","format":"standard","meta":{"advanced_seo_description":"","jetpack_seo_html_title":"","jetpack_seo_noindex":false,"_jetpack_memberships_contains_paid_content":false,"footnotes":""},"categories":[15],"tags":[],"class_list":["post-60612","post","type-post","status-publish","format-standard","has-post-thumbnail","hentry","category-comunidad"],"jetpack_featured_media_url":"https:\/\/i0.wp.com\/eltrabajo.cl\/portal\/wp-content\/uploads\/2015\/08\/Firma-alcantarillado-Catemu.jpg?fit=530%2C348&ssl=1","jetpack_sharing_enabled":true,"jetpack_likes_enabled":true,"jetpack-related-posts":[],"_links":{"self":[{"href":"https:\/\/eltrabajo.cl\/portal\/wp-json\/wp\/v2\/posts\/60612","targetHints":{"allow":["GET"]}}],"collection":[{"href":"https:\/\/eltrabajo.cl\/portal\/wp-json\/wp\/v2\/posts"}],"about":[{"href":"https:\/\/eltrabajo.cl\/portal\/wp-json\/wp\/v2\/types\/post"}],"author":[{"embeddable":true,"href":"https:\/\/eltrabajo.cl\/portal\/wp-json\/wp\/v2\/users\/482"}],"replies":[{"embeddable":true,"href":"https:\/\/eltrabajo.cl\/portal\/wp-json\/wp\/v2\/comments?post=60612"}],"version-history":[{"count":0,"href":"https:\/\/eltrabajo.cl\/portal\/wp-json\/wp\/v2\/posts\/60612\/revisions"}],"wp:featuredmedia":[{"embeddable":true,"href":"https:\/\/eltrabajo.cl\/portal\/wp-json\/wp\/v2\/media\/60613"}],"wp:attachment":[{"href":"https:\/\/eltrabajo.cl\/portal\/wp-json\/wp\/v2\/media?parent=60612"}],"wp:term":[{"taxonomy":"category","embeddable":true,"href":"https:\/\/eltrabajo.cl\/portal\/wp-json\/wp\/v2\/categories?post=60612"},{"taxonomy":"post_tag","embeddable":true,"href":"https:\/\/eltrabajo.cl\/portal\/wp-json\/wp\/v2\/tags?post=60612"}],"curies":[{"name":"wp","href":"https:\/\/api.w.org\/{rel}","templated":true}]}}