{"id":60624,"date":"2015-08-04T09:38:07","date_gmt":"2015-08-04T12:38:07","guid":{"rendered":"http:\/\/www.eltrabajo.cl\/portal\/?p=60624"},"modified":"2015-08-04T09:38:07","modified_gmt":"2015-08-04T12:38:07","slug":"sospechan-de-cuatro-jovenes-como-autores-de-incendio-en-peluqueria","status":"publish","type":"post","link":"https:\/\/eltrabajo.cl\/portal\/sospechan-de-cuatro-jovenes-como-autores-de-incendio-en-peluqueria\/","title":{"rendered":"Sospechan de cuatro j\u00f3venes como autores de incendio en Peluquer\u00eda"},"content":{"rendered":"<figure id=\"attachment_60625\" aria-describedby=\"caption-attachment-60625\" style=\"width: 300px\" class=\"wp-caption alignleft\"><a href=\"https:\/\/i0.wp.com\/www.eltrabajo.cl\/portal\/wp-content\/uploads\/2015\/08\/INCENDIO-1.jpg\"><img data-recalc-dims=\"1\" loading=\"lazy\" decoding=\"async\" class=\"wp-image-60625 size-medium\" src=\"https:\/\/i0.wp.com\/www.eltrabajo.cl\/portal\/wp-content\/uploads\/2015\/08\/INCENDIO-1-300x198.jpg?resize=300%2C198\" alt=\"Personal de Bomberos logr\u00f3 reducir en pocos instantes las llamas que se originaron en calle Merced 310 de San Felipe.\" width=\"300\" height=\"198\" srcset=\"https:\/\/i0.wp.com\/eltrabajo.cl\/portal\/wp-content\/uploads\/2015\/08\/INCENDIO-1.jpg?resize=300%2C198&amp;ssl=1 300w, https:\/\/i0.wp.com\/eltrabajo.cl\/portal\/wp-content\/uploads\/2015\/08\/INCENDIO-1.jpg?resize=200%2C132&amp;ssl=1 200w, https:\/\/i0.wp.com\/eltrabajo.cl\/portal\/wp-content\/uploads\/2015\/08\/INCENDIO-1.jpg?resize=228%2C150&amp;ssl=1 228w, https:\/\/i0.wp.com\/eltrabajo.cl\/portal\/wp-content\/uploads\/2015\/08\/INCENDIO-1.jpg?resize=400%2C263&amp;ssl=1 400w, https:\/\/i0.wp.com\/eltrabajo.cl\/portal\/wp-content\/uploads\/2015\/08\/INCENDIO-1.jpg?w=530&amp;ssl=1 530w\" sizes=\"auto, (max-width: 300px) 100vw, 300px\" \/><\/a><figcaption id=\"caption-attachment-60625\" class=\"wp-caption-text\">Personal de Bomberos logr\u00f3 reducir en pocos instantes las llamas que se originaron en calle Merced 310 de San Felipe.<\/figcaption><\/figure>\n<ul>\n<li><strong>Siniestro afect\u00f3 en un 30% peluquer\u00eda en pleno centro y fue catalogado como intencional por parte de Bomberos que a su llegada advirti\u00f3 a j\u00f3venes que escapaban del lugar.<\/strong><\/li>\n<\/ul>\n<p>Con un treinta por ciento de da\u00f1os en su estructura result\u00f3 una peluquer\u00eda ubicada en calle Merced 310 en San Felipe, tras ser afectada por un incendio que presumiblemente habr\u00eda sido causado por al menos cuatro j\u00f3venes que habr\u00edan encendido papeles y cartones al interior del local comercial.<br \/>\nLa alarma del siniestro se registr\u00f3 a eso de las 03:55 de la madrugada de ayer lunes, cuando las llamas comenzaron a consumir la estructura principal del establecimiento, donde los presuntos autores de este atentado rompieron el vidrio de una de las ventanas para luego encender papeles y la cortina del ventanal.<br \/>\nEstas presunciones se deben a que seg\u00fan el relato de testigos y de los mismos voluntarios de bomberos, habr\u00edan advertido la presencia de unos sujetos que escaparon del lugar y que podr\u00edan ser los responsables de este grave atentado a la propiedad privada.<\/p>\n<figure id=\"attachment_60626\" aria-describedby=\"caption-attachment-60626\" style=\"width: 300px\" class=\"wp-caption alignright\"><a href=\"https:\/\/i0.wp.com\/www.eltrabajo.cl\/portal\/wp-content\/uploads\/2015\/08\/INCENDIO-2.jpg\"><img data-recalc-dims=\"1\" loading=\"lazy\" decoding=\"async\" class=\"wp-image-60626 size-medium\" src=\"https:\/\/i0.wp.com\/www.eltrabajo.cl\/portal\/wp-content\/uploads\/2015\/08\/INCENDIO-2-300x198.jpg?resize=300%2C198\" alt=\"Por esta ventana los sujetos sospechosos habr\u00edan originado el fuego.\" width=\"300\" height=\"198\" srcset=\"https:\/\/i0.wp.com\/eltrabajo.cl\/portal\/wp-content\/uploads\/2015\/08\/INCENDIO-2.jpg?resize=300%2C198&amp;ssl=1 300w, https:\/\/i0.wp.com\/eltrabajo.cl\/portal\/wp-content\/uploads\/2015\/08\/INCENDIO-2.jpg?resize=200%2C132&amp;ssl=1 200w, https:\/\/i0.wp.com\/eltrabajo.cl\/portal\/wp-content\/uploads\/2015\/08\/INCENDIO-2.jpg?resize=228%2C150&amp;ssl=1 228w, https:\/\/i0.wp.com\/eltrabajo.cl\/portal\/wp-content\/uploads\/2015\/08\/INCENDIO-2.jpg?resize=400%2C263&amp;ssl=1 400w, https:\/\/i0.wp.com\/eltrabajo.cl\/portal\/wp-content\/uploads\/2015\/08\/INCENDIO-2.jpg?w=530&amp;ssl=1 530w\" sizes=\"auto, (max-width: 300px) 100vw, 300px\" \/><\/a><figcaption id=\"caption-attachment-60626\" class=\"wp-caption-text\">Por esta ventana los sujetos sospechosos habr\u00edan originado el fuego.<\/figcaption><\/figure>\n<p>No obstante, ante la emergencia, Bomberos comenz\u00f3 con su ardua labor para lograr reducir las llamas, bajo las maniobras de dos compa\u00f1\u00edas que se apostaron en el domicilio, logrando extinguir el fuego completamente sin que se registraran otras viviendas da\u00f1adas.<br \/>\nEl Comandante de Bomberos, Juan Carlos Herrera Lillo, precis\u00f3 que de acuerdo a los antecedentes del siniestro, \u201clos primeros carros que concurrieron al lugar divisaron unos j\u00f3venes que llamaron la atenci\u00f3n por el horario, habr\u00edan roto el vidrio de una ventana y encendieron papeles. Bomberos tuvo que forzar la puerta para poder ingresar a la peluquer\u00eda\u201d.<br \/>\nHerrera agreg\u00f3 que existen registros audiovisuales de las c\u00e1maras instaladas en los carros de Bomberos que podr\u00edan individualizar y mantener la hip\u00f3tesis de la intencionalidad del fuego de parte de estos j\u00f3venes sospechosos, cuyos antecedentes podr\u00edan formar parte de la carpeta investigativa de la Fiscal\u00eda.<br \/>\n\u201cSi los afectados realizan la denuncia ante la Fiscal\u00eda, nuestra instituci\u00f3n entregar\u00e1 los antecedentes del procedimiento. Si lo solicitan, facilitaremos las im\u00e1genes de los carros durante la emergencia controlada\u201d.<br \/>\n<strong>Pablo Salinas Sald\u00edas<\/strong><\/p>\n","protected":false},"excerpt":{"rendered":"<p>Siniestro afect\u00f3 en un 30% peluquer\u00eda en pleno centro y fue catalogado como intencional por parte de Bomberos que a su llegada advirti\u00f3 a j\u00f3venes que escapaban del lugar. Con un treinta&#8230;<\/p>\n","protected":false},"author":482,"featured_media":60625,"comment_status":"open","ping_status":"open","sticky":false,"template":"","format":"standard","meta":{"advanced_seo_description":"","jetpack_seo_html_title":"","jetpack_seo_noindex":false,"_jetpack_memberships_contains_paid_content":false,"footnotes":""},"categories":[21],"tags":[],"class_list":["post-60624","post","type-post","status-publish","format-standard","has-post-thumbnail","hentry","category-policial"],"jetpack_featured_media_url":"https:\/\/i0.wp.com\/eltrabajo.cl\/portal\/wp-content\/uploads\/2015\/08\/INCENDIO-1.jpg?fit=530%2C349&ssl=1","jetpack_sharing_enabled":true,"jetpack_likes_enabled":true,"jetpack-related-posts":[],"_links":{"self":[{"href":"https:\/\/eltrabajo.cl\/portal\/wp-json\/wp\/v2\/posts\/60624","targetHints":{"allow":["GET"]}}],"collection":[{"href":"https:\/\/eltrabajo.cl\/portal\/wp-json\/wp\/v2\/posts"}],"about":[{"href":"https:\/\/eltrabajo.cl\/portal\/wp-json\/wp\/v2\/types\/post"}],"author":[{"embeddable":true,"href":"https:\/\/eltrabajo.cl\/portal\/wp-json\/wp\/v2\/users\/482"}],"replies":[{"embeddable":true,"href":"https:\/\/eltrabajo.cl\/portal\/wp-json\/wp\/v2\/comments?post=60624"}],"version-history":[{"count":0,"href":"https:\/\/eltrabajo.cl\/portal\/wp-json\/wp\/v2\/posts\/60624\/revisions"}],"wp:featuredmedia":[{"embeddable":true,"href":"https:\/\/eltrabajo.cl\/portal\/wp-json\/wp\/v2\/media\/60625"}],"wp:attachment":[{"href":"https:\/\/eltrabajo.cl\/portal\/wp-json\/wp\/v2\/media?parent=60624"}],"wp:term":[{"taxonomy":"category","embeddable":true,"href":"https:\/\/eltrabajo.cl\/portal\/wp-json\/wp\/v2\/categories?post=60624"},{"taxonomy":"post_tag","embeddable":true,"href":"https:\/\/eltrabajo.cl\/portal\/wp-json\/wp\/v2\/tags?post=60624"}],"curies":[{"name":"wp","href":"https:\/\/api.w.org\/{rel}","templated":true}]}}