{"id":60628,"date":"2015-08-04T09:39:11","date_gmt":"2015-08-04T12:39:11","guid":{"rendered":"http:\/\/www.eltrabajo.cl\/portal\/?p=60628"},"modified":"2015-08-04T09:39:11","modified_gmt":"2015-08-04T12:39:11","slug":"ejemplar-condena-de-13-anos-de-carcel-para-antisocial-que-baleo-a-familiares-de-su-ex-polola","status":"publish","type":"post","link":"https:\/\/eltrabajo.cl\/portal\/ejemplar-condena-de-13-anos-de-carcel-para-antisocial-que-baleo-a-familiares-de-su-ex-polola\/","title":{"rendered":"Ejemplar condena de 13 a\u00f1os de c\u00e1rcel para antisocial que bale\u00f3 a familiares de su ex polola"},"content":{"rendered":"<figure id=\"attachment_60629\" aria-describedby=\"caption-attachment-60629\" style=\"width: 300px\" class=\"wp-caption alignleft\"><a href=\"https:\/\/i0.wp.com\/www.eltrabajo.cl\/portal\/wp-content\/uploads\/2015\/08\/Pablo-Zorra1-.jpg\"><img data-recalc-dims=\"1\" loading=\"lazy\" decoding=\"async\" class=\"wp-image-60629 size-medium\" src=\"https:\/\/i0.wp.com\/www.eltrabajo.cl\/portal\/wp-content\/uploads\/2015\/08\/Pablo-Zorra1--300x198.jpg?resize=300%2C198\" alt=\"Juan Pablo Caballero Llanca alias \u2018Pablo Zorra\u2019 condenado a una pena unificada de 13 a\u00f1os de c\u00e1rcel por dos homicidios frustrados cometidos en la comuna de San Felipe.\" width=\"300\" height=\"198\" srcset=\"https:\/\/i0.wp.com\/eltrabajo.cl\/portal\/wp-content\/uploads\/2015\/08\/Pablo-Zorra1-.jpg?resize=300%2C198&amp;ssl=1 300w, https:\/\/i0.wp.com\/eltrabajo.cl\/portal\/wp-content\/uploads\/2015\/08\/Pablo-Zorra1-.jpg?resize=200%2C132&amp;ssl=1 200w, https:\/\/i0.wp.com\/eltrabajo.cl\/portal\/wp-content\/uploads\/2015\/08\/Pablo-Zorra1-.jpg?resize=227%2C150&amp;ssl=1 227w, https:\/\/i0.wp.com\/eltrabajo.cl\/portal\/wp-content\/uploads\/2015\/08\/Pablo-Zorra1-.jpg?resize=400%2C264&amp;ssl=1 400w, https:\/\/i0.wp.com\/eltrabajo.cl\/portal\/wp-content\/uploads\/2015\/08\/Pablo-Zorra1-.jpg?w=530&amp;ssl=1 530w\" sizes=\"auto, (max-width: 300px) 100vw, 300px\" \/><\/a><figcaption id=\"caption-attachment-60629\" class=\"wp-caption-text\">Juan Pablo Caballero Llanca alias \u2018Pablo Zorra\u2019 condenado a una pena unificada de 13 a\u00f1os de c\u00e1rcel por dos homicidios frustrados cometidos en la comuna de San Felipe.<\/figcaption><\/figure>\n<p>Fiscal\u00eda llev\u00f3 a juicio a Juan Pablo Caballero Llanca, quien fue condenado por el Tribunal Oral en Lo Penal de San Felipe a una pena unificada de trece a\u00f1os de c\u00e1rcel tras las contundentes pruebas que acusaron al antisocial haber disparado con una escopeta al abuelo y la madre de su ex pareja, en la poblaci\u00f3n La Santita de la comuna de San Felipe el pasado 25 de septiembre del 2014.<br \/>\nTras el veredicto emitido por los jueces del Tribunal Oral en Lo Penal de San Felipe, la sentencia fue enf\u00e1tica al condenar a Juan Pablo Caballero Llanca a cumplir una pena de c\u00e1rcel efectiva por un plazo de 13 a\u00f1os por su responsabilidad en dos homicidios frustrados, donde dos v\u00edctimas resultaron heridas a bala con una escopeta a manos de este peligroso antisocial.<br \/>\nLa Fiscal\u00eda se mostr\u00f3 conforme con los resultados luego de llevar adelante las investigaciones del caso que concluyeron, mediante un juicio desarrollado la semana pasada, la culpabilidad del hoy sentenciado que deber\u00e1 cumplir una larga estad\u00eda en la c\u00e1rcel.<br \/>\nEl Fiscal Jefe, Eduardo Fajardo, precis\u00f3 a Diario El Trabajo que la pena se ajusta a derecho mostr\u00e1ndose conforme tras la condena impuesta por el Tribunal Oral. \u00abComo es un hecho reiterado, el tribunal aplic\u00f3 la interpretaci\u00f3n de la norma (&#8230;) en definitiva, es una pena de trece a\u00f1os unificando ambos delitos de manera efectiva. La sentencia est\u00e1 ajustada a derecho lo que nos deja satisfechos. Se acreditaron los hechos como fueron acusados, las v\u00edctimas entendieron lo factible que era este rango de la pena\u00bb, expres\u00f3 el representante del Ministerio P\u00fablico.<br \/>\nFajardo explic\u00f3 que el sentenciado fue absuelto del porte ilegal de la escopeta por parte del Tribunal, toda vez que se consider\u00f3 como atenuante su entrega voluntaria ante la Polic\u00eda de Investigaciones.<\/p>\n<p><strong>LOS CR\u00cdMENES<\/strong><br \/>\nComo se recordar\u00e1, la Fiscal\u00eda demostr\u00f3 los hechos cometidos el d\u00eda 25 de septiembre del 2014 cuando \u2018Pablo Zorra\u2019, enfurecido se dirigi\u00f3 hasta la residencia del abuelo y de la madre de su ex pareja, a eso de las 13:30 horas. El cap\u00edtulo de este tr\u00e1gico episodio relata que este antisocial irrumpi\u00f3 en el inmueble ubicado en avenida Tocornal de Poblaci\u00f3n La Santita de San Felipe de propiedad de Jaime Silva Silva de 71 a\u00f1os, quien en esos momentos se encontraba almorzando en la cocina, instancia en que Juan Pablo Caballero pregunt\u00f3 la ubicaci\u00f3n de su nieta Camila, quien hasta ese entonces era su ex pareja y madre del hijo que mantienen en com\u00fan.<br \/>\nTras un altercado entre ambos y ante la negativa de entregar informaci\u00f3n del paradero de la muchacha, Juan Pablo Caballero apunt\u00f3 su escopeta sobre el cuerpo del adulto mayor, quien en un afortunado movimiento hizo que la bala lo hiriera en su codo izquierdo, caus\u00e1ndole una herida profunda en un tend\u00f3n, quedando inmovilizado en el piso.<br \/>\nDesde una de las habitaciones, la ex suegra de este sujeto identificada como Carmen Gloria Silva, se encontraba aterrorizada con el disparo hacia su padre, en los instantes que cargaba entre sus brazos a su peque\u00f1o nieto de un a\u00f1o y seis meses, hijo del mismo imputado. La mujer le suplicaba que deb\u00eda alejarse de su hija por existir una orden judicial que la proteg\u00eda.<br \/>\nSembrado el terror en ese inmueble y ante los arrebatos de este sujeto que se encontraba armado, Carmen Gloria sali\u00f3 de la vivienda pidiendo a gritos el auxilio de sus vecinos con el beb\u00e9 en brazos, mientras que su ex yerno \u2018Pablo Zorra\u2019 enardecido la persigui\u00f3 y la tom\u00f3 violentamente de uno de sus brazos para empujarla y en segundos apuntar a corta distancia con escopeta, sin importarle que estaba al frente de su propio hijo. Sin contemplaciones, le dispar\u00f3 directo al abdomen de la mujer, quien se precipit\u00f3 al suelo con el ni\u00f1o en brazos.<br \/>\nSeg\u00fan se pudo conocer, una vecina al escuchar los gritos de auxilio y posteriores disparos, sali\u00f3 hacia la calle a socorrer a Carmen, quien se encontraba cubierta de sangre con el lactante en brazos en el suelo, confes\u00e1ndole entre susurros de dolor que su ex yerno \u2018Pablo Zorra\u2019 le hab\u00eda disparado, adem\u00e1s de amenazar con matar a su ex pareja.<br \/>\nAl lugar de los hechos se aproxim\u00f3 un hermano de Carmen Gloria, quien vive cerca del domicilio, observando al imputado quien escapaba en direcci\u00f3n desconocida, descubriendo a su padre y hermana heridos de gravedad, debiendo trasladados en una camioneta hasta el Hospital San Camilo de San Felipe.<br \/>\nEl diagn\u00f3stico m\u00e9dico para Jaime Silva Silva fue una herida con arma de fuego en el tend\u00f3n de su codo izquierdo, debiendo quedar internado en la Unidad Traumatol\u00f3gica del Hospital San Juan de Dios de Los Andes. Mientras que Carmen Gloria Silva fue intervenida quir\u00fargicamente para extraer la munici\u00f3n que se aloj\u00f3 en su abdomen, que afortunadamente no la mantuvo con riesgo vital, quedando en observaci\u00f3n en la unidad de Cirug\u00eda del Hospital San Camilo de San Felipe.<br \/>\nEn tanto, el \u00fanico imputado por estos cr\u00edmenes se encontraba pr\u00f3fugo de la justicia hasta que transcurridos dos d\u00edas de los hechos, se quiso entregar voluntariamente ante la Polic\u00eda de Investigaciones de San Felipe. Al tercer d\u00eda Caballero Llanca concurri\u00f3 hasta las dependencias del Juzgado de Garant\u00eda, lugar donde llev\u00f3 su escopeta calibre 16 y cuatro cartuchos sin percutir a eso de las 09:00 horas, lugar en que finalmente fue detenido tras los infructuosos operativos que hab\u00edan desplegado horas antes ambas polic\u00edas.<br \/>\nNo obstante, conocida la sentencia existen diez d\u00edas para que la Defensa del actual sentenciado eleve eventualmente un recurso de nulidad ante la Corte de Apelaciones de Valpara\u00edso.<br \/>\n<strong>Pablo Salinas Sald\u00edas<\/strong><\/p>\n","protected":false},"excerpt":{"rendered":"<p>Fiscal\u00eda llev\u00f3 a juicio a Juan Pablo Caballero Llanca, quien fue condenado por el Tribunal Oral en Lo Penal de San Felipe a una pena unificada de trece a\u00f1os de c\u00e1rcel tras&#8230;<\/p>\n","protected":false},"author":482,"featured_media":60629,"comment_status":"open","ping_status":"open","sticky":false,"template":"","format":"standard","meta":{"advanced_seo_description":"","jetpack_seo_html_title":"","jetpack_seo_noindex":false,"_jetpack_memberships_contains_paid_content":false,"footnotes":""},"categories":[21],"tags":[],"class_list":["post-60628","post","type-post","status-publish","format-standard","has-post-thumbnail","hentry","category-policial"],"jetpack_featured_media_url":"https:\/\/i0.wp.com\/eltrabajo.cl\/portal\/wp-content\/uploads\/2015\/08\/Pablo-Zorra1-.jpg?fit=530%2C350&ssl=1","jetpack_sharing_enabled":true,"jetpack_likes_enabled":true,"jetpack-related-posts":[],"_links":{"self":[{"href":"https:\/\/eltrabajo.cl\/portal\/wp-json\/wp\/v2\/posts\/60628","targetHints":{"allow":["GET"]}}],"collection":[{"href":"https:\/\/eltrabajo.cl\/portal\/wp-json\/wp\/v2\/posts"}],"about":[{"href":"https:\/\/eltrabajo.cl\/portal\/wp-json\/wp\/v2\/types\/post"}],"author":[{"embeddable":true,"href":"https:\/\/eltrabajo.cl\/portal\/wp-json\/wp\/v2\/users\/482"}],"replies":[{"embeddable":true,"href":"https:\/\/eltrabajo.cl\/portal\/wp-json\/wp\/v2\/comments?post=60628"}],"version-history":[{"count":0,"href":"https:\/\/eltrabajo.cl\/portal\/wp-json\/wp\/v2\/posts\/60628\/revisions"}],"wp:featuredmedia":[{"embeddable":true,"href":"https:\/\/eltrabajo.cl\/portal\/wp-json\/wp\/v2\/media\/60629"}],"wp:attachment":[{"href":"https:\/\/eltrabajo.cl\/portal\/wp-json\/wp\/v2\/media?parent=60628"}],"wp:term":[{"taxonomy":"category","embeddable":true,"href":"https:\/\/eltrabajo.cl\/portal\/wp-json\/wp\/v2\/categories?post=60628"},{"taxonomy":"post_tag","embeddable":true,"href":"https:\/\/eltrabajo.cl\/portal\/wp-json\/wp\/v2\/tags?post=60628"}],"curies":[{"name":"wp","href":"https:\/\/api.w.org\/{rel}","templated":true}]}}