{"id":60650,"date":"2015-08-05T09:34:25","date_gmt":"2015-08-05T12:34:25","guid":{"rendered":"http:\/\/www.eltrabajo.cl\/portal\/?p=60650"},"modified":"2015-08-05T09:34:25","modified_gmt":"2015-08-05T12:34:25","slug":"junto-a-vecinos-celebran-semana-mundial-de-la-lactancia-materna","status":"publish","type":"post","link":"https:\/\/eltrabajo.cl\/portal\/junto-a-vecinos-celebran-semana-mundial-de-la-lactancia-materna\/","title":{"rendered":"Junto a vecinos celebran \u2018Semana Mundial de la Lactancia Materna\u2019"},"content":{"rendered":"<figure id=\"attachment_60651\" aria-describedby=\"caption-attachment-60651\" style=\"width: 300px\" class=\"wp-caption alignleft\"><a href=\"https:\/\/i0.wp.com\/www.eltrabajo.cl\/portal\/wp-content\/uploads\/2015\/08\/Celebraci%C3%B3n-Lactancia-Materna-2015-4.jpg\"><img data-recalc-dims=\"1\" loading=\"lazy\" decoding=\"async\" class=\"wp-image-60651 size-medium\" src=\"https:\/\/i0.wp.com\/www.eltrabajo.cl\/portal\/wp-content\/uploads\/2015\/08\/Celebraci%C3%B3n-Lactancia-Materna-2015-4-300x198.jpg?resize=300%2C198\" alt=\"Los ni\u00f1os tambi\u00e9n participaron de esta actividad con pintacaritas y concursos de dibujo.\" width=\"300\" height=\"198\" srcset=\"https:\/\/i0.wp.com\/eltrabajo.cl\/portal\/wp-content\/uploads\/2015\/08\/Celebraci%C3%B3n-Lactancia-Materna-2015-4.jpg?resize=300%2C198&amp;ssl=1 300w, https:\/\/i0.wp.com\/eltrabajo.cl\/portal\/wp-content\/uploads\/2015\/08\/Celebraci%C3%B3n-Lactancia-Materna-2015-4.jpg?resize=200%2C132&amp;ssl=1 200w, https:\/\/i0.wp.com\/eltrabajo.cl\/portal\/wp-content\/uploads\/2015\/08\/Celebraci%C3%B3n-Lactancia-Materna-2015-4.jpg?resize=228%2C150&amp;ssl=1 228w, https:\/\/i0.wp.com\/eltrabajo.cl\/portal\/wp-content\/uploads\/2015\/08\/Celebraci%C3%B3n-Lactancia-Materna-2015-4.jpg?resize=400%2C263&amp;ssl=1 400w, https:\/\/i0.wp.com\/eltrabajo.cl\/portal\/wp-content\/uploads\/2015\/08\/Celebraci%C3%B3n-Lactancia-Materna-2015-4.jpg?w=530&amp;ssl=1 530w\" sizes=\"auto, (max-width: 300px) 100vw, 300px\" \/><\/a><figcaption id=\"caption-attachment-60651\" class=\"wp-caption-text\">Los ni\u00f1os tambi\u00e9n participaron de esta actividad con pintacaritas y concursos de dibujo.<\/figcaption><\/figure>\n<ul>\n<li><strong>Diferentes actividades en la plaza de la comuna tuvieron como objetivo promocionar, proteger, fomentar y apoyar el importante acto de amamantar a los bebes en sus primeros meses de vida<\/strong><\/li>\n<\/ul>\n<p><strong>PUTAENDO<\/strong>.- Bastante entretenida estuvo la ma\u00f1ana de ayer martes cuatro de agosto en la Plaza Prat de Putaendo. Colores, globos, ni\u00f1os, mam\u00e1s, autoridades y vecinos de Putaendo dieron vida al principal paseo peatonal de la comuna para conocer y tener conciencia sobre la Lactancia Materna.<br \/>\nEl evento trat\u00f3 la conmemoraci\u00f3n de la \u2018Semana Mundial de la Lactancia Materna\u2019, que a nivel mundial se celebra entre el primero y el siete de agosto. En este caso, el Centro de Salud Familiar (Cesfam) Valle Los Libertadores de Putaendo levant\u00f3 una serie de stands donde sus profesionales trabajaron bajo el lema \u2018Amamantar y Trabajar \u00a1Logremos que sea posible!\u2019.<br \/>\nEn efecto, la jornada cont\u00f3 con degustaci\u00f3n de leche purita y postres que toman las madres en gestaci\u00f3n y durante la lactancia; entrega de t\u00e9cnicas de extracci\u00f3n, manejo y almacenamiento de leche materna; consejos sobre apego durante la lactancia. Adem\u00e1s, hubo pintacaritas a ni\u00f1os que llegaron de jardines infantiles, concursos de dibujo para ellos y tambi\u00e9n actividades para adultos.<br \/>\nCon una alta concurrencia de p\u00fablico, la celebraci\u00f3n fue catalogada como un \u00e9xito por las autoridades. \u201cFue una hermosa actividad. Esperemos que con esto las mujeres se incentiven y comiencen realmente a replicar con sus cercanos y vecinos lo importante que es dar pecho materno a los ni\u00f1os\u201d, resalt\u00f3 Mireya Ponce, directora del Cesfam.<br \/>\nEl alcalde Guillermo Reyes enfatiz\u00f3 en la importancia de la alimentaci\u00f3n en los primeros meses de vida. \u201cEs una actividad importante para ir poniendo en la comunidad, fundamentalmente en la familia y en las madres, las instancias y beneficios de la lactancia materna. Est\u00e1 absolutamente comprobado que mientras m\u00e1s meses dure esta alimentaci\u00f3n, los beb\u00e9s adquieren una mejor defensa respecto a los virus\u201d, expuso.<br \/>\nDurante la ma\u00f1ana, no s\u00f3lo se entreg\u00f3 folleter\u00eda e informaci\u00f3n impresa. La nueva pantalla gigante comunal exhibi\u00f3 videos sobre lactancia materna que estar\u00e1n toda la semana como parte de la parrilla program\u00e1tica. Cabe decir que este proyecto est\u00e1 en fase de puesta en marcha a la espera de su pronta inauguraci\u00f3n.<br \/>\n\u201cEn eso creo que tambi\u00e9n lo audiovisual siempre tiene un rol muy importante en la atenci\u00f3n de las personas y de transmitir el mensaje. Hemos puesto la pantalla al servicio de esta conmemoraci\u00f3n y estaremos haci\u00e9ndolo siempre con otras actividades para que tengan este apoyo visual\u201d, explic\u00f3 la m\u00e1xima autoridad comunal.<br \/>\nLa leche materna es el \u00fanico alimento que el ni\u00f1o necesita para los primeros seis meses de vida. Otro tipo de alimento o bebida, inclusive el agua, aumentar\u00eda el riesgo de enfermedad. De esta forma, la leche materna es la primera inmunizaci\u00f3n del beb\u00e9 y no existen f\u00f3rmulas alternativas para su protecci\u00f3n.<\/p>\n","protected":false},"excerpt":{"rendered":"<p>Diferentes actividades en la plaza de la comuna tuvieron como objetivo promocionar, proteger, fomentar y apoyar el importante acto de amamantar a los bebes en sus primeros meses de vida PUTAENDO.- Bastante&#8230;<\/p>\n","protected":false},"author":482,"featured_media":60651,"comment_status":"open","ping_status":"open","sticky":false,"template":"","format":"standard","meta":{"advanced_seo_description":"","jetpack_seo_html_title":"","jetpack_seo_noindex":false,"_jetpack_memberships_contains_paid_content":false,"footnotes":""},"categories":[15],"tags":[],"class_list":["post-60650","post","type-post","status-publish","format-standard","has-post-thumbnail","hentry","category-comunidad"],"jetpack_featured_media_url":"https:\/\/i0.wp.com\/eltrabajo.cl\/portal\/wp-content\/uploads\/2015\/08\/Celebraci%C3%B3n-Lactancia-Materna-2015-4.jpg?fit=530%2C349&ssl=1","jetpack_sharing_enabled":true,"jetpack_likes_enabled":true,"jetpack-related-posts":[],"_links":{"self":[{"href":"https:\/\/eltrabajo.cl\/portal\/wp-json\/wp\/v2\/posts\/60650","targetHints":{"allow":["GET"]}}],"collection":[{"href":"https:\/\/eltrabajo.cl\/portal\/wp-json\/wp\/v2\/posts"}],"about":[{"href":"https:\/\/eltrabajo.cl\/portal\/wp-json\/wp\/v2\/types\/post"}],"author":[{"embeddable":true,"href":"https:\/\/eltrabajo.cl\/portal\/wp-json\/wp\/v2\/users\/482"}],"replies":[{"embeddable":true,"href":"https:\/\/eltrabajo.cl\/portal\/wp-json\/wp\/v2\/comments?post=60650"}],"version-history":[{"count":0,"href":"https:\/\/eltrabajo.cl\/portal\/wp-json\/wp\/v2\/posts\/60650\/revisions"}],"wp:featuredmedia":[{"embeddable":true,"href":"https:\/\/eltrabajo.cl\/portal\/wp-json\/wp\/v2\/media\/60651"}],"wp:attachment":[{"href":"https:\/\/eltrabajo.cl\/portal\/wp-json\/wp\/v2\/media?parent=60650"}],"wp:term":[{"taxonomy":"category","embeddable":true,"href":"https:\/\/eltrabajo.cl\/portal\/wp-json\/wp\/v2\/categories?post=60650"},{"taxonomy":"post_tag","embeddable":true,"href":"https:\/\/eltrabajo.cl\/portal\/wp-json\/wp\/v2\/tags?post=60650"}],"curies":[{"name":"wp","href":"https:\/\/api.w.org\/{rel}","templated":true}]}}