{"id":60653,"date":"2015-08-05T09:35:23","date_gmt":"2015-08-05T12:35:23","guid":{"rendered":"http:\/\/www.eltrabajo.cl\/portal\/?p=60653"},"modified":"2015-08-05T09:35:23","modified_gmt":"2015-08-05T12:35:23","slug":"en-conjunto-con-la-comunidad-construyen-nueva-capilla-en-el-mirador-en-panquehue","status":"publish","type":"post","link":"https:\/\/eltrabajo.cl\/portal\/en-conjunto-con-la-comunidad-construyen-nueva-capilla-en-el-mirador-en-panquehue\/","title":{"rendered":"En conjunto con la comunidad construyen nueva capilla en El Mirador en Panquehue"},"content":{"rendered":"<figure id=\"attachment_60654\" aria-describedby=\"caption-attachment-60654\" style=\"width: 300px\" class=\"wp-caption alignleft\"><a href=\"https:\/\/i0.wp.com\/www.eltrabajo.cl\/portal\/wp-content\/uploads\/2015\/08\/Capilla-el-Mirador-de-Panquehue.jpg\"><img data-recalc-dims=\"1\" loading=\"lazy\" decoding=\"async\" class=\"wp-image-60654 size-medium\" src=\"https:\/\/i0.wp.com\/www.eltrabajo.cl\/portal\/wp-content\/uploads\/2015\/08\/Capilla-el-Mirador-de-Panquehue-300x197.jpg?resize=300%2C197\" alt=\"La nueva capilla es una estructura de madera de 56 metros\u00b2, ubicada en el sector El Mirador y fue financiada con aportes de la comunidad y privados.\" width=\"300\" height=\"197\" srcset=\"https:\/\/i0.wp.com\/eltrabajo.cl\/portal\/wp-content\/uploads\/2015\/08\/Capilla-el-Mirador-de-Panquehue.jpg?resize=300%2C197&amp;ssl=1 300w, https:\/\/i0.wp.com\/eltrabajo.cl\/portal\/wp-content\/uploads\/2015\/08\/Capilla-el-Mirador-de-Panquehue.jpg?resize=200%2C131&amp;ssl=1 200w, https:\/\/i0.wp.com\/eltrabajo.cl\/portal\/wp-content\/uploads\/2015\/08\/Capilla-el-Mirador-de-Panquehue.jpg?resize=228%2C150&amp;ssl=1 228w, https:\/\/i0.wp.com\/eltrabajo.cl\/portal\/wp-content\/uploads\/2015\/08\/Capilla-el-Mirador-de-Panquehue.jpg?resize=400%2C263&amp;ssl=1 400w, https:\/\/i0.wp.com\/eltrabajo.cl\/portal\/wp-content\/uploads\/2015\/08\/Capilla-el-Mirador-de-Panquehue.jpg?w=530&amp;ssl=1 530w\" sizes=\"auto, (max-width: 300px) 100vw, 300px\" \/><\/a><figcaption id=\"caption-attachment-60654\" class=\"wp-caption-text\">La nueva capilla es una estructura de madera de 56 metros\u00b2, ubicada en el sector El Mirador y fue financiada con aportes de la comunidad y privados.<\/figcaption><\/figure>\n<p><strong>PANQUEHUE<\/strong>.- Un agradecimiento a todos quienes colaboraron para poder construir la nueva capilla en el sector El Mirador de la comuna de Panquehue, manifest\u00f3 el alcalde Luis Pradenas.<br \/>\nSe trata de una estructura de madera de 56 metros cuadrados, financiada por los vecinos del Mirador y cuyos recursos se lograron con aportes de la comunidad y privados.<br \/>\nTras una misa realizada por el Obispo de la Di\u00f3cesis de Aconcagua, Monse\u00f1or Cristian Contreras Molina, el alcalde Luis Pradenas destac\u00f3 el inter\u00e9s que existi\u00f3 desde un principio, para concretar esta iniciativa.<br \/>\nEn tanto la Presidenta de la Junta de Vecinos, Mar\u00eda Gonz\u00e1lez Herrera, explic\u00f3 que el resultado de esta obra, ha sido con el apoyo de la comunidad, sin embargo la municipalidad encabezada por el alcalde Pradenas y los concejales han sumado otro gran apoyo.<br \/>\n\u201cHa sido un proyecto que cost\u00f3 bastante, fue una idea que se lanz\u00f3, la gente estaba de acuerdo y contenta, y empezamos a enviar cartas a empresarios y como comunidad hicimos una cuota mensual de dos mil pesos por casa, lo que nos permiti\u00f3 reunir los recursos para la compra de esta capilla\u201d.<\/p>\n","protected":false},"excerpt":{"rendered":"<p>PANQUEHUE.- Un agradecimiento a todos quienes colaboraron para poder construir la nueva capilla en el sector El Mirador de la comuna de Panquehue, manifest\u00f3 el alcalde Luis Pradenas. Se trata de una&#8230;<\/p>\n","protected":false},"author":482,"featured_media":60654,"comment_status":"open","ping_status":"open","sticky":false,"template":"","format":"standard","meta":{"advanced_seo_description":"","jetpack_seo_html_title":"","jetpack_seo_noindex":false,"_jetpack_memberships_contains_paid_content":false,"footnotes":""},"categories":[15],"tags":[],"class_list":["post-60653","post","type-post","status-publish","format-standard","has-post-thumbnail","hentry","category-comunidad"],"jetpack_featured_media_url":"https:\/\/i0.wp.com\/eltrabajo.cl\/portal\/wp-content\/uploads\/2015\/08\/Capilla-el-Mirador-de-Panquehue.jpg?fit=530%2C348&ssl=1","jetpack_sharing_enabled":true,"jetpack_likes_enabled":true,"jetpack-related-posts":[],"_links":{"self":[{"href":"https:\/\/eltrabajo.cl\/portal\/wp-json\/wp\/v2\/posts\/60653","targetHints":{"allow":["GET"]}}],"collection":[{"href":"https:\/\/eltrabajo.cl\/portal\/wp-json\/wp\/v2\/posts"}],"about":[{"href":"https:\/\/eltrabajo.cl\/portal\/wp-json\/wp\/v2\/types\/post"}],"author":[{"embeddable":true,"href":"https:\/\/eltrabajo.cl\/portal\/wp-json\/wp\/v2\/users\/482"}],"replies":[{"embeddable":true,"href":"https:\/\/eltrabajo.cl\/portal\/wp-json\/wp\/v2\/comments?post=60653"}],"version-history":[{"count":0,"href":"https:\/\/eltrabajo.cl\/portal\/wp-json\/wp\/v2\/posts\/60653\/revisions"}],"wp:featuredmedia":[{"embeddable":true,"href":"https:\/\/eltrabajo.cl\/portal\/wp-json\/wp\/v2\/media\/60654"}],"wp:attachment":[{"href":"https:\/\/eltrabajo.cl\/portal\/wp-json\/wp\/v2\/media?parent=60653"}],"wp:term":[{"taxonomy":"category","embeddable":true,"href":"https:\/\/eltrabajo.cl\/portal\/wp-json\/wp\/v2\/categories?post=60653"},{"taxonomy":"post_tag","embeddable":true,"href":"https:\/\/eltrabajo.cl\/portal\/wp-json\/wp\/v2\/tags?post=60653"}],"curies":[{"name":"wp","href":"https:\/\/api.w.org\/{rel}","templated":true}]}}