{"id":60656,"date":"2015-08-05T09:37:50","date_gmt":"2015-08-05T12:37:50","guid":{"rendered":"http:\/\/www.eltrabajo.cl\/portal\/?p=60656"},"modified":"2015-08-05T09:37:50","modified_gmt":"2015-08-05T12:37:50","slug":"inician-taller-de-dinamica-familiar-para-familias-rinconadinas","status":"publish","type":"post","link":"https:\/\/eltrabajo.cl\/portal\/inician-taller-de-dinamica-familiar-para-familias-rinconadinas\/","title":{"rendered":"Inician taller de \u2018din\u00e1mica familiar\u2019 para familias rinconadinas"},"content":{"rendered":"<figure id=\"attachment_60657\" aria-describedby=\"caption-attachment-60657\" style=\"width: 300px\" class=\"wp-caption alignleft\"><a href=\"https:\/\/i0.wp.com\/www.eltrabajo.cl\/portal\/wp-content\/uploads\/2015\/08\/PRODEMU-4.jpg\"><img data-recalc-dims=\"1\" loading=\"lazy\" decoding=\"async\" class=\"wp-image-60657 size-medium\" src=\"https:\/\/i0.wp.com\/www.eltrabajo.cl\/portal\/wp-content\/uploads\/2015\/08\/PRODEMU-4-300x198.jpg?resize=300%2C198\" alt=\"En esta sesi\u00f3n, a la cual asistieron tanto hombres como mujeres, se entreg\u00f3 informaci\u00f3n a todas las familias pertenecientes al programa Ingreso \u00c9tico Familiar que ahora se llama Seguridad y Oportunidades.\" width=\"300\" height=\"198\" srcset=\"https:\/\/i0.wp.com\/eltrabajo.cl\/portal\/wp-content\/uploads\/2015\/08\/PRODEMU-4.jpg?resize=300%2C198&amp;ssl=1 300w, https:\/\/i0.wp.com\/eltrabajo.cl\/portal\/wp-content\/uploads\/2015\/08\/PRODEMU-4.jpg?resize=200%2C132&amp;ssl=1 200w, https:\/\/i0.wp.com\/eltrabajo.cl\/portal\/wp-content\/uploads\/2015\/08\/PRODEMU-4.jpg?resize=227%2C150&amp;ssl=1 227w, https:\/\/i0.wp.com\/eltrabajo.cl\/portal\/wp-content\/uploads\/2015\/08\/PRODEMU-4.jpg?resize=400%2C264&amp;ssl=1 400w, https:\/\/i0.wp.com\/eltrabajo.cl\/portal\/wp-content\/uploads\/2015\/08\/PRODEMU-4.jpg?w=530&amp;ssl=1 530w\" sizes=\"auto, (max-width: 300px) 100vw, 300px\" \/><\/a><figcaption id=\"caption-attachment-60657\" class=\"wp-caption-text\">En esta sesi\u00f3n, a la cual asistieron tanto hombres como mujeres, se entreg\u00f3 informaci\u00f3n a todas las familias pertenecientes al programa Ingreso \u00c9tico Familiar que ahora se llama Seguridad y Oportunidades.<\/figcaption><\/figure>\n<ul>\n<li><strong>La iniciativa trae consigo diversos beneficios para quienes asistir\u00e1n durante cuatro clases y adem\u00e1s se le entregar\u00e1 un bono de locomoci\u00f3n a cada uno de ellos.<\/strong><\/li>\n<\/ul>\n<p><strong>RINCONADA.<\/strong>&#8211; La fundaci\u00f3n para la Promoci\u00f3n y Desarrollo de la Mujer ha coordinado una actividad que va en completo beneficio de mejorar las relaciones que se generan dentro de un hogar, en este caso los roles de hombres y mujeres incluyendo el cuidado de los ni\u00f1os.<br \/>\nEste es el \u00fanico programa en donde pueden participar hombres, siempre cuando pertenezcan a este programa. Seg\u00fan se explic\u00f3 en su presentaci\u00f3n es un taller muy enriquecedor, que les va a permitir a las familias crear lazos y v\u00ednculos, de los cuales uno no se da cuenta cuando est\u00e1 inmerso y esto les ayudar\u00e1 a conocerse m\u00e1s como familia.<br \/>\nValeria Montenegro, Directora de Desarrollo Comunal de Rinconada, manifest\u00f3 que \u201ccomenzamos con una sesi\u00f3n que viene directamente relacionada con la din\u00e1mica familiar para las personas de nuestra comuna que pertenecen a alg\u00fan tipo de programa, tanto Chile Solidario como Ingreso \u00e9tico familiar, los dejo cordialmente invitados a participar. Esto consta de cosas tan b\u00e1sicas; c\u00f3mo tratarnos o relacionarnos, ver las obligaciones de la casa, el cuidado de los ni\u00f1os (\u2026) en fin, es muy completa la actividad, que adem\u00e1s tiene diversos beneficios. A quienes asistan le pagan el traslado que son $1500 diarios\u201d.<br \/>\nSer\u00e1n cuatro sesiones, sin contar la de bienvenida, en donde se explic\u00f3 c\u00f3mo se iba a desarrollar el taller clase a clase. Esta semana se realizar\u00e1n los d\u00edas 6 y 7, mientras que la pr\u00f3xima corresponde a los d\u00edas 10 y 13 de agosto. El taller comienza a eso de las 9:30 de la ma\u00f1ana hasta las 14 horas, se les dar\u00e1 desayuno y almuerzo a cada uno de los asistentes. Abel Cort\u00e9s y Francisco Iturriaga ser\u00e1n los profesores a cargo de realizar las cuatro sesiones con material did\u00e1ctico, en donde las familias compartir\u00e1n sus experiencias.<\/p>\n","protected":false},"excerpt":{"rendered":"<p>La iniciativa trae consigo diversos beneficios para quienes asistir\u00e1n durante cuatro clases y adem\u00e1s se le entregar\u00e1 un bono de locomoci\u00f3n a cada uno de ellos. RINCONADA.&#8211; La fundaci\u00f3n para la Promoci\u00f3n&#8230;<\/p>\n","protected":false},"author":482,"featured_media":60657,"comment_status":"open","ping_status":"open","sticky":false,"template":"","format":"standard","meta":{"advanced_seo_description":"","jetpack_seo_html_title":"","jetpack_seo_noindex":false,"_jetpack_memberships_contains_paid_content":false,"footnotes":""},"categories":[15],"tags":[],"class_list":["post-60656","post","type-post","status-publish","format-standard","has-post-thumbnail","hentry","category-comunidad"],"jetpack_featured_media_url":"https:\/\/i0.wp.com\/eltrabajo.cl\/portal\/wp-content\/uploads\/2015\/08\/PRODEMU-4.jpg?fit=530%2C350&ssl=1","jetpack_sharing_enabled":true,"jetpack_likes_enabled":true,"jetpack-related-posts":[],"_links":{"self":[{"href":"https:\/\/eltrabajo.cl\/portal\/wp-json\/wp\/v2\/posts\/60656","targetHints":{"allow":["GET"]}}],"collection":[{"href":"https:\/\/eltrabajo.cl\/portal\/wp-json\/wp\/v2\/posts"}],"about":[{"href":"https:\/\/eltrabajo.cl\/portal\/wp-json\/wp\/v2\/types\/post"}],"author":[{"embeddable":true,"href":"https:\/\/eltrabajo.cl\/portal\/wp-json\/wp\/v2\/users\/482"}],"replies":[{"embeddable":true,"href":"https:\/\/eltrabajo.cl\/portal\/wp-json\/wp\/v2\/comments?post=60656"}],"version-history":[{"count":0,"href":"https:\/\/eltrabajo.cl\/portal\/wp-json\/wp\/v2\/posts\/60656\/revisions"}],"wp:featuredmedia":[{"embeddable":true,"href":"https:\/\/eltrabajo.cl\/portal\/wp-json\/wp\/v2\/media\/60657"}],"wp:attachment":[{"href":"https:\/\/eltrabajo.cl\/portal\/wp-json\/wp\/v2\/media?parent=60656"}],"wp:term":[{"taxonomy":"category","embeddable":true,"href":"https:\/\/eltrabajo.cl\/portal\/wp-json\/wp\/v2\/categories?post=60656"},{"taxonomy":"post_tag","embeddable":true,"href":"https:\/\/eltrabajo.cl\/portal\/wp-json\/wp\/v2\/tags?post=60656"}],"curies":[{"name":"wp","href":"https:\/\/api.w.org\/{rel}","templated":true}]}}