{"id":60670,"date":"2015-08-05T09:44:59","date_gmt":"2015-08-05T12:44:59","guid":{"rendered":"http:\/\/www.eltrabajo.cl\/portal\/?p=60670"},"modified":"2015-08-05T09:44:59","modified_gmt":"2015-08-05T12:44:59","slug":"detienen-a-siete-trabajadores-contratistas-por-bloquear-ruta-internacional","status":"publish","type":"post","link":"https:\/\/eltrabajo.cl\/portal\/detienen-a-siete-trabajadores-contratistas-por-bloquear-ruta-internacional\/","title":{"rendered":"Detienen a siete trabajadores contratistas por bloquear Ruta Internacional"},"content":{"rendered":"<figure id=\"attachment_60671\" aria-describedby=\"caption-attachment-60671\" style=\"width: 300px\" class=\"wp-caption alignleft\"><a href=\"https:\/\/i0.wp.com\/www.eltrabajo.cl\/portal\/wp-content\/uploads\/2015\/08\/marcha-tribunal5.jpg\"><img data-recalc-dims=\"1\" loading=\"lazy\" decoding=\"async\" class=\"wp-image-60671 size-medium\" src=\"https:\/\/i0.wp.com\/www.eltrabajo.cl\/portal\/wp-content\/uploads\/2015\/08\/marcha-tribunal5-300x198.jpg?resize=300%2C198\" alt=\"Cuando los trabajadores quedaron en libertad, los esperaban m\u00e1s de 200 trabajadores contratistas que llegaron al Tribunal de Garant\u00eda para solidarizar y esperar los resultados de la audiencia.\" width=\"300\" height=\"198\" srcset=\"https:\/\/i0.wp.com\/eltrabajo.cl\/portal\/wp-content\/uploads\/2015\/08\/marcha-tribunal5.jpg?resize=300%2C198&amp;ssl=1 300w, https:\/\/i0.wp.com\/eltrabajo.cl\/portal\/wp-content\/uploads\/2015\/08\/marcha-tribunal5.jpg?resize=200%2C132&amp;ssl=1 200w, https:\/\/i0.wp.com\/eltrabajo.cl\/portal\/wp-content\/uploads\/2015\/08\/marcha-tribunal5.jpg?resize=228%2C150&amp;ssl=1 228w, https:\/\/i0.wp.com\/eltrabajo.cl\/portal\/wp-content\/uploads\/2015\/08\/marcha-tribunal5.jpg?resize=400%2C263&amp;ssl=1 400w, https:\/\/i0.wp.com\/eltrabajo.cl\/portal\/wp-content\/uploads\/2015\/08\/marcha-tribunal5.jpg?w=530&amp;ssl=1 530w\" sizes=\"auto, (max-width: 300px) 100vw, 300px\" \/><\/a><figcaption id=\"caption-attachment-60671\" class=\"wp-caption-text\">Cuando los trabajadores quedaron en libertad, los esperaban m\u00e1s de 200 trabajadores contratistas que llegaron al Tribunal de Garant\u00eda para solidarizar y esperar los resultados de la audiencia.<\/figcaption><\/figure>\n<ul>\n<li><strong>Fueron requeridos por el delito de des\u00f3rdenes y condenados al pago de una multa.<\/strong><\/li>\n<\/ul>\n<p><strong>LOS ANDES.<\/strong>&#8211; Siete trabajadores contratistas fueron detenidos por Carabineros en el marco de las movilizaciones y bloqueos de la ruta internacional que se llevan adelante con motivo el paro nacional de los tercerizados.<br \/>\nLa detenci\u00f3n de los trabajadores se produjo en horas de la tarde del lunes cuando la polic\u00eda sorprendi\u00f3 al grupo de trabajadores colocando barricadas y encendiendo neum\u00e1ticos a la altura del kil\u00f3metro 57.<br \/>\nPosteriormente el grupo de contratistas se dirigi\u00f3 hasta otro punto de la ruta donde sacaron las barreras de contenci\u00f3n del camino para usarlas como barricadas, momento en el cual se procedi\u00f3 a su detenci\u00f3n.<\/p>\n<figure id=\"attachment_60672\" aria-describedby=\"caption-attachment-60672\" style=\"width: 300px\" class=\"wp-caption alignright\"><a href=\"https:\/\/i0.wp.com\/www.eltrabajo.cl\/portal\/wp-content\/uploads\/2015\/08\/marcha-tribunal25.jpg\"><img data-recalc-dims=\"1\" loading=\"lazy\" decoding=\"async\" class=\"wp-image-60672 size-medium\" src=\"https:\/\/i0.wp.com\/www.eltrabajo.cl\/portal\/wp-content\/uploads\/2015\/08\/marcha-tribunal25-300x198.jpg?resize=300%2C198\" alt=\"Los manifestantes fueron detenidos por el delito de des\u00f3rdenes p\u00fablicos consumados.\" width=\"300\" height=\"198\" srcset=\"https:\/\/i0.wp.com\/eltrabajo.cl\/portal\/wp-content\/uploads\/2015\/08\/marcha-tribunal25.jpg?resize=300%2C198&amp;ssl=1 300w, https:\/\/i0.wp.com\/eltrabajo.cl\/portal\/wp-content\/uploads\/2015\/08\/marcha-tribunal25.jpg?resize=200%2C132&amp;ssl=1 200w, https:\/\/i0.wp.com\/eltrabajo.cl\/portal\/wp-content\/uploads\/2015\/08\/marcha-tribunal25.jpg?resize=228%2C150&amp;ssl=1 228w, https:\/\/i0.wp.com\/eltrabajo.cl\/portal\/wp-content\/uploads\/2015\/08\/marcha-tribunal25.jpg?resize=400%2C263&amp;ssl=1 400w, https:\/\/i0.wp.com\/eltrabajo.cl\/portal\/wp-content\/uploads\/2015\/08\/marcha-tribunal25.jpg?w=530&amp;ssl=1 530w\" sizes=\"auto, (max-width: 300px) 100vw, 300px\" \/><\/a><figcaption id=\"caption-attachment-60672\" class=\"wp-caption-text\">Los manifestantes fueron detenidos por el delito de des\u00f3rdenes p\u00fablicos consumados.<\/figcaption><\/figure>\n<p>Los trabajadores fueron identificados como L.D.C. (56), M.J.G. (41), C.V.B. (49), M.A.P. (32), E.S.M. (26), A.U.M. (26) y D.V.V. (31), ninguno con antecedentes policiales anteriores.<br \/>\nLos trabajadores fueron sometidos a control de detenci\u00f3n en el Tribunal de Garant\u00eda de Los Andes y luego el fiscal Ricardo Reinoso los requiri\u00f3 en procedimiento monitorio por el delito de des\u00f3rdenes p\u00fablicos consumados.<br \/>\nLos siete fueron condenados al pago de una multa de una Unidad Tributaria, sin embargo la magistrado Valeria Crosa suspendi\u00f3 el pago por el plazo de seis meses y si no se ven envueltos en otro delito la causa cesar\u00e1 como si jam\u00e1s hubiera existido, quedando limpios los papeles de los trabajadores para todos los efectos legales.<\/p>\n<p><strong>MARCHA DE APOYO<\/strong><br \/>\nPrevio a la audiencia, una caravana de m\u00e1s de 200 trabajadores contratistas lleg\u00f3 hasta el frontis del Tribunal de Garant\u00eda en avenida Carlos D\u00edaz a solidarizar con sus compa\u00f1eros detenidos y a esperar los resultados de la audiencia.<br \/>\nEn el lugar, el Presidente de la Fetramin, Guillermo Candia, se quej\u00f3 que la detenci\u00f3n de los trabajadores fue injusta por parte de Carabineros, \u201cpues en el lugar donde se estaban quemando los neum\u00e1ticos ellos no estaban, fueron detenidos posteriormente en un control rutinario de veh\u00edculos y esto es parte de la estrategia de Codelco de amedrentar a los trabajadores en nuestras justas demandas\u201d.<br \/>\nCandia remarc\u00f3 que los trabajadores no fueron detenidos en flagrancia levantando barricadas e insisti\u00f3 en que seguir\u00e1n adelante con la movilizaci\u00f3n en defensa de sus derechos y esperan que Codelco de una vez por todas se siente a negociar con la CTC, \u201c\u00fanica organizaci\u00f3n que tiene movilizados a los contratistas de Chile y la muerte del trabajador Nelson Quichillao no ser\u00e1 en vano por reivindicar nuestros derechos a trav\u00e9s del acuerdo marco\u201d.<br \/>\nLament\u00f3 el doble est\u00e1ndar de Codelco que mantiene virtualmente secuestrados a contratistas en el \u00e1rea industrial para no detener las faenas y tambi\u00e9n haciendo subir personal de planta en buses y helic\u00f3pteros, exponiendo a todos ellos a poner en riesgo su seguridad.<br \/>\nInsisti\u00f3 en que todo queda en manos de Codelco para sentarse a negociar este acuerdo marco y renovar los beneficios obtenidos.<\/p>\n","protected":false},"excerpt":{"rendered":"<p>Fueron requeridos por el delito de des\u00f3rdenes y condenados al pago de una multa. LOS ANDES.&#8211; Siete trabajadores contratistas fueron detenidos por Carabineros en el marco de las movilizaciones y bloqueos de&#8230;<\/p>\n","protected":false},"author":482,"featured_media":60671,"comment_status":"open","ping_status":"open","sticky":false,"template":"","format":"standard","meta":{"advanced_seo_description":"","jetpack_seo_html_title":"","jetpack_seo_noindex":false,"_jetpack_memberships_contains_paid_content":false,"footnotes":""},"categories":[21],"tags":[],"class_list":["post-60670","post","type-post","status-publish","format-standard","has-post-thumbnail","hentry","category-policial"],"jetpack_featured_media_url":"https:\/\/i0.wp.com\/eltrabajo.cl\/portal\/wp-content\/uploads\/2015\/08\/marcha-tribunal5.jpg?fit=530%2C349&ssl=1","jetpack_sharing_enabled":true,"jetpack_likes_enabled":true,"jetpack-related-posts":[],"_links":{"self":[{"href":"https:\/\/eltrabajo.cl\/portal\/wp-json\/wp\/v2\/posts\/60670","targetHints":{"allow":["GET"]}}],"collection":[{"href":"https:\/\/eltrabajo.cl\/portal\/wp-json\/wp\/v2\/posts"}],"about":[{"href":"https:\/\/eltrabajo.cl\/portal\/wp-json\/wp\/v2\/types\/post"}],"author":[{"embeddable":true,"href":"https:\/\/eltrabajo.cl\/portal\/wp-json\/wp\/v2\/users\/482"}],"replies":[{"embeddable":true,"href":"https:\/\/eltrabajo.cl\/portal\/wp-json\/wp\/v2\/comments?post=60670"}],"version-history":[{"count":0,"href":"https:\/\/eltrabajo.cl\/portal\/wp-json\/wp\/v2\/posts\/60670\/revisions"}],"wp:featuredmedia":[{"embeddable":true,"href":"https:\/\/eltrabajo.cl\/portal\/wp-json\/wp\/v2\/media\/60671"}],"wp:attachment":[{"href":"https:\/\/eltrabajo.cl\/portal\/wp-json\/wp\/v2\/media?parent=60670"}],"wp:term":[{"taxonomy":"category","embeddable":true,"href":"https:\/\/eltrabajo.cl\/portal\/wp-json\/wp\/v2\/categories?post=60670"},{"taxonomy":"post_tag","embeddable":true,"href":"https:\/\/eltrabajo.cl\/portal\/wp-json\/wp\/v2\/tags?post=60670"}],"curies":[{"name":"wp","href":"https:\/\/api.w.org\/{rel}","templated":true}]}}