{"id":60677,"date":"2015-08-05T09:47:25","date_gmt":"2015-08-05T12:47:25","guid":{"rendered":"http:\/\/www.eltrabajo.cl\/portal\/?p=60677"},"modified":"2015-08-05T09:47:25","modified_gmt":"2015-08-05T12:47:25","slug":"delincuentes-roban-siete-equipos-de-endoscopia-desde-hospital-san-camilo","status":"publish","type":"post","link":"https:\/\/eltrabajo.cl\/portal\/delincuentes-roban-siete-equipos-de-endoscopia-desde-hospital-san-camilo\/","title":{"rendered":"Delincuentes roban siete equipos de endoscop\u00eda desde Hospital San Camilo"},"content":{"rendered":"<figure id=\"attachment_60678\" aria-describedby=\"caption-attachment-60678\" style=\"width: 300px\" class=\"wp-caption alignleft\"><a href=\"https:\/\/i0.wp.com\/www.eltrabajo.cl\/portal\/wp-content\/uploads\/2015\/08\/robo-endoscopia.jpg\"><img data-recalc-dims=\"1\" loading=\"lazy\" decoding=\"async\" class=\"wp-image-60678 size-medium\" src=\"https:\/\/i0.wp.com\/www.eltrabajo.cl\/portal\/wp-content\/uploads\/2015\/08\/robo-endoscopia-300x198.jpg?resize=300%2C198\" alt=\"Desconocidos ingresaron al recinto hospitalario y sustrajeron 7 equipos de alto valor, perjudicando a todos los pacientes del Valle de Aconcagua. \" width=\"300\" height=\"198\" srcset=\"https:\/\/i0.wp.com\/eltrabajo.cl\/portal\/wp-content\/uploads\/2015\/08\/robo-endoscopia.jpg?resize=300%2C198&amp;ssl=1 300w, https:\/\/i0.wp.com\/eltrabajo.cl\/portal\/wp-content\/uploads\/2015\/08\/robo-endoscopia.jpg?resize=200%2C132&amp;ssl=1 200w, https:\/\/i0.wp.com\/eltrabajo.cl\/portal\/wp-content\/uploads\/2015\/08\/robo-endoscopia.jpg?resize=227%2C150&amp;ssl=1 227w, https:\/\/i0.wp.com\/eltrabajo.cl\/portal\/wp-content\/uploads\/2015\/08\/robo-endoscopia.jpg?resize=400%2C264&amp;ssl=1 400w, https:\/\/i0.wp.com\/eltrabajo.cl\/portal\/wp-content\/uploads\/2015\/08\/robo-endoscopia.jpg?w=530&amp;ssl=1 530w\" sizes=\"auto, (max-width: 300px) 100vw, 300px\" \/><\/a><figcaption id=\"caption-attachment-60678\" class=\"wp-caption-text\">Desconocidos ingresaron al recinto hospitalario y sustrajeron 7 equipos de alto valor, perjudicando a todos los pacientes del Valle de Aconcagua.<\/figcaption><\/figure>\n<ul>\n<li><strong>Da\u00f1o afecta a toda la comunidad ya que equipamiento es fundamental para diagn\u00f3sticos digestivos que no podr\u00e1n realizarse incluso en caso de urgencias.<\/strong><\/li>\n<\/ul>\n<p>Un lamentable robo sufri\u00f3 la tarde este martes el Hospital San Camilo luego que desconocidos ingresaran por un sector no habilitado para p\u00fablico, al espacio donde se lavan y esterilizan los equipos de endoscop\u00eda, llev\u00e1ndose 7 equipos de alto valor.<br \/>\nEl hecho resulta grav\u00edsimo debido a que los dispositivos permiten realizar una gran cantidad de ex\u00e1menes a pacientes ambulatorios y hospitalizados, entre quienes se encuentran personas con diagn\u00f3stico de diversos c\u00e1nceres como los de es\u00f3fago, recto o est\u00f3mago, adem\u00e1s de pacientes de urgencia que requieran ligaduras u otros procedimientos de manera inmediata.<br \/>\n\u201cEste hecho es muy, pero muy lamentable ya que el robo afecta a toda la poblaci\u00f3n del Valle del Aconcagua a quienes no podremos realizarles procedimientos importantes para su salud y su recuperaci\u00f3n, incluso en caso de urgencias, en donde estos equipos resultan fundamentales para realizar un diagn\u00f3stico acertado\u201d, se\u00f1al\u00f3 el Director del Hospital San Camilo, Dr. Juan de Dios Reyes.<br \/>\nEl facultativo tambi\u00e9n lament\u00f3 que dentro de los procedimientos que no se podr\u00e1n realizar se encuentran las colangiograf\u00edas retrogradas endosc\u00f3picas, las cuales se realizan exclusivamente en el Hospital San Camilo.<br \/>\nSe estima que el n\u00famero de usuarios afectados ser\u00e1 superior a los 100 pacientes mensuales, equivalentes al promedio de ex\u00e1menes que se realizan principalmente los d\u00edas martes y jueves.<br \/>\nLuego de detectado el robo, el hecho fue denunciado a la PDI, entreg\u00e1ndose todos los antecedentes dentro de los cuales se encuentran las im\u00e1genes captadas por las c\u00e1maras de seguridad recientemente instaladas en el recinto, pese a lo cual la autoridad realiz\u00f3 un llamado a la poblaci\u00f3n a cooperar con informaci\u00f3n en caso de contar con alguna pista que permita detener a los ladrones, insistiendo en que los equipos son altamente especializados y s\u00f3lo sirven para equipos m\u00e9dicos operados por especialistas.<\/p>\n","protected":false},"excerpt":{"rendered":"<p>Da\u00f1o afecta a toda la comunidad ya que equipamiento es fundamental para diagn\u00f3sticos digestivos que no podr\u00e1n realizarse incluso en caso de urgencias. Un lamentable robo sufri\u00f3 la tarde este martes el&#8230;<\/p>\n","protected":false},"author":482,"featured_media":60678,"comment_status":"open","ping_status":"open","sticky":false,"template":"","format":"standard","meta":{"advanced_seo_description":"","jetpack_seo_html_title":"","jetpack_seo_noindex":false,"_jetpack_memberships_contains_paid_content":false,"footnotes":""},"categories":[21],"tags":[],"class_list":["post-60677","post","type-post","status-publish","format-standard","has-post-thumbnail","hentry","category-policial"],"jetpack_featured_media_url":"https:\/\/i0.wp.com\/eltrabajo.cl\/portal\/wp-content\/uploads\/2015\/08\/robo-endoscopia.jpg?fit=530%2C350&ssl=1","jetpack_sharing_enabled":true,"jetpack_likes_enabled":true,"jetpack-related-posts":[],"_links":{"self":[{"href":"https:\/\/eltrabajo.cl\/portal\/wp-json\/wp\/v2\/posts\/60677","targetHints":{"allow":["GET"]}}],"collection":[{"href":"https:\/\/eltrabajo.cl\/portal\/wp-json\/wp\/v2\/posts"}],"about":[{"href":"https:\/\/eltrabajo.cl\/portal\/wp-json\/wp\/v2\/types\/post"}],"author":[{"embeddable":true,"href":"https:\/\/eltrabajo.cl\/portal\/wp-json\/wp\/v2\/users\/482"}],"replies":[{"embeddable":true,"href":"https:\/\/eltrabajo.cl\/portal\/wp-json\/wp\/v2\/comments?post=60677"}],"version-history":[{"count":0,"href":"https:\/\/eltrabajo.cl\/portal\/wp-json\/wp\/v2\/posts\/60677\/revisions"}],"wp:featuredmedia":[{"embeddable":true,"href":"https:\/\/eltrabajo.cl\/portal\/wp-json\/wp\/v2\/media\/60678"}],"wp:attachment":[{"href":"https:\/\/eltrabajo.cl\/portal\/wp-json\/wp\/v2\/media?parent=60677"}],"wp:term":[{"taxonomy":"category","embeddable":true,"href":"https:\/\/eltrabajo.cl\/portal\/wp-json\/wp\/v2\/categories?post=60677"},{"taxonomy":"post_tag","embeddable":true,"href":"https:\/\/eltrabajo.cl\/portal\/wp-json\/wp\/v2\/tags?post=60677"}],"curies":[{"name":"wp","href":"https:\/\/api.w.org\/{rel}","templated":true}]}}