{"id":60683,"date":"2015-08-05T09:50:31","date_gmt":"2015-08-05T12:50:31","guid":{"rendered":"http:\/\/www.eltrabajo.cl\/portal\/?p=60683"},"modified":"2015-08-05T09:50:31","modified_gmt":"2015-08-05T12:50:31","slug":"joven-pierde-batalla-contra-la-muerte-tras-agonizar-por-casi-24-horas","status":"publish","type":"post","link":"https:\/\/eltrabajo.cl\/portal\/joven-pierde-batalla-contra-la-muerte-tras-agonizar-por-casi-24-horas\/","title":{"rendered":"Joven pierde batalla contra la muerte tras agonizar por casi 24 horas"},"content":{"rendered":"<figure id=\"attachment_60684\" aria-describedby=\"caption-attachment-60684\" style=\"width: 300px\" class=\"wp-caption alignleft\"><a href=\"https:\/\/i0.wp.com\/www.eltrabajo.cl\/portal\/wp-content\/uploads\/2015\/08\/Muerto-1.jpg\"><img data-recalc-dims=\"1\" loading=\"lazy\" decoding=\"async\" class=\"wp-image-60684 size-medium\" src=\"https:\/\/i0.wp.com\/www.eltrabajo.cl\/portal\/wp-content\/uploads\/2015\/08\/Muerto-1-300x198.jpg?resize=300%2C198\" alt=\"Roberto Osorio Villalobos falleci\u00f3 v\u00edctima de un lamentable accidente ocurrido la madrugada del domingo en la Ruta 60 CH, donde adem\u00e1s otros j\u00f3venes que tripulaban el veh\u00edculo permanecen heridos a ra\u00edz de este accidente.\" width=\"300\" height=\"198\" srcset=\"https:\/\/i0.wp.com\/eltrabajo.cl\/portal\/wp-content\/uploads\/2015\/08\/Muerto-1.jpg?resize=300%2C198&amp;ssl=1 300w, https:\/\/i0.wp.com\/eltrabajo.cl\/portal\/wp-content\/uploads\/2015\/08\/Muerto-1.jpg?resize=200%2C132&amp;ssl=1 200w, https:\/\/i0.wp.com\/eltrabajo.cl\/portal\/wp-content\/uploads\/2015\/08\/Muerto-1.jpg?resize=228%2C150&amp;ssl=1 228w, https:\/\/i0.wp.com\/eltrabajo.cl\/portal\/wp-content\/uploads\/2015\/08\/Muerto-1.jpg?resize=400%2C263&amp;ssl=1 400w, https:\/\/i0.wp.com\/eltrabajo.cl\/portal\/wp-content\/uploads\/2015\/08\/Muerto-1.jpg?w=530&amp;ssl=1 530w\" sizes=\"auto, (max-width: 300px) 100vw, 300px\" \/><\/a><figcaption id=\"caption-attachment-60684\" class=\"wp-caption-text\">Roberto Osorio Villalobos falleci\u00f3 v\u00edctima de un lamentable accidente ocurrido la madrugada del domingo en la Ruta 60 CH, donde adem\u00e1s otros j\u00f3venes que tripulaban el veh\u00edculo permanecen heridos a ra\u00edz de este accidente.<\/figcaption><\/figure>\n<ul>\n<li><strong>El accidente ocurri\u00f3 en el Puente Pocuro de la ruta 60 CH, cuando el veh\u00edculo con cinco personas a bordo se estrell\u00f3 violentamente contra una barrera de contenci\u00f3n. Hondo pesar existe entre la familia por la irreparable p\u00e9rdida de este joven.<\/strong><\/li>\n<\/ul>\n<p>Fueron minutos desoladores entre s\u00faplicas y cadenas de oraci\u00f3n realizadas por familiares y amigos del joven de 22 a\u00f1os identificado como Roberto Adri\u00e1n Osorio Villalobos, quien luchaba entre la vida y la muerte en la Unidad de Cuidados Intensivos del Hospital San Camilo luego de protagonizar un grave accidente automovil\u00edstico en el puente Pocuro de San Felipe; sin embargo debido a la alta complejidad de sus lesiones, lamentablemente Roberto dej\u00f3 de existir la madrugada de este lunes.<br \/>\nLa tragedia se inici\u00f3 cuando a eso de las 04:40 de la madrugada del pasado domingo, Roberto tripulaba un autom\u00f3vil Suzuky placa patente FK ZH 61 junto a otros cuatro j\u00f3venes veintea\u00f1eros, incluido su conductor, quien por razones que investiga la Subcomisar\u00eda Investigadora de Accidentes de Tr\u00e1nsito, Siat de Carabineros de San Felipe, habr\u00eda perdido el control del m\u00f3vil impactando sobre una barrera de contenci\u00f3n instalada en el Puente Pocuro ubicado en la Ruta 60 Ch, espec\u00edficamente en el kil\u00f3metro 32.<br \/>\nA ra\u00edz de alta velocidad y la violencia del impacto, el veh\u00edculo termin\u00f3 volcado en la ruta, dejando a todos los ocupantes lesionados de consideraci\u00f3n. Ante la emergencia, tuvieron que intervenir unidades de rescate de Bomberos para proceder a retirar los heridos de entre los fierros retorcidos, siendo derivados al personal del Samu, quienes luego de estabilizar a los j\u00f3venes, los traslad\u00f3 hasta el Servicio de Urgencias del Hospital San Camilo de San Felipe.<br \/>\nDentro de los heridos el m\u00e1s complejo result\u00f3 ser Roberto Osorio Villalobos, quien con m\u00faltiples heridas y fracturas fue internado en la Unidad de Cuidados Intensivos de ese centro hospitalario, donde los m\u00e9dicos le practicaron mecanismos de reanimaci\u00f3n para lograr estabilizarlo.<br \/>\nFamiliares y amigos consternados con el tr\u00e1gico accidente, esperaban un milagro, con mucha fe vislumbraban una posible evoluci\u00f3n en la salud del muchacho, quien luch\u00f3 minuto a minuto por sobrevivir. Sin embargo, debido a la gravedad de las lesiones que le dej\u00f3 este tr\u00e1gico accidente, su coraz\u00f3n dej\u00f3 de latir a eso de las 02:45 de la madrugada del pasado lunes.<br \/>\nConstatada su muerte en el centro hospitalario y a ra\u00edz que se trataba de un hecho policial que se mantiene en investigaci\u00f3n, el Fiscal de turno orden\u00f3 el traslado del cuerpo del malogrado joven hasta el Servicio M\u00e9dico Legal de San Felipe para la correspondiente autopsia de rigor que determine la causa basal de su muerte.<br \/>\nHondo pesar existi\u00f3 entre la familia y los amigos de Roberto que colmaron de mensajes las redes sociales, lamentando la tragedia y la p\u00e9rdida de un gran amigo y compa\u00f1ero como fue descrito en sus cuentas personales de Facebook.<br \/>\nEl cuerpo del joven est\u00e1 siendo velado en su casa ubicada en calle Traslavi\u00f1a, lugar desde donde ser\u00e1 despedido por sus familiares y cercanos hasta su \u00faltima morada para descansar en paz.<br \/>\n<strong>Pablo Salinas Sald\u00edas<\/strong><\/p>\n","protected":false},"excerpt":{"rendered":"<p>El accidente ocurri\u00f3 en el Puente Pocuro de la ruta 60 CH, cuando el veh\u00edculo con cinco personas a bordo se estrell\u00f3 violentamente contra una barrera de contenci\u00f3n. Hondo pesar existe entre&#8230;<\/p>\n","protected":false},"author":482,"featured_media":60684,"comment_status":"open","ping_status":"open","sticky":false,"template":"","format":"standard","meta":{"advanced_seo_description":"","jetpack_seo_html_title":"","jetpack_seo_noindex":false,"_jetpack_memberships_contains_paid_content":false,"footnotes":""},"categories":[21],"tags":[],"class_list":["post-60683","post","type-post","status-publish","format-standard","has-post-thumbnail","hentry","category-policial"],"jetpack_featured_media_url":"https:\/\/i0.wp.com\/eltrabajo.cl\/portal\/wp-content\/uploads\/2015\/08\/Muerto-1.jpg?fit=530%2C349&ssl=1","jetpack_sharing_enabled":true,"jetpack_likes_enabled":true,"jetpack-related-posts":[],"_links":{"self":[{"href":"https:\/\/eltrabajo.cl\/portal\/wp-json\/wp\/v2\/posts\/60683","targetHints":{"allow":["GET"]}}],"collection":[{"href":"https:\/\/eltrabajo.cl\/portal\/wp-json\/wp\/v2\/posts"}],"about":[{"href":"https:\/\/eltrabajo.cl\/portal\/wp-json\/wp\/v2\/types\/post"}],"author":[{"embeddable":true,"href":"https:\/\/eltrabajo.cl\/portal\/wp-json\/wp\/v2\/users\/482"}],"replies":[{"embeddable":true,"href":"https:\/\/eltrabajo.cl\/portal\/wp-json\/wp\/v2\/comments?post=60683"}],"version-history":[{"count":0,"href":"https:\/\/eltrabajo.cl\/portal\/wp-json\/wp\/v2\/posts\/60683\/revisions"}],"wp:featuredmedia":[{"embeddable":true,"href":"https:\/\/eltrabajo.cl\/portal\/wp-json\/wp\/v2\/media\/60684"}],"wp:attachment":[{"href":"https:\/\/eltrabajo.cl\/portal\/wp-json\/wp\/v2\/media?parent=60683"}],"wp:term":[{"taxonomy":"category","embeddable":true,"href":"https:\/\/eltrabajo.cl\/portal\/wp-json\/wp\/v2\/categories?post=60683"},{"taxonomy":"post_tag","embeddable":true,"href":"https:\/\/eltrabajo.cl\/portal\/wp-json\/wp\/v2\/tags?post=60683"}],"curies":[{"name":"wp","href":"https:\/\/api.w.org\/{rel}","templated":true}]}}