{"id":60693,"date":"2015-08-06T09:25:38","date_gmt":"2015-08-06T12:25:38","guid":{"rendered":"http:\/\/www.eltrabajo.cl\/portal\/?p=60693"},"modified":"2015-08-06T09:25:39","modified_gmt":"2015-08-06T12:25:39","slug":"por-primera-vez-mujeres-integraran-escuela-de-fronteras-de-los-andes","status":"publish","type":"post","link":"https:\/\/eltrabajo.cl\/portal\/por-primera-vez-mujeres-integraran-escuela-de-fronteras-de-los-andes\/","title":{"rendered":"Por primera vez mujeres integrar\u00e1n Escuela de Fronteras de Los Andes"},"content":{"rendered":"<figure id=\"attachment_60694\" aria-describedby=\"caption-attachment-60694\" style=\"width: 300px\" class=\"wp-caption alignleft\"><a href=\"https:\/\/i0.wp.com\/www.eltrabajo.cl\/portal\/wp-content\/uploads\/2015\/08\/frontera-mujeres11.jpg\"><img data-recalc-dims=\"1\" loading=\"lazy\" decoding=\"async\" class=\"wp-image-60694 size-medium\" src=\"https:\/\/i0.wp.com\/www.eltrabajo.cl\/portal\/wp-content\/uploads\/2015\/08\/frontera-mujeres11-300x198.jpg?resize=300%2C198\" alt=\"La Carabinero Cristina Galay Caravante y la Cabo Segundo Jocelyn Gonz\u00e1lez Bustos ser\u00e1n parte del curso de especializaci\u00f3n en Monta\u00f1as y Fronteras a\u00f1o 2015.\" width=\"300\" height=\"198\" srcset=\"https:\/\/i0.wp.com\/eltrabajo.cl\/portal\/wp-content\/uploads\/2015\/08\/frontera-mujeres11.jpg?resize=300%2C198&amp;ssl=1 300w, https:\/\/i0.wp.com\/eltrabajo.cl\/portal\/wp-content\/uploads\/2015\/08\/frontera-mujeres11.jpg?resize=200%2C132&amp;ssl=1 200w, https:\/\/i0.wp.com\/eltrabajo.cl\/portal\/wp-content\/uploads\/2015\/08\/frontera-mujeres11.jpg?resize=227%2C150&amp;ssl=1 227w, https:\/\/i0.wp.com\/eltrabajo.cl\/portal\/wp-content\/uploads\/2015\/08\/frontera-mujeres11.jpg?resize=400%2C264&amp;ssl=1 400w, https:\/\/i0.wp.com\/eltrabajo.cl\/portal\/wp-content\/uploads\/2015\/08\/frontera-mujeres11.jpg?w=530&amp;ssl=1 530w\" sizes=\"auto, (max-width: 300px) 100vw, 300px\" \/><\/a><figcaption id=\"caption-attachment-60694\" class=\"wp-caption-text\">La Carabinero Cristina Galay Caravante y la Cabo Segundo Jocelyn Gonz\u00e1lez Bustos ser\u00e1n parte del curso de especializaci\u00f3n en Monta\u00f1as y Fronteras a\u00f1o 2015.<\/figcaption><\/figure>\n<p><strong>LOS ANDES.<\/strong>&#8211; Por primera vez la Escuela de Fronteras \u2018Teniente Hern\u00e1n Merino Correa\u2019 de Los Andes, recibe a mujeres en sus aulas. Se trata de la Carabinero Cristina Galay Caravante y la Cabo Segundo Jocelyn Gonz\u00e1lez Bustos, quienes junto a 42 nuevos alumnos llegaron a integrar el curso de especializaci\u00f3n en Monta\u00f1as y Fronteras a\u00f1o 2015.<br \/>\nEste curso de especializaci\u00f3n, tiene como principal objetivo capacitar al personal de Carabineros en el desarrollo de funciones en los destacamentos fronterizos de nuestro pa\u00eds, con el prop\u00f3sito de resguardar la soberan\u00eda de la naci\u00f3n, velar por la integraci\u00f3n de la comunidad y realizar materias propias y espec\u00edficas que demandan los servicios policiales en las fronteras de nuestro largo pa\u00eds.<br \/>\nA esta Escuela pueden postular e ingresar funcionarios provenientes de todo el pa\u00eds, e incluso integran este curso becarios extranjeros de diferentes naciones de Am\u00e9rica.<br \/>\nLa Escuela de Fronteras se cre\u00f3 el 16 de octubre de 1996, asentando sus dependencias en la ciudad de Ovalle, regi\u00f3n de Coquimbo. En el 2011, se traslada hasta Los Andes, regi\u00f3n de Valpara\u00edso, desde donde han egresado cuatro promociones y hoy por primera vez mujeres forman parte de este Plantel Institucional.<\/p>\n","protected":false},"excerpt":{"rendered":"<p>LOS ANDES.&#8211; Por primera vez la Escuela de Fronteras \u2018Teniente Hern\u00e1n Merino Correa\u2019 de Los Andes, recibe a mujeres en sus aulas. Se trata de la Carabinero Cristina Galay Caravante y la&#8230;<\/p>\n","protected":false},"author":482,"featured_media":60694,"comment_status":"open","ping_status":"open","sticky":false,"template":"","format":"standard","meta":{"advanced_seo_description":"","jetpack_seo_html_title":"","jetpack_seo_noindex":false,"_jetpack_memberships_contains_paid_content":false,"footnotes":""},"categories":[15],"tags":[],"class_list":["post-60693","post","type-post","status-publish","format-standard","has-post-thumbnail","hentry","category-comunidad"],"jetpack_featured_media_url":"https:\/\/i0.wp.com\/eltrabajo.cl\/portal\/wp-content\/uploads\/2015\/08\/frontera-mujeres11.jpg?fit=530%2C350&ssl=1","jetpack_sharing_enabled":true,"jetpack_likes_enabled":true,"jetpack-related-posts":[],"_links":{"self":[{"href":"https:\/\/eltrabajo.cl\/portal\/wp-json\/wp\/v2\/posts\/60693","targetHints":{"allow":["GET"]}}],"collection":[{"href":"https:\/\/eltrabajo.cl\/portal\/wp-json\/wp\/v2\/posts"}],"about":[{"href":"https:\/\/eltrabajo.cl\/portal\/wp-json\/wp\/v2\/types\/post"}],"author":[{"embeddable":true,"href":"https:\/\/eltrabajo.cl\/portal\/wp-json\/wp\/v2\/users\/482"}],"replies":[{"embeddable":true,"href":"https:\/\/eltrabajo.cl\/portal\/wp-json\/wp\/v2\/comments?post=60693"}],"version-history":[{"count":0,"href":"https:\/\/eltrabajo.cl\/portal\/wp-json\/wp\/v2\/posts\/60693\/revisions"}],"wp:featuredmedia":[{"embeddable":true,"href":"https:\/\/eltrabajo.cl\/portal\/wp-json\/wp\/v2\/media\/60694"}],"wp:attachment":[{"href":"https:\/\/eltrabajo.cl\/portal\/wp-json\/wp\/v2\/media?parent=60693"}],"wp:term":[{"taxonomy":"category","embeddable":true,"href":"https:\/\/eltrabajo.cl\/portal\/wp-json\/wp\/v2\/categories?post=60693"},{"taxonomy":"post_tag","embeddable":true,"href":"https:\/\/eltrabajo.cl\/portal\/wp-json\/wp\/v2\/tags?post=60693"}],"curies":[{"name":"wp","href":"https:\/\/api.w.org\/{rel}","templated":true}]}}