{"id":60713,"date":"2015-08-06T09:42:33","date_gmt":"2015-08-06T12:42:33","guid":{"rendered":"http:\/\/www.eltrabajo.cl\/portal\/?p=60713"},"modified":"2015-08-06T09:42:33","modified_gmt":"2015-08-06T12:42:33","slug":"sanfelipenos-lamentan-la-muerte-de-julio-lolas-estefan","status":"publish","type":"post","link":"https:\/\/eltrabajo.cl\/portal\/sanfelipenos-lamentan-la-muerte-de-julio-lolas-estefan\/","title":{"rendered":"Sanfelipe\u00f1os lamentan la muerte de Julio Lolas Estefan"},"content":{"rendered":"<figure id=\"attachment_60714\" aria-describedby=\"caption-attachment-60714\" style=\"width: 300px\" class=\"wp-caption alignleft\"><a href=\"https:\/\/i0.wp.com\/www.eltrabajo.cl\/portal\/wp-content\/uploads\/2015\/08\/Julio-Lolas-Padre.jpg\"><img data-recalc-dims=\"1\" loading=\"lazy\" decoding=\"async\" class=\"wp-image-60714 size-medium\" src=\"https:\/\/i0.wp.com\/www.eltrabajo.cl\/portal\/wp-content\/uploads\/2015\/08\/Julio-Lolas-Padre-300x197.jpg?resize=300%2C197\" alt=\"Julio Lolas Estefan, falleci\u00f3 d\u00edas antes de cumplir sus 88 a\u00f1os.\" width=\"300\" height=\"197\" srcset=\"https:\/\/i0.wp.com\/eltrabajo.cl\/portal\/wp-content\/uploads\/2015\/08\/Julio-Lolas-Padre.jpg?resize=300%2C197&amp;ssl=1 300w, https:\/\/i0.wp.com\/eltrabajo.cl\/portal\/wp-content\/uploads\/2015\/08\/Julio-Lolas-Padre.jpg?resize=200%2C131&amp;ssl=1 200w, https:\/\/i0.wp.com\/eltrabajo.cl\/portal\/wp-content\/uploads\/2015\/08\/Julio-Lolas-Padre.jpg?resize=228%2C150&amp;ssl=1 228w, https:\/\/i0.wp.com\/eltrabajo.cl\/portal\/wp-content\/uploads\/2015\/08\/Julio-Lolas-Padre.jpg?resize=400%2C263&amp;ssl=1 400w, https:\/\/i0.wp.com\/eltrabajo.cl\/portal\/wp-content\/uploads\/2015\/08\/Julio-Lolas-Padre.jpg?w=530&amp;ssl=1 530w\" sizes=\"auto, (max-width: 300px) 100vw, 300px\" \/><\/a><figcaption id=\"caption-attachment-60714\" class=\"wp-caption-text\">Julio Lolas Estefan, falleci\u00f3 d\u00edas antes de cumplir sus 88 a\u00f1os.<\/figcaption><\/figure>\n<p>La gris y h\u00fameda tarde de este mi\u00e9rcoles no pudo ser m\u00e1s triste y dolorosa, sino fuera porque ayer fue despedido uno de los hijos de San Felipe m\u00e1s queridos y conocidos de nuestra comuna. Es as\u00ed como en el marco de este g\u00e9lido invierno, amigos y familiares de Gabriel Julio Lolas Estefan le acompa\u00f1aron angustiados a su \u00faltima morada, luego que \u00e9l falleciera a sus 87 a\u00f1os de edad, producto de un paro cardiorespiratorio.<br \/>\n\u2018Julito\u2019 Lolas, como se le conoc\u00eda cari\u00f1osamente en nuestro valle, es parte de la primera generaci\u00f3n de ciudadanos palestinos que llegaron a Chile en los albores del siglo pasado, \u00abdesde sus 15 a\u00f1os empez\u00f3 a involucrarse en el comercio, le ayudaba a su pap\u00e1 en la desaparecida Tienda Dos Campanas, tres a\u00f1os despu\u00e9s pap\u00e1 se independiz\u00f3, as\u00ed \u00e9l dedic\u00f3 55 a\u00f1os de su vida a la actividad comercial en nuestra ciudad\u00bb, coment\u00f3 a Diario El Trabajo uno de sus hijos, Julio Lolas Amar.<br \/>\n&#8211; \u00bfS\u00f3lo al comercio se dedic\u00f3 su pap\u00e1?<br \/>\n&#8211; De ninguna manera, \u00e9l tambi\u00e9n fue deportista, se destac\u00f3 a nivel nacional en Nataci\u00f3n, su especialidad era nadar Estilo Mariposa, tuvo sus a\u00f1os de gloria, tambi\u00e9n era experto en bailar tango.<br \/>\n&#8211; \u00bfTambi\u00e9n se destac\u00f3 bailando tango?<br \/>\n&#8211; S\u00ed. Pap\u00e1 siempre bail\u00f3 con su eterno amor, siempre bail\u00f3 con mam\u00e1, Elena Amar Amar, con ella gan\u00f3 el t\u00edtulo de Campe\u00f3n Nacional en aquel legendario programa de TVN de los a\u00f1os 70, Dingolondango, que fue emitido entre 1976 y 1977, y animado por Enrique Maluenda, quien regresaba a Chile luego de trabajar algunos a\u00f1os en Puerto Rico. Pap\u00e1 tambi\u00e9n brill\u00f3 como billarista, era muy bueno en eso, adem\u00e1s se involucr\u00f3 en el tenis de mesa y hasta bombero fue en sus a\u00f1os de juventud.<br \/>\nEl velatorio de don Julio Lolas se realiz\u00f3 en Iglesia Andacollo y sus funerales se efectuaron en Cementerio Parque Almendral de La Troya en horas de la tarde de este mi\u00e9rcoles.<br \/>\n<strong>Roberto Gonz\u00e1lez Short<\/strong><br \/>\n<strong>rgonzalez@eltrabajo.c<\/strong>l<\/p>\n<div class=\"tiled-gallery type-rectangular tiled-gallery-unresized\" data-original-width=\"640\" data-carousel-extra='null' itemscope itemtype=\"http:\/\/schema.org\/ImageGallery\" > <div class=\"gallery-row\" style=\"width: 640px; height: 212px;\" data-original-width=\"640\" data-original-height=\"212\" > <div class=\"gallery-group images-1\" style=\"width: 319px; height: 212px;\" data-original-width=\"319\" data-original-height=\"212\" > <div class=\"tiled-gallery-item tiled-gallery-item-large\" itemprop=\"associatedMedia\" itemscope itemtype=\"http:\/\/schema.org\/ImageObject\"> <a href=\"https:\/\/eltrabajo.cl\/portal\/sanfelipenos-lamentan-la-muerte-de-julio-lolas-estefan\/juventud1-2\/\" border=\"0\" itemprop=\"url\"> <meta itemprop=\"width\" content=\"315\"> <meta itemprop=\"height\" content=\"208\"> <img decoding=\"async\" class=\"\" data-attachment-id=\"60716\" data-orig-file=\"https:\/\/eltrabajo.cl\/portal\/wp-content\/uploads\/2015\/08\/juventud1.jpg\" data-orig-size=\"530,350\" data-comments-opened=\"1\" data-image-meta=\"{&quot;aperture&quot;:&quot;0&quot;,&quot;credit&quot;:&quot;&quot;,&quot;camera&quot;:&quot;&quot;,&quot;caption&quot;:&quot;&quot;,&quot;created_timestamp&quot;:&quot;0&quot;,&quot;copyright&quot;:&quot;&quot;,&quot;focal_length&quot;:&quot;0&quot;,&quot;iso&quot;:&quot;0&quot;,&quot;shutter_speed&quot;:&quot;0&quot;,&quot;title&quot;:&quot;&quot;,&quot;orientation&quot;:&quot;0&quot;}\" data-image-title=\"juventud1\" data-image-description=\"&lt;p&gt;JUVENTUD, DIVINO TESORO.- En el c\u00edrculo blanco vemos a Julio Lolas en sus a\u00f1os de juventud, al lado de muchos de sus amigos.&lt;\/p&gt; \" data-medium-file=\"https:\/\/i0.wp.com\/eltrabajo.cl\/portal\/wp-content\/uploads\/2015\/08\/juventud1.jpg?fit=300%2C198&#038;ssl=1\" data-large-file=\"https:\/\/i0.wp.com\/eltrabajo.cl\/portal\/wp-content\/uploads\/2015\/08\/juventud1.jpg?fit=530%2C350&#038;ssl=1\" src=\"https:\/\/i0.wp.com\/eltrabajo.cl\/portal\/wp-content\/uploads\/2015\/08\/juventud1.jpg?w=315&#038;h=208&#038;ssl=1\" srcset=\"https:\/\/i0.wp.com\/eltrabajo.cl\/portal\/wp-content\/uploads\/2015\/08\/juventud1.jpg?w=530&amp;ssl=1 530w, https:\/\/i0.wp.com\/eltrabajo.cl\/portal\/wp-content\/uploads\/2015\/08\/juventud1.jpg?resize=200%2C132&amp;ssl=1 200w, https:\/\/i0.wp.com\/eltrabajo.cl\/portal\/wp-content\/uploads\/2015\/08\/juventud1.jpg?resize=300%2C198&amp;ssl=1 300w, https:\/\/i0.wp.com\/eltrabajo.cl\/portal\/wp-content\/uploads\/2015\/08\/juventud1.jpg?resize=227%2C150&amp;ssl=1 227w, https:\/\/i0.wp.com\/eltrabajo.cl\/portal\/wp-content\/uploads\/2015\/08\/juventud1.jpg?resize=400%2C264&amp;ssl=1 400w\" width=\"315\" height=\"208\" loading=\"lazy\" data-original-width=\"315\" data-original-height=\"208\" itemprop=\"http:\/\/schema.org\/image\" title=\"juventud1\" alt=\"JUVENTUD, DIVINO TESORO.- En el c\u00edrculo blanco vemos a Julio Lolas en sus a\u00f1os de juventud, al lado de muchos de sus amigos.\" style=\"width: 315px; height: 208px;\" \/> <\/a> <div class=\"tiled-gallery-caption\" itemprop=\"caption description\"> JUVENTUD, DIVINO TESORO.- En el c\u00edrculo blanco vemos a Julio Lolas en sus a\u00f1os de juventud, al lado de muchos de sus amigos. <\/div> <\/div> <\/div> <!-- close group --> <div class=\"gallery-group images-1\" style=\"width: 321px; height: 212px;\" data-original-width=\"321\" data-original-height=\"212\" > <div class=\"tiled-gallery-item tiled-gallery-item-large\" itemprop=\"associatedMedia\" itemscope itemtype=\"http:\/\/schema.org\/ImageObject\"> <a href=\"https:\/\/eltrabajo.cl\/portal\/sanfelipenos-lamentan-la-muerte-de-julio-lolas-estefan\/julio-lolas-amar\/\" border=\"0\" itemprop=\"url\"> <meta itemprop=\"width\" content=\"317\"> <meta itemprop=\"height\" content=\"208\"> <img decoding=\"async\" class=\"\" data-attachment-id=\"60715\" data-orig-file=\"https:\/\/eltrabajo.cl\/portal\/wp-content\/uploads\/2015\/08\/Julio-Lolas-Amar.jpg\" data-orig-size=\"530,348\" data-comments-opened=\"1\" data-image-meta=\"{&quot;aperture&quot;:&quot;0&quot;,&quot;credit&quot;:&quot;&quot;,&quot;camera&quot;:&quot;&quot;,&quot;caption&quot;:&quot;&quot;,&quot;created_timestamp&quot;:&quot;0&quot;,&quot;copyright&quot;:&quot;&quot;,&quot;focal_length&quot;:&quot;0&quot;,&quot;iso&quot;:&quot;0&quot;,&quot;shutter_speed&quot;:&quot;0&quot;,&quot;title&quot;:&quot;&quot;,&quot;orientation&quot;:&quot;0&quot;}\" data-image-title=\"Julio Lolas Amar\" data-image-description=\"&lt;p&gt;Julio Lolas Amar, hijo del hoy fallecido, habl\u00f3 con Diario El Trabajo.&lt;\/p&gt; \" data-medium-file=\"https:\/\/i0.wp.com\/eltrabajo.cl\/portal\/wp-content\/uploads\/2015\/08\/Julio-Lolas-Amar.jpg?fit=300%2C197&#038;ssl=1\" data-large-file=\"https:\/\/i0.wp.com\/eltrabajo.cl\/portal\/wp-content\/uploads\/2015\/08\/Julio-Lolas-Amar.jpg?fit=530%2C348&#038;ssl=1\" src=\"https:\/\/i0.wp.com\/eltrabajo.cl\/portal\/wp-content\/uploads\/2015\/08\/Julio-Lolas-Amar.jpg?w=317&#038;h=208&#038;ssl=1\" srcset=\"https:\/\/i0.wp.com\/eltrabajo.cl\/portal\/wp-content\/uploads\/2015\/08\/Julio-Lolas-Amar.jpg?w=530&amp;ssl=1 530w, https:\/\/i0.wp.com\/eltrabajo.cl\/portal\/wp-content\/uploads\/2015\/08\/Julio-Lolas-Amar.jpg?resize=200%2C131&amp;ssl=1 200w, https:\/\/i0.wp.com\/eltrabajo.cl\/portal\/wp-content\/uploads\/2015\/08\/Julio-Lolas-Amar.jpg?resize=300%2C197&amp;ssl=1 300w, https:\/\/i0.wp.com\/eltrabajo.cl\/portal\/wp-content\/uploads\/2015\/08\/Julio-Lolas-Amar.jpg?resize=228%2C150&amp;ssl=1 228w, https:\/\/i0.wp.com\/eltrabajo.cl\/portal\/wp-content\/uploads\/2015\/08\/Julio-Lolas-Amar.jpg?resize=400%2C263&amp;ssl=1 400w\" width=\"317\" height=\"208\" loading=\"lazy\" data-original-width=\"317\" data-original-height=\"208\" itemprop=\"http:\/\/schema.org\/image\" title=\"Julio Lolas Amar\" alt=\"Julio Lolas Amar, hijo del hoy fallecido, habl\u00f3 con Diario El Trabajo.\" style=\"width: 317px; height: 208px;\" \/> <\/a> <div class=\"tiled-gallery-caption\" itemprop=\"caption description\"> Julio Lolas Amar, hijo del hoy fallecido, habl\u00f3 con Diario El Trabajo. <\/div> <\/div> <\/div> <!-- close group --> <\/div> <!-- close row --> <\/div>\n","protected":false},"excerpt":{"rendered":"<p>La gris y h\u00fameda tarde de este mi\u00e9rcoles no pudo ser m\u00e1s triste y dolorosa, sino fuera porque ayer fue despedido uno de los hijos de San Felipe m\u00e1s queridos y conocidos&#8230;<\/p>\n","protected":false},"author":482,"featured_media":60714,"comment_status":"open","ping_status":"open","sticky":false,"template":"","format":"standard","meta":{"advanced_seo_description":"","jetpack_seo_html_title":"","jetpack_seo_noindex":false,"_jetpack_memberships_contains_paid_content":false,"footnotes":""},"categories":[15],"tags":[],"class_list":["post-60713","post","type-post","status-publish","format-standard","has-post-thumbnail","hentry","category-comunidad"],"jetpack_featured_media_url":"https:\/\/i0.wp.com\/eltrabajo.cl\/portal\/wp-content\/uploads\/2015\/08\/Julio-Lolas-Padre.jpg?fit=530%2C348&ssl=1","jetpack_sharing_enabled":true,"jetpack_likes_enabled":true,"jetpack-related-posts":[],"_links":{"self":[{"href":"https:\/\/eltrabajo.cl\/portal\/wp-json\/wp\/v2\/posts\/60713","targetHints":{"allow":["GET"]}}],"collection":[{"href":"https:\/\/eltrabajo.cl\/portal\/wp-json\/wp\/v2\/posts"}],"about":[{"href":"https:\/\/eltrabajo.cl\/portal\/wp-json\/wp\/v2\/types\/post"}],"author":[{"embeddable":true,"href":"https:\/\/eltrabajo.cl\/portal\/wp-json\/wp\/v2\/users\/482"}],"replies":[{"embeddable":true,"href":"https:\/\/eltrabajo.cl\/portal\/wp-json\/wp\/v2\/comments?post=60713"}],"version-history":[{"count":0,"href":"https:\/\/eltrabajo.cl\/portal\/wp-json\/wp\/v2\/posts\/60713\/revisions"}],"wp:featuredmedia":[{"embeddable":true,"href":"https:\/\/eltrabajo.cl\/portal\/wp-json\/wp\/v2\/media\/60714"}],"wp:attachment":[{"href":"https:\/\/eltrabajo.cl\/portal\/wp-json\/wp\/v2\/media?parent=60713"}],"wp:term":[{"taxonomy":"category","embeddable":true,"href":"https:\/\/eltrabajo.cl\/portal\/wp-json\/wp\/v2\/categories?post=60713"},{"taxonomy":"post_tag","embeddable":true,"href":"https:\/\/eltrabajo.cl\/portal\/wp-json\/wp\/v2\/tags?post=60713"}],"curies":[{"name":"wp","href":"https:\/\/api.w.org\/{rel}","templated":true}]}}