{"id":60718,"date":"2015-08-06T09:45:29","date_gmt":"2015-08-06T12:45:29","guid":{"rendered":"http:\/\/www.eltrabajo.cl\/portal\/?p=60718"},"modified":"2015-08-06T09:45:29","modified_gmt":"2015-08-06T12:45:29","slug":"dos-lesionados-deja-volcamiento-en-curva-de-sector-las-minillas","status":"publish","type":"post","link":"https:\/\/eltrabajo.cl\/portal\/dos-lesionados-deja-volcamiento-en-curva-de-sector-las-minillas\/","title":{"rendered":"Dos lesionados deja volcamiento en curva de sector Las Minillas"},"content":{"rendered":"<figure id=\"attachment_60719\" aria-describedby=\"caption-attachment-60719\" style=\"width: 300px\" class=\"wp-caption alignleft\"><a href=\"https:\/\/i0.wp.com\/www.eltrabajo.cl\/portal\/wp-content\/uploads\/2015\/08\/Accidente-4.jpg\"><img data-recalc-dims=\"1\" loading=\"lazy\" decoding=\"async\" class=\"wp-image-60719 size-medium\" src=\"https:\/\/i0.wp.com\/www.eltrabajo.cl\/portal\/wp-content\/uploads\/2015\/08\/Accidente-4-300x197.jpg?resize=300%2C197\" alt=\"Ambos lesionados fueron atendidos por el Samu y trasladados al Hospital San Antonio de Putaendo.\" width=\"300\" height=\"197\" srcset=\"https:\/\/i0.wp.com\/eltrabajo.cl\/portal\/wp-content\/uploads\/2015\/08\/Accidente-4.jpg?resize=300%2C197&amp;ssl=1 300w, https:\/\/i0.wp.com\/eltrabajo.cl\/portal\/wp-content\/uploads\/2015\/08\/Accidente-4.jpg?resize=200%2C131&amp;ssl=1 200w, https:\/\/i0.wp.com\/eltrabajo.cl\/portal\/wp-content\/uploads\/2015\/08\/Accidente-4.jpg?resize=228%2C150&amp;ssl=1 228w, https:\/\/i0.wp.com\/eltrabajo.cl\/portal\/wp-content\/uploads\/2015\/08\/Accidente-4.jpg?resize=400%2C263&amp;ssl=1 400w, https:\/\/i0.wp.com\/eltrabajo.cl\/portal\/wp-content\/uploads\/2015\/08\/Accidente-4.jpg?w=530&amp;ssl=1 530w\" sizes=\"auto, (max-width: 300px) 100vw, 300px\" \/><\/a><figcaption id=\"caption-attachment-60719\" class=\"wp-caption-text\">Ambos lesionados fueron atendidos por el Samu y trasladados al Hospital San Antonio de Putaendo.<\/figcaption><\/figure>\n<p><strong>PUTAENDO.<\/strong>&#8211; Dos personas lesionadas dejo como saldo un accidente de tr\u00e1nsito registrado en el sector Las Minillas, luego que el conductor de una camioneta adelantara en una pronunciada curva y terminara volcado en el centro de la calzada.<br \/>\nEl accidente se registro a eso de las 19:20 horas del lunes a la altura del kil\u00f3metro 53 de la ruta E-41 que une Putaendo con Cabildo, en el sector de las minillas y seg\u00fan informaci\u00f3n entregada por Carabineros, el accidente se habr\u00eda producido por un adelantamiento indebido en una zona de curvas por parte del conductor de la camioneta.<br \/>\nRodrigo Del Carmen Mendosa Parra de 49 a\u00f1os con domicilio en Santiago guiaba la camioneta Ssangyong patente DY XT-4 desde Cabildo hacia la ciudad de Santiago y al llegar al lugar antes se\u00f1alado habr\u00eda adelantado a un bus de la locomoci\u00f3n colectiva y no se percato de la proximidad de una pronunciada curva, por lo que habr\u00eda tratado de volver a su pista perdiendo el control de la camioneta que primeramente impact\u00f3 la peque\u00f1a ladera del cerro y luego dio a lo menos tres vueltas hasta quedar sobre sus cuatro ruedas en el centro de la calzada.<br \/>\nA consecuencia de este volcamiento el pasajero que viajaba en la parte trasera de la cabina identificado como Francisco Javier Constanzo B\u00f3rquez de 54 a\u00f1os domiciliado en Llay-Llay y que no llevaba puesto su cintur\u00f3n de seguridad resulto tambi\u00e9n lesionado, y fue atendido al igual que el conductor de la camioneta en primera instancia por personal de rescate de Bomberos de Putaendo y luego por personal del Samu que llego al lugar.<br \/>\nUn tercer ocupante de la camioneta accidentada identificado como Maximiliano \u00c1vila P\u00e9rez con domicilio tambi\u00e9n en Santiago y que resulto totalmente ileso confirmo a nuestro medio que el accidente se registr\u00f3 luego de adelantar un bus y no percatarse el conductor de la proximidad de una curva, y luego dieron a lo menos tres vueltas antes de quedar detenidos en el centro de la calzada agregando que ven\u00edan desde Cabildo luego de haber realizado algunos negocios pues se desempe\u00f1an como feriantes en la vega central de Santiago.<br \/>\nEl suboficial Mayor de Carabineros Nelson Gavil\u00e1n, a cargo del procedimiento policial confirm\u00f3 la hip\u00f3tesis del accidente, tras verificar la extensa frenada dejada por la camioneta que claramente habr\u00eda adelantado en la curva a una gran velocidad seg\u00fan las huellas de frenada y arrastre dejadas en el asfalto.<br \/>\nExtraoficialmente, los dos lesionados presentar\u00edan lesiones de car\u00e1cter leves y resultaron poli contuso, sin embargo hasta el cierre de esta edici\u00f3n permanec\u00edan en observaci\u00f3n en el hospital San Antonio de Putaendo.<br \/>\nEl transito estuvo suspendido en ambos sentidos de la ruta por casi media hora mientras trabajaban en el lugar los equipos de emergencias.<br \/>\n<strong>Patricio Gallardo M.<\/strong><\/p>\n<div class=\"tiled-gallery type-rectangular tiled-gallery-unresized\" data-original-width=\"640\" data-carousel-extra='null' itemscope itemtype=\"http:\/\/schema.org\/ImageGallery\" > <div class=\"gallery-row\" style=\"width: 640px; height: 282px;\" data-original-width=\"640\" data-original-height=\"282\" > <div class=\"gallery-group images-1\" style=\"width: 428px; height: 282px;\" data-original-width=\"428\" data-original-height=\"282\" > <div class=\"tiled-gallery-item tiled-gallery-item-large\" itemprop=\"associatedMedia\" itemscope itemtype=\"http:\/\/schema.org\/ImageObject\"> <a href=\"https:\/\/eltrabajo.cl\/portal\/dos-lesionados-deja-volcamiento-en-curva-de-sector-las-minillas\/accidente-5-2\/\" border=\"0\" itemprop=\"url\"> <meta itemprop=\"width\" content=\"424\"> <meta itemprop=\"height\" content=\"278\"> <img decoding=\"async\" class=\"\" data-attachment-id=\"60722\" data-orig-file=\"https:\/\/eltrabajo.cl\/portal\/wp-content\/uploads\/2015\/08\/Accidente-5.jpg\" data-orig-size=\"530,348\" data-comments-opened=\"1\" data-image-meta=\"{&quot;aperture&quot;:&quot;0&quot;,&quot;credit&quot;:&quot;&quot;,&quot;camera&quot;:&quot;&quot;,&quot;caption&quot;:&quot;&quot;,&quot;created_timestamp&quot;:&quot;0&quot;,&quot;copyright&quot;:&quot;&quot;,&quot;focal_length&quot;:&quot;0&quot;,&quot;iso&quot;:&quot;0&quot;,&quot;shutter_speed&quot;:&quot;0&quot;,&quot;title&quot;:&quot;&quot;,&quot;orientation&quot;:&quot;0&quot;}\" data-image-title=\"Accidente (5)\" data-image-description=\"&lt;p&gt;Dos personas resultaron lesionadas en un accidente de tr\u00e1nsito en el sector Las Minillas.&lt;\/p&gt; \" data-medium-file=\"https:\/\/i0.wp.com\/eltrabajo.cl\/portal\/wp-content\/uploads\/2015\/08\/Accidente-5.jpg?fit=300%2C197&#038;ssl=1\" data-large-file=\"https:\/\/i0.wp.com\/eltrabajo.cl\/portal\/wp-content\/uploads\/2015\/08\/Accidente-5.jpg?fit=530%2C348&#038;ssl=1\" src=\"https:\/\/i0.wp.com\/eltrabajo.cl\/portal\/wp-content\/uploads\/2015\/08\/Accidente-5.jpg?w=424&#038;h=278&#038;ssl=1\" srcset=\"https:\/\/i0.wp.com\/eltrabajo.cl\/portal\/wp-content\/uploads\/2015\/08\/Accidente-5.jpg?w=530&amp;ssl=1 530w, https:\/\/i0.wp.com\/eltrabajo.cl\/portal\/wp-content\/uploads\/2015\/08\/Accidente-5.jpg?resize=200%2C131&amp;ssl=1 200w, https:\/\/i0.wp.com\/eltrabajo.cl\/portal\/wp-content\/uploads\/2015\/08\/Accidente-5.jpg?resize=300%2C197&amp;ssl=1 300w, https:\/\/i0.wp.com\/eltrabajo.cl\/portal\/wp-content\/uploads\/2015\/08\/Accidente-5.jpg?resize=228%2C150&amp;ssl=1 228w, https:\/\/i0.wp.com\/eltrabajo.cl\/portal\/wp-content\/uploads\/2015\/08\/Accidente-5.jpg?resize=400%2C263&amp;ssl=1 400w\" width=\"424\" height=\"278\" loading=\"lazy\" data-original-width=\"424\" data-original-height=\"278\" itemprop=\"http:\/\/schema.org\/image\" title=\"Accidente (5)\" alt=\"Dos personas resultaron lesionadas en un accidente de tr\u00e1nsito en el sector Las Minillas.\" style=\"width: 424px; height: 278px;\" \/> <\/a> <div class=\"tiled-gallery-caption\" itemprop=\"caption description\"> Dos personas resultaron lesionadas en un accidente de tr\u00e1nsito en el sector Las Minillas. <\/div> <\/div> <\/div> <!-- close group --> <div class=\"gallery-group images-2\" style=\"width: 212px; height: 282px;\" data-original-width=\"212\" data-original-height=\"282\" > <div class=\"tiled-gallery-item tiled-gallery-item-small\" itemprop=\"associatedMedia\" itemscope itemtype=\"http:\/\/schema.org\/ImageObject\"> <a href=\"https:\/\/eltrabajo.cl\/portal\/dos-lesionados-deja-volcamiento-en-curva-de-sector-las-minillas\/accidente-2-4\/\" border=\"0\" itemprop=\"url\"> <meta itemprop=\"width\" content=\"208\"> <meta itemprop=\"height\" content=\"137\"> <img decoding=\"async\" class=\"\" data-attachment-id=\"60721\" data-orig-file=\"https:\/\/eltrabajo.cl\/portal\/wp-content\/uploads\/2015\/08\/Accidente-2.jpg\" data-orig-size=\"530,350\" data-comments-opened=\"1\" data-image-meta=\"{&quot;aperture&quot;:&quot;0&quot;,&quot;credit&quot;:&quot;&quot;,&quot;camera&quot;:&quot;&quot;,&quot;caption&quot;:&quot;&quot;,&quot;created_timestamp&quot;:&quot;0&quot;,&quot;copyright&quot;:&quot;&quot;,&quot;focal_length&quot;:&quot;0&quot;,&quot;iso&quot;:&quot;0&quot;,&quot;shutter_speed&quot;:&quot;0&quot;,&quot;title&quot;:&quot;&quot;,&quot;orientation&quot;:&quot;0&quot;}\" data-image-title=\"Accidente (2)\" data-image-description=\"&lt;p&gt;Los ocupantes lesionados presentar\u00edan lesiones de car\u00e1cter leve, resultando poli contusos y, al cierre de la nota, permanec\u00edan en observaciones. &lt;\/p&gt; \" data-medium-file=\"https:\/\/i0.wp.com\/eltrabajo.cl\/portal\/wp-content\/uploads\/2015\/08\/Accidente-2.jpg?fit=300%2C198&#038;ssl=1\" data-large-file=\"https:\/\/i0.wp.com\/eltrabajo.cl\/portal\/wp-content\/uploads\/2015\/08\/Accidente-2.jpg?fit=530%2C350&#038;ssl=1\" src=\"https:\/\/i0.wp.com\/eltrabajo.cl\/portal\/wp-content\/uploads\/2015\/08\/Accidente-2.jpg?w=208&#038;h=137&#038;ssl=1\" srcset=\"https:\/\/i0.wp.com\/eltrabajo.cl\/portal\/wp-content\/uploads\/2015\/08\/Accidente-2.jpg?w=530&amp;ssl=1 530w, https:\/\/i0.wp.com\/eltrabajo.cl\/portal\/wp-content\/uploads\/2015\/08\/Accidente-2.jpg?resize=200%2C132&amp;ssl=1 200w, https:\/\/i0.wp.com\/eltrabajo.cl\/portal\/wp-content\/uploads\/2015\/08\/Accidente-2.jpg?resize=300%2C198&amp;ssl=1 300w, https:\/\/i0.wp.com\/eltrabajo.cl\/portal\/wp-content\/uploads\/2015\/08\/Accidente-2.jpg?resize=227%2C150&amp;ssl=1 227w, https:\/\/i0.wp.com\/eltrabajo.cl\/portal\/wp-content\/uploads\/2015\/08\/Accidente-2.jpg?resize=400%2C264&amp;ssl=1 400w\" width=\"208\" height=\"137\" loading=\"lazy\" data-original-width=\"208\" data-original-height=\"137\" itemprop=\"http:\/\/schema.org\/image\" title=\"Accidente (2)\" alt=\"Los ocupantes lesionados presentar\u00edan lesiones de car\u00e1cter leve, resultando poli contusos y, al cierre de la nota, permanec\u00edan en observaciones.\" style=\"width: 208px; height: 137px;\" \/> <\/a> <div class=\"tiled-gallery-caption\" itemprop=\"caption description\"> Los ocupantes lesionados presentar\u00edan lesiones de car\u00e1cter leve, resultando poli contusos y, al cierre de la nota, permanec\u00edan en observaciones. <\/div> <\/div> <div class=\"tiled-gallery-item tiled-gallery-item-small\" itemprop=\"associatedMedia\" itemscope itemtype=\"http:\/\/schema.org\/ImageObject\"> <a href=\"https:\/\/eltrabajo.cl\/portal\/dos-lesionados-deja-volcamiento-en-curva-de-sector-las-minillas\/accidente-1\/\" border=\"0\" itemprop=\"url\"> <meta itemprop=\"width\" content=\"208\"> <meta itemprop=\"height\" content=\"137\"> <img decoding=\"async\" class=\"\" data-attachment-id=\"60720\" data-orig-file=\"https:\/\/eltrabajo.cl\/portal\/wp-content\/uploads\/2015\/08\/Accidente-1.jpg\" data-orig-size=\"530,348\" data-comments-opened=\"1\" data-image-meta=\"{&quot;aperture&quot;:&quot;0&quot;,&quot;credit&quot;:&quot;&quot;,&quot;camera&quot;:&quot;&quot;,&quot;caption&quot;:&quot;&quot;,&quot;created_timestamp&quot;:&quot;0&quot;,&quot;copyright&quot;:&quot;&quot;,&quot;focal_length&quot;:&quot;0&quot;,&quot;iso&quot;:&quot;0&quot;,&quot;shutter_speed&quot;:&quot;0&quot;,&quot;title&quot;:&quot;&quot;,&quot;orientation&quot;:&quot;0&quot;}\" data-image-title=\"Accidente (1)\" data-image-description=\"&lt;p&gt;Seg\u00fan relata el tercer ocupante de la camioneta que result\u00f3 ileso, el veh\u00edculo volc\u00f3 luego de adelantar indebidamente a un bus, sin percatarse de la curva.&lt;\/p&gt; \" data-medium-file=\"https:\/\/i0.wp.com\/eltrabajo.cl\/portal\/wp-content\/uploads\/2015\/08\/Accidente-1.jpg?fit=300%2C197&#038;ssl=1\" data-large-file=\"https:\/\/i0.wp.com\/eltrabajo.cl\/portal\/wp-content\/uploads\/2015\/08\/Accidente-1.jpg?fit=530%2C348&#038;ssl=1\" src=\"https:\/\/i0.wp.com\/eltrabajo.cl\/portal\/wp-content\/uploads\/2015\/08\/Accidente-1.jpg?w=208&#038;h=137&#038;ssl=1\" srcset=\"https:\/\/i0.wp.com\/eltrabajo.cl\/portal\/wp-content\/uploads\/2015\/08\/Accidente-1.jpg?w=530&amp;ssl=1 530w, https:\/\/i0.wp.com\/eltrabajo.cl\/portal\/wp-content\/uploads\/2015\/08\/Accidente-1.jpg?resize=200%2C131&amp;ssl=1 200w, https:\/\/i0.wp.com\/eltrabajo.cl\/portal\/wp-content\/uploads\/2015\/08\/Accidente-1.jpg?resize=300%2C197&amp;ssl=1 300w, https:\/\/i0.wp.com\/eltrabajo.cl\/portal\/wp-content\/uploads\/2015\/08\/Accidente-1.jpg?resize=228%2C150&amp;ssl=1 228w, https:\/\/i0.wp.com\/eltrabajo.cl\/portal\/wp-content\/uploads\/2015\/08\/Accidente-1.jpg?resize=400%2C263&amp;ssl=1 400w\" width=\"208\" height=\"137\" loading=\"lazy\" data-original-width=\"208\" data-original-height=\"137\" itemprop=\"http:\/\/schema.org\/image\" title=\"Accidente (1)\" alt=\"Seg\u00fan relata el tercer ocupante de la camioneta que result\u00f3 ileso, el veh\u00edculo volc\u00f3 luego de adelantar indebidamente a un bus, sin percatarse de la curva.\" style=\"width: 208px; height: 137px;\" \/> <\/a> <div class=\"tiled-gallery-caption\" itemprop=\"caption description\"> Seg\u00fan relata el tercer ocupante de la camioneta que result\u00f3 ileso, el veh\u00edculo volc\u00f3 luego de adelantar indebidamente a un bus, sin percatarse de la curva. <\/div> <\/div> <\/div> <!-- close group --> <\/div> <!-- close row --> <\/div>\n","protected":false},"excerpt":{"rendered":"<p>PUTAENDO.&#8211; Dos personas lesionadas dejo como saldo un accidente de tr\u00e1nsito registrado en el sector Las Minillas, luego que el conductor de una camioneta adelantara en una pronunciada curva y terminara volcado&#8230;<\/p>\n","protected":false},"author":482,"featured_media":60719,"comment_status":"open","ping_status":"open","sticky":false,"template":"","format":"standard","meta":{"advanced_seo_description":"","jetpack_seo_html_title":"","jetpack_seo_noindex":false,"_jetpack_memberships_contains_paid_content":false,"footnotes":""},"categories":[21],"tags":[],"class_list":["post-60718","post","type-post","status-publish","format-standard","has-post-thumbnail","hentry","category-policial"],"jetpack_featured_media_url":"https:\/\/i0.wp.com\/eltrabajo.cl\/portal\/wp-content\/uploads\/2015\/08\/Accidente-4.jpg?fit=530%2C348&ssl=1","jetpack_sharing_enabled":true,"jetpack_likes_enabled":true,"jetpack-related-posts":[],"_links":{"self":[{"href":"https:\/\/eltrabajo.cl\/portal\/wp-json\/wp\/v2\/posts\/60718","targetHints":{"allow":["GET"]}}],"collection":[{"href":"https:\/\/eltrabajo.cl\/portal\/wp-json\/wp\/v2\/posts"}],"about":[{"href":"https:\/\/eltrabajo.cl\/portal\/wp-json\/wp\/v2\/types\/post"}],"author":[{"embeddable":true,"href":"https:\/\/eltrabajo.cl\/portal\/wp-json\/wp\/v2\/users\/482"}],"replies":[{"embeddable":true,"href":"https:\/\/eltrabajo.cl\/portal\/wp-json\/wp\/v2\/comments?post=60718"}],"version-history":[{"count":0,"href":"https:\/\/eltrabajo.cl\/portal\/wp-json\/wp\/v2\/posts\/60718\/revisions"}],"wp:featuredmedia":[{"embeddable":true,"href":"https:\/\/eltrabajo.cl\/portal\/wp-json\/wp\/v2\/media\/60719"}],"wp:attachment":[{"href":"https:\/\/eltrabajo.cl\/portal\/wp-json\/wp\/v2\/media?parent=60718"}],"wp:term":[{"taxonomy":"category","embeddable":true,"href":"https:\/\/eltrabajo.cl\/portal\/wp-json\/wp\/v2\/categories?post=60718"},{"taxonomy":"post_tag","embeddable":true,"href":"https:\/\/eltrabajo.cl\/portal\/wp-json\/wp\/v2\/tags?post=60718"}],"curies":[{"name":"wp","href":"https:\/\/api.w.org\/{rel}","templated":true}]}}