{"id":60727,"date":"2015-08-06T09:48:59","date_gmt":"2015-08-06T12:48:59","guid":{"rendered":"http:\/\/www.eltrabajo.cl\/portal\/?p=60727"},"modified":"2015-08-06T09:50:23","modified_gmt":"2015-08-06T12:50:23","slug":"joven-atropellado-asegura-que-carabineros-lo-abandono-en-la-carretera","status":"publish","type":"post","link":"https:\/\/eltrabajo.cl\/portal\/joven-atropellado-asegura-que-carabineros-lo-abandono-en-la-carretera\/","title":{"rendered":"Joven atropellado asegura que Carabineros lo abandon\u00f3 en la carretera"},"content":{"rendered":"<figure id=\"attachment_60728\" aria-describedby=\"caption-attachment-60728\" style=\"width: 300px\" class=\"wp-caption alignleft\"><a href=\"https:\/\/i0.wp.com\/www.eltrabajo.cl\/portal\/wp-content\/uploads\/2015\/08\/german-calderon.jpg\"><img data-recalc-dims=\"1\" loading=\"lazy\" decoding=\"async\" class=\"wp-image-60728 size-medium\" src=\"https:\/\/i0.wp.com\/www.eltrabajo.cl\/portal\/wp-content\/uploads\/2015\/08\/german-calderon-300x197.jpg?resize=300%2C197\" alt=\"A pesar de que estaba ebrio, Germ\u00e1n Calder\u00f3n recuerda claramente que personal de Carabineros lo subi\u00f3 al furg\u00f3n y le asegur\u00f3 que lo llevar\u00edan hasta su casa, pero lo fueron 'a tirar' a la carretera donde varios veh\u00edculos estuvieron cerca de atropellarlo, pero de ah\u00ed no recuerda nada m\u00e1s hasta que despert\u00f3 la tarde del lunes en el Hospital San Camilo.\" width=\"300\" height=\"197\" srcset=\"https:\/\/i0.wp.com\/eltrabajo.cl\/portal\/wp-content\/uploads\/2015\/08\/german-calderon.jpg?resize=300%2C197&amp;ssl=1 300w, https:\/\/i0.wp.com\/eltrabajo.cl\/portal\/wp-content\/uploads\/2015\/08\/german-calderon.jpg?resize=200%2C131&amp;ssl=1 200w, https:\/\/i0.wp.com\/eltrabajo.cl\/portal\/wp-content\/uploads\/2015\/08\/german-calderon.jpg?resize=228%2C150&amp;ssl=1 228w, https:\/\/i0.wp.com\/eltrabajo.cl\/portal\/wp-content\/uploads\/2015\/08\/german-calderon.jpg?resize=400%2C263&amp;ssl=1 400w, https:\/\/i0.wp.com\/eltrabajo.cl\/portal\/wp-content\/uploads\/2015\/08\/german-calderon.jpg?w=530&amp;ssl=1 530w\" sizes=\"auto, (max-width: 300px) 100vw, 300px\" \/><\/a><figcaption id=\"caption-attachment-60728\" class=\"wp-caption-text\">A pesar de que estaba ebrio, Germ\u00e1n Calder\u00f3n recuerda claramente que personal de Carabineros lo subi\u00f3 al furg\u00f3n y le asegur\u00f3 que lo llevar\u00edan hasta su casa, pero lo fueron &#8216;a tirar&#8217; a la carretera donde varios veh\u00edculos estuvieron cerca de atropellarlo, pero de ah\u00ed no recuerda nada m\u00e1s hasta que despert\u00f3 la tarde del lunes en el Hospital San Camilo.<\/figcaption><\/figure>\n<ul>\n<li><strong>Familiares no entend\u00edan c\u00f3mo pudo sufrir accidente tan lejos de su casa, hasta que \u00e9ste les explic\u00f3 que lo llevaron en el furg\u00f3n policial y lo fueron &#8216;a tirar&#8217; a la carretera en el sector de Las Coimas.<\/strong><\/li>\n<\/ul>\n<p><strong>PUTAENDO<\/strong>.- Una grave denuncia en contra de Carabineros de Putaendo realiz\u00f3 el joven Germ\u00e1n Calder\u00f3n Mu\u00f1oz, quien durante la madrugada del lunes pasado fue atropellado por un bus en las cercan\u00edas del Restaurante Casa Grande, resultando con lesiones graves.<br \/>\nEl afectado en primera instancia reconoci\u00f3 que se encontraba en estado de ebriedad, sin embargo, asegura que recuerda con claridad absoluta cuando fue interceptado por un veh\u00edculo policial en el centro de Putaendo, al cual fue subido y trasladado hasta el sector Las Coimas, donde Carabineros lo abandon\u00f3 a su suerte.<\/p>\n<figure id=\"attachment_60730\" aria-describedby=\"caption-attachment-60730\" style=\"width: 300px\" class=\"wp-caption alignright\"><a href=\"https:\/\/i0.wp.com\/www.eltrabajo.cl\/portal\/wp-content\/uploads\/2015\/08\/mama-german-calderon.jpg\"><img data-recalc-dims=\"1\" loading=\"lazy\" decoding=\"async\" class=\"wp-image-60730 size-medium\" src=\"https:\/\/i0.wp.com\/www.eltrabajo.cl\/portal\/wp-content\/uploads\/2015\/08\/mama-german-calderon-300x198.jpg?resize=300%2C198\" alt=\"Guacolda Mu\u00f1oz, madre de Germ\u00e1n: \u00abA mi hijo lo atropell\u00f3 un bus, independiente que haya estado ebrio, me lo podr\u00edan haber entregado en un ata\u00fad y esto jam\u00e1s se hubiese sabido (\u2026) respeto mucho a Carabineros, pero lo que hicieron con mi hijo no tiene nombre y no se los perdonar\u00e9\u00bb, fustig\u00f3.\" width=\"300\" height=\"198\" srcset=\"https:\/\/i0.wp.com\/eltrabajo.cl\/portal\/wp-content\/uploads\/2015\/08\/mama-german-calderon.jpg?resize=300%2C198&amp;ssl=1 300w, https:\/\/i0.wp.com\/eltrabajo.cl\/portal\/wp-content\/uploads\/2015\/08\/mama-german-calderon.jpg?resize=200%2C132&amp;ssl=1 200w, https:\/\/i0.wp.com\/eltrabajo.cl\/portal\/wp-content\/uploads\/2015\/08\/mama-german-calderon.jpg?resize=227%2C150&amp;ssl=1 227w, https:\/\/i0.wp.com\/eltrabajo.cl\/portal\/wp-content\/uploads\/2015\/08\/mama-german-calderon.jpg?resize=400%2C264&amp;ssl=1 400w, https:\/\/i0.wp.com\/eltrabajo.cl\/portal\/wp-content\/uploads\/2015\/08\/mama-german-calderon.jpg?w=530&amp;ssl=1 530w\" sizes=\"auto, (max-width: 300px) 100vw, 300px\" \/><\/a><figcaption id=\"caption-attachment-60730\" class=\"wp-caption-text\">Guacolda Mu\u00f1oz, madre de Germ\u00e1n: \u00abA mi hijo lo atropell\u00f3 un bus, independiente que haya estado ebrio, me lo podr\u00edan haber entregado en un ata\u00fad y esto jam\u00e1s se hubiese sabido (\u2026) respeto mucho a Carabineros, pero lo que hicieron con mi hijo no tiene nombre y no se los perdonar\u00e9\u00bb, fustig\u00f3.<\/figcaption><\/figure>\n<p>En exclusiva, Germ\u00e1n Calder\u00f3n convers\u00f3 con nuestro medio y sostuvo que luego de compartir con algunos amigos en el local donde se desempe\u00f1a como garz\u00f3n, a eso de las 04:00 horas de la madrugada del lunes comenz\u00f3 a caminar por el Puente Putaendo para llegar hasta la Poblaci\u00f3n San Antonio donde reside su madre, y declar\u00f3 que mientras caminaba por el centro de la comuna se detuvo un furg\u00f3n de Carabineros y dos efectivos policiales le preguntaron d\u00f3nde vive y lo subieron a la parte trasera del veh\u00edculo y no al \u2018calabozo\u2019, y le indicaron que lo ir\u00edan a dejar a la casa de su madre.<br \/>\nEl denunciante agreg\u00f3 que si bien se encontraba ebrio, se percat\u00f3 que el veh\u00edculo policial transitaba por la carretera en direcci\u00f3n a San Felipe, por lo que les pregunt\u00f3 a ambos carabineros hacia donde lo llevaban, lo que molest\u00f3 al personal policial, que bruscamente detuvo el furg\u00f3n, abrieron la puerta, lo tomaron de los brazos y luego de insultarlo lo arrojaron a la berma y se fueron del lugar.<br \/>\nEn su relato, Calder\u00f3n indic\u00f3 que tras quedar tendido en la berma pudo ver que estaba frente al Monumento al Combate de Las Coimas, por lo que en primera instancia comenz\u00f3 a caminar por una de las pistas de la carretera que conduce a San Felipe, se detuvo en una animita que recuerda el lugar donde un familiar muri\u00f3 atropellado y luego continu\u00f3 caminando hacia Putaendo.<br \/>\nGerm\u00e1n Calder\u00f3n sostuvo que vio varias luces de veh\u00edculos que estuvieron cerca de atropellarlo en varias ocasiones, agregando que no recuerda nada m\u00e1s hasta que despert\u00f3 la tarde del lunes en el Hospital San Camilo de San Felipe.<br \/>\nJunto con ello, el denunciante se\u00f1ala que no es su intenci\u00f3n perjudicar a Carabineros, pero fue enf\u00e1tico en indicar que no ser\u00eda capaz de inventar situaciones como \u00e9sta, ya que recuerda todos los detalles que narr\u00f3 en forma inmediata a su madre que se encontraba junto a \u00e9l en el hospital.<br \/>\nEn tanto, Guacolda Mu\u00f1oz, madre de Germ\u00e1n, puntualiz\u00f3 que como familia desde un principio tuvieron serias dudas de las circunstancias en las que su hijo fue atropellado, porque era imposible que llegara por sus propios medios hasta Las Coimas, m\u00e1s a\u00fan cuando no tiene familiares ni conocidos en esa zona, y siempre intuyeron que algo raro ocurr\u00eda, por lo que al escuchar el relato de Germ\u00e1n no dud\u00f3 en creer su versi\u00f3n.<br \/>\nLa tarde de este mi\u00e9rcoles la mujer acudi\u00f3 hasta la Tenencia de Carabineros de Putaendo, y seg\u00fan confirm\u00f3 a nuestro medio, realiz\u00f3 la denuncia correspondiente de manera formal ante el Teniente \u00c1ngelo Acevedo, Jefe de Tenencia de Putaendo, agregando que como familia llegar\u00e1n hasta las \u00faltimas consecuencias para esclarecer los hechos, porque \u00aba mi hijo lo atropell\u00f3 un bus, independiente que haya estado ebrio, me lo podr\u00edan haber entregado en un ata\u00fad y esto jam\u00e1s se hubiese sabido (\u2026) respeto mucho a Carabineros, pero lo que hicieron con mi hijo no tiene nombre y no se los perdonar\u00e9\u00bb, fustig\u00f3 Guacolda Mu\u00f1oz.<br \/>\nEn tanto, el Teniente de Carabineros \u00c1ngelo Acevedo, consultado por nuestro medio ante esta grave denuncia, sostuvo que efectivamente se recibi\u00f3 una denuncia formal que fue enviada a la Fiscal\u00eda Administrativa de Carabineros, raz\u00f3n por la cual se excus\u00f3 de entregar mayores detalles, ya que seg\u00fan indic\u00f3, desde el momento en que la madre del joven atropellado realiz\u00f3 el acta de reclamo formal se inicia un proceso administrativo interno que le impide pronunciarse sobre los hechos denunciados.<br \/>\nEl oficial policial adem\u00e1s precis\u00f3 que como instituci\u00f3n dan garant\u00edas de transparencia a los denunciantes e involucrados ante este tipo de situaciones.<br \/>\n<strong>Patricio Gallardo M.<\/strong><\/p>\n","protected":false},"excerpt":{"rendered":"<p>Familiares no entend\u00edan c\u00f3mo pudo sufrir accidente tan lejos de su casa, hasta que \u00e9ste les explic\u00f3 que lo llevaron en el furg\u00f3n policial y lo fueron &#8216;a tirar&#8217; a la carretera&#8230;<\/p>\n","protected":false},"author":482,"featured_media":60728,"comment_status":"open","ping_status":"open","sticky":false,"template":"","format":"standard","meta":{"advanced_seo_description":"","jetpack_seo_html_title":"","jetpack_seo_noindex":false,"_jetpack_memberships_contains_paid_content":false,"footnotes":""},"categories":[21],"tags":[],"class_list":["post-60727","post","type-post","status-publish","format-standard","has-post-thumbnail","hentry","category-policial"],"jetpack_featured_media_url":"https:\/\/i0.wp.com\/eltrabajo.cl\/portal\/wp-content\/uploads\/2015\/08\/german-calderon.jpg?fit=530%2C348&ssl=1","jetpack_sharing_enabled":true,"jetpack_likes_enabled":true,"jetpack-related-posts":[],"_links":{"self":[{"href":"https:\/\/eltrabajo.cl\/portal\/wp-json\/wp\/v2\/posts\/60727","targetHints":{"allow":["GET"]}}],"collection":[{"href":"https:\/\/eltrabajo.cl\/portal\/wp-json\/wp\/v2\/posts"}],"about":[{"href":"https:\/\/eltrabajo.cl\/portal\/wp-json\/wp\/v2\/types\/post"}],"author":[{"embeddable":true,"href":"https:\/\/eltrabajo.cl\/portal\/wp-json\/wp\/v2\/users\/482"}],"replies":[{"embeddable":true,"href":"https:\/\/eltrabajo.cl\/portal\/wp-json\/wp\/v2\/comments?post=60727"}],"version-history":[{"count":0,"href":"https:\/\/eltrabajo.cl\/portal\/wp-json\/wp\/v2\/posts\/60727\/revisions"}],"wp:featuredmedia":[{"embeddable":true,"href":"https:\/\/eltrabajo.cl\/portal\/wp-json\/wp\/v2\/media\/60728"}],"wp:attachment":[{"href":"https:\/\/eltrabajo.cl\/portal\/wp-json\/wp\/v2\/media?parent=60727"}],"wp:term":[{"taxonomy":"category","embeddable":true,"href":"https:\/\/eltrabajo.cl\/portal\/wp-json\/wp\/v2\/categories?post=60727"},{"taxonomy":"post_tag","embeddable":true,"href":"https:\/\/eltrabajo.cl\/portal\/wp-json\/wp\/v2\/tags?post=60727"}],"curies":[{"name":"wp","href":"https:\/\/api.w.org\/{rel}","templated":true}]}}