{"id":60751,"date":"2015-08-07T09:30:00","date_gmt":"2015-08-07T12:30:00","guid":{"rendered":"http:\/\/www.eltrabajo.cl\/portal\/?p=60751"},"modified":"2015-08-07T09:30:00","modified_gmt":"2015-08-07T12:30:00","slug":"condenan-a-joven-ebrio-que-protagonizo-accidente-con-resultado-de-muerte","status":"publish","type":"post","link":"https:\/\/eltrabajo.cl\/portal\/condenan-a-joven-ebrio-que-protagonizo-accidente-con-resultado-de-muerte\/","title":{"rendered":"Condenan a joven ebrio que protagoniz\u00f3 accidente con resultado de muerte"},"content":{"rendered":"<figure id=\"attachment_60752\" aria-describedby=\"caption-attachment-60752\" style=\"width: 300px\" class=\"wp-caption alignleft\"><a href=\"https:\/\/i0.wp.com\/www.eltrabajo.cl\/portal\/wp-content\/uploads\/2015\/08\/Accidente.jpg\"><img data-recalc-dims=\"1\" loading=\"lazy\" decoding=\"async\" class=\"wp-image-60752 size-medium\" src=\"https:\/\/i0.wp.com\/www.eltrabajo.cl\/portal\/wp-content\/uploads\/2015\/08\/Accidente-300x197.jpg?resize=300%2C197\" alt=\"El fatal accidente ocurri\u00f3 el 22 de marzo del 2014 a la altura de la Villa La Do\u00f1ita de San Felipe, en la emergencia concurri\u00f3 personal de Bomberos, el Samu y Carabineros.\" width=\"300\" height=\"197\" srcset=\"https:\/\/i0.wp.com\/eltrabajo.cl\/portal\/wp-content\/uploads\/2015\/08\/Accidente.jpg?resize=300%2C197&amp;ssl=1 300w, https:\/\/i0.wp.com\/eltrabajo.cl\/portal\/wp-content\/uploads\/2015\/08\/Accidente.jpg?resize=200%2C131&amp;ssl=1 200w, https:\/\/i0.wp.com\/eltrabajo.cl\/portal\/wp-content\/uploads\/2015\/08\/Accidente.jpg?resize=228%2C150&amp;ssl=1 228w, https:\/\/i0.wp.com\/eltrabajo.cl\/portal\/wp-content\/uploads\/2015\/08\/Accidente.jpg?resize=400%2C263&amp;ssl=1 400w, https:\/\/i0.wp.com\/eltrabajo.cl\/portal\/wp-content\/uploads\/2015\/08\/Accidente.jpg?w=530&amp;ssl=1 530w\" sizes=\"auto, (max-width: 300px) 100vw, 300px\" \/><\/a><figcaption id=\"caption-attachment-60752\" class=\"wp-caption-text\">El fatal accidente ocurri\u00f3 el 22 de marzo del 2014 a la altura de la Villa La Do\u00f1ita de San Felipe, en la emergencia concurri\u00f3 personal de Bomberos, el Samu y Carabineros.<\/figcaption><\/figure>\n<ul>\n<li><strong>Michell Lazo N\u00fa\u00f1ez conduc\u00eda su veh\u00edculo con 2,23 gramos de alcohol por litro de sangre cuando impact\u00f3 violentamente su m\u00f3vil contra un poste de alumbrado p\u00fablico, a ra\u00edz de lo cual un joven de 20 a\u00f1os perdi\u00f3 la vida y una joven madre result\u00f3 con severos da\u00f1os neurol\u00f3gicos irreversibles<\/strong>.<\/li>\n<\/ul>\n<p>Culpable por conducir en estado de ebriedad causando la muerte de un joven de 20 a\u00f1os y da\u00f1os neurol\u00f3gicos irreparables a una joven madre de 26, fue declarado Michell Lazo N\u00fa\u00f1ez tras la realizaci\u00f3n de un juicio por el Tribunal Oral en Lo Penal de San Felipe, donde se abord\u00f3 precisamente su responsabilidad en el accidente de tan tr\u00e1gicas consecuencias.<br \/>\nEl caso, que se mantuvo un a\u00f1o y cuatro meses en investigaci\u00f3n por el Ministerio P\u00fablico, estuvo a cargo del Fiscal Eduardo Fajardo, quien present\u00f3 las acusaciones en contra de Michell Lazo N\u00fa\u00f1ez, de 28 a\u00f1os de edad, requiriendo una pena de cinco a\u00f1os de presidio, sin embargo debido a su intachable conducta anterior, la legislaci\u00f3n podr\u00eda beneficiarlo con una pena remitida en libertad y suspensi\u00f3n de licencia de conducir, toda vez que el accidente ocurri\u00f3 antes de la promulgada \u2018Ley Emilia\u2019.<br \/>\nComo se recordar\u00e1, los hechos que conmocionaron a la provincia de San Felipe ocurrieron el pasado 22 de marzo de 2014, a eso de las 06:00 de la madrugada, cuando Michell Lazo N\u00fa\u00f1ez conduc\u00eda su veh\u00edculo marca Volkswagen Gol G3, placa patente VR 18-61, acompa\u00f1ado de otras tres personas en su interior.<br \/>\nAl estar bajo los efectos del alcohol, una mala maniobra al conducir hizo que el autom\u00f3vil se estrellara violentamente contra un poste del alumbrado p\u00fablico, quedando literalmente incrustado debido a la alta velocidad a la que se desplazaba, arrancando adem\u00e1s de ra\u00edz un \u00e1rbol que se encontraba en ese lugar.<br \/>\nA consecuencia de este fatal accidente falleci\u00f3 en forma instant\u00e1nea uno de los tripulantes identificado como Sebasti\u00e1n Rodrigo Calder\u00f3n Tapia de 20 a\u00f1os de edad, ex alumno del Liceo Industrial de San Felipe, ampliamente conocido por su desempe\u00f1o como guardia de seguridad e integrante del Club Paladines de Rugby de la comuna de San Felipe.<br \/>\nAsimismo Araceli Galdames Solis, de 21 a\u00f1os, result\u00f3 lesionada de consideraci\u00f3n, adem\u00e1s de una cuarta tripulante identificada como Mayra Fuentes Maldonado de 26 a\u00f1os de edad, quien result\u00f3 con heridas y fracturas grav\u00edsimas, debiendo ser ambas trasladadas hasta la Unidad de Cuidados Intensivos UCI del Hospital San Camilo de San Felipe.<br \/>\nAnte la emergencia, la unidad de rescate de Bomberos debi\u00f3 realizar amplias labores para rescatar a los heridos de los retorcidos fierros, adem\u00e1s de las pericias de la Subcomisar\u00eda Investigadora de Accidentes de Tr\u00e1nsito, Siat, de Carabineros de San Felipe para la elaboraci\u00f3n de los informes respectivos que quedaron en manos del Ministerio P\u00fablico.<br \/>\nEl Fiscal Jefe, Eduardo Fajardo De La Cuba, a cargo de este caso, present\u00f3 ante el Tribunal la alcoholemia del imputado que arroj\u00f3 2,23 gramos de alcohol por litro de sangre, adem\u00e1s del testimonio de una de las sobrevivientes de este mortal accidente, Mayra Fuentes, una joven madre de una peque\u00f1a hija, quien a m\u00e1s de un a\u00f1o del accidente, sufre graves secuelas tras haber estado conectada a un respirador artificial debido a las m\u00faltiples fracturas en su cuerpo y perforaci\u00f3n en sus pulmones y un traumatismo enc\u00e9falo craneano.<br \/>\nActualmente Mayra, domiciliada en la comuna de Putaendo, pudo salir de la UCI del Hospital San Camilo, sufriendo severos da\u00f1os neurol\u00f3gicos irreversibles, seg\u00fan los informes m\u00e9dicos, que le impiden caminar normalmente adem\u00e1s de la p\u00e9rdida de memoria, olvidando los sucesos del accidente que sufri\u00f3 en aquel entonces.<br \/>\nConcluido el juicio el d\u00eda mi\u00e9rcoles en la sala del Tribunal Oral de San Felipe, los jueces concluyeron en su veredicto que el acusado Michell Lazo N\u00fa\u00f1ez es culpable del delito de conducci\u00f3n en estado de ebriedad con resultado de muerte y lesiones graves grav\u00edsimas.<br \/>\nEn cuanto a las penas asignadas, Lazo podr\u00eda ser condenado de tres a cinco a\u00f1os de presidio con beneficios de una pena remitida en libertad, cuya sentencia ser\u00e1 dada a conocer por este mismo Tribunal el pr\u00f3ximo d\u00eda lunes 10 de agosto.<br \/>\n<strong>Pablo Salinas Sald\u00edas<\/strong><\/p>\n<div class=\"tiled-gallery type-rectangular tiled-gallery-unresized\" data-original-width=\"640\" data-carousel-extra='null' itemscope itemtype=\"http:\/\/schema.org\/ImageGallery\" > <div class=\"gallery-row\" style=\"width: 640px; height: 212px;\" data-original-width=\"640\" data-original-height=\"212\" > <div class=\"gallery-group images-1\" style=\"width: 320px; height: 212px;\" data-original-width=\"320\" data-original-height=\"212\" > <div class=\"tiled-gallery-item tiled-gallery-item-large\" itemprop=\"associatedMedia\" itemscope itemtype=\"http:\/\/schema.org\/ImageObject\"> <a href=\"https:\/\/eltrabajo.cl\/portal\/condenan-a-joven-ebrio-que-protagonizo-accidente-con-resultado-de-muerte\/sebastian-calderon\/\" border=\"0\" itemprop=\"url\"> <meta itemprop=\"width\" content=\"316\"> <meta itemprop=\"height\" content=\"208\"> <img decoding=\"async\" class=\"\" data-attachment-id=\"60754\" data-orig-file=\"https:\/\/eltrabajo.cl\/portal\/wp-content\/uploads\/2015\/08\/Sebastian-Calderon.jpg\" data-orig-size=\"530,350\" data-comments-opened=\"1\" data-image-meta=\"{&quot;aperture&quot;:&quot;0&quot;,&quot;credit&quot;:&quot;&quot;,&quot;camera&quot;:&quot;&quot;,&quot;caption&quot;:&quot;&quot;,&quot;created_timestamp&quot;:&quot;0&quot;,&quot;copyright&quot;:&quot;&quot;,&quot;focal_length&quot;:&quot;0&quot;,&quot;iso&quot;:&quot;0&quot;,&quot;shutter_speed&quot;:&quot;0&quot;,&quot;title&quot;:&quot;&quot;,&quot;orientation&quot;:&quot;0&quot;}\" data-image-title=\"Sebastian Calderon\" data-image-description=\"&lt;p&gt;A ra\u00edz del fatal accidente falleci\u00f3 en forma instant\u00e1nea Sebasti\u00e1n Calder\u00f3n Tapia de 20 a\u00f1os de edad, ex alumno del Liceo Industrial de San Felipe y miembro del Club Paladines de Rugby de San Felipe.&lt;\/p&gt; \" data-medium-file=\"https:\/\/i0.wp.com\/eltrabajo.cl\/portal\/wp-content\/uploads\/2015\/08\/Sebastian-Calderon.jpg?fit=300%2C198&#038;ssl=1\" data-large-file=\"https:\/\/i0.wp.com\/eltrabajo.cl\/portal\/wp-content\/uploads\/2015\/08\/Sebastian-Calderon.jpg?fit=530%2C350&#038;ssl=1\" src=\"https:\/\/i0.wp.com\/eltrabajo.cl\/portal\/wp-content\/uploads\/2015\/08\/Sebastian-Calderon.jpg?w=316&#038;h=208&#038;ssl=1\" srcset=\"https:\/\/i0.wp.com\/eltrabajo.cl\/portal\/wp-content\/uploads\/2015\/08\/Sebastian-Calderon.jpg?w=530&amp;ssl=1 530w, https:\/\/i0.wp.com\/eltrabajo.cl\/portal\/wp-content\/uploads\/2015\/08\/Sebastian-Calderon.jpg?resize=200%2C132&amp;ssl=1 200w, https:\/\/i0.wp.com\/eltrabajo.cl\/portal\/wp-content\/uploads\/2015\/08\/Sebastian-Calderon.jpg?resize=300%2C198&amp;ssl=1 300w, https:\/\/i0.wp.com\/eltrabajo.cl\/portal\/wp-content\/uploads\/2015\/08\/Sebastian-Calderon.jpg?resize=227%2C150&amp;ssl=1 227w, https:\/\/i0.wp.com\/eltrabajo.cl\/portal\/wp-content\/uploads\/2015\/08\/Sebastian-Calderon.jpg?resize=400%2C264&amp;ssl=1 400w\" width=\"316\" height=\"208\" loading=\"lazy\" data-original-width=\"316\" data-original-height=\"208\" itemprop=\"http:\/\/schema.org\/image\" title=\"Sebastian Calderon\" alt=\"A ra\u00edz del fatal accidente falleci\u00f3 en forma instant\u00e1nea Sebasti\u00e1n Calder\u00f3n Tapia de 20 a\u00f1os de edad, ex alumno del Liceo Industrial de San Felipe y miembro del Club Paladines de Rugby de San Felipe.\" style=\"width: 316px; height: 208px;\" \/> <\/a> <div class=\"tiled-gallery-caption\" itemprop=\"caption description\"> A ra\u00edz del fatal accidente falleci\u00f3 en forma instant\u00e1nea Sebasti\u00e1n Calder\u00f3n Tapia de 20 a\u00f1os de edad, ex alumno del Liceo Industrial de San Felipe y miembro del Club Paladines de Rugby de San Felipe. <\/div> <\/div> <\/div> <!-- close group --> <div class=\"gallery-group images-1\" style=\"width: 320px; height: 212px;\" data-original-width=\"320\" data-original-height=\"212\" > <div class=\"tiled-gallery-item tiled-gallery-item-large\" itemprop=\"associatedMedia\" itemscope itemtype=\"http:\/\/schema.org\/ImageObject\"> <a href=\"https:\/\/eltrabajo.cl\/portal\/condenan-a-joven-ebrio-que-protagonizo-accidente-con-resultado-de-muerte\/mayra-fuentes-2\/\" border=\"0\" itemprop=\"url\"> <meta itemprop=\"width\" content=\"316\"> <meta itemprop=\"height\" content=\"208\"> <img decoding=\"async\" class=\"\" data-attachment-id=\"60753\" data-orig-file=\"https:\/\/eltrabajo.cl\/portal\/wp-content\/uploads\/2015\/08\/Mayra-Fuentes.jpg\" data-orig-size=\"530,349\" data-comments-opened=\"1\" data-image-meta=\"{&quot;aperture&quot;:&quot;0&quot;,&quot;credit&quot;:&quot;&quot;,&quot;camera&quot;:&quot;&quot;,&quot;caption&quot;:&quot;&quot;,&quot;created_timestamp&quot;:&quot;0&quot;,&quot;copyright&quot;:&quot;&quot;,&quot;focal_length&quot;:&quot;0&quot;,&quot;iso&quot;:&quot;0&quot;,&quot;shutter_speed&quot;:&quot;0&quot;,&quot;title&quot;:&quot;&quot;,&quot;orientation&quot;:&quot;0&quot;}\" data-image-title=\"Mayra Fuentes\" data-image-description=\"&lt;p&gt;Mayra Fuentes Maldonado sobrevivi\u00f3 al accidente luego de estar internada grave en la UCI del Hospital San Camilo. En la actualidad sufre irreversibles da\u00f1os neurol\u00f3gicos que le impiden caminar normalmente.&lt;\/p&gt; \" data-medium-file=\"https:\/\/i0.wp.com\/eltrabajo.cl\/portal\/wp-content\/uploads\/2015\/08\/Mayra-Fuentes.jpg?fit=300%2C198&#038;ssl=1\" data-large-file=\"https:\/\/i0.wp.com\/eltrabajo.cl\/portal\/wp-content\/uploads\/2015\/08\/Mayra-Fuentes.jpg?fit=530%2C349&#038;ssl=1\" src=\"https:\/\/i0.wp.com\/eltrabajo.cl\/portal\/wp-content\/uploads\/2015\/08\/Mayra-Fuentes.jpg?w=316&#038;h=208&#038;ssl=1\" srcset=\"https:\/\/i0.wp.com\/eltrabajo.cl\/portal\/wp-content\/uploads\/2015\/08\/Mayra-Fuentes.jpg?w=530&amp;ssl=1 530w, https:\/\/i0.wp.com\/eltrabajo.cl\/portal\/wp-content\/uploads\/2015\/08\/Mayra-Fuentes.jpg?resize=200%2C132&amp;ssl=1 200w, https:\/\/i0.wp.com\/eltrabajo.cl\/portal\/wp-content\/uploads\/2015\/08\/Mayra-Fuentes.jpg?resize=300%2C198&amp;ssl=1 300w, https:\/\/i0.wp.com\/eltrabajo.cl\/portal\/wp-content\/uploads\/2015\/08\/Mayra-Fuentes.jpg?resize=228%2C150&amp;ssl=1 228w, https:\/\/i0.wp.com\/eltrabajo.cl\/portal\/wp-content\/uploads\/2015\/08\/Mayra-Fuentes.jpg?resize=400%2C263&amp;ssl=1 400w\" width=\"316\" height=\"208\" loading=\"lazy\" data-original-width=\"316\" data-original-height=\"208\" itemprop=\"http:\/\/schema.org\/image\" title=\"Mayra Fuentes\" alt=\"Mayra Fuentes Maldonado sobrevivi\u00f3 al accidente luego de estar internada grave en la UCI del Hospital San Camilo. En la actualidad sufre irreversibles da\u00f1os neurol\u00f3gicos que le impiden caminar normalmente.\" style=\"width: 316px; height: 208px;\" \/> <\/a> <div class=\"tiled-gallery-caption\" itemprop=\"caption description\"> Mayra Fuentes Maldonado sobrevivi\u00f3 al accidente luego de estar internada grave en la UCI del Hospital San Camilo. En la actualidad sufre irreversibles da\u00f1os neurol\u00f3gicos que le impiden caminar normalmente. <\/div> <\/div> <\/div> <!-- close group --> <\/div> <!-- close row --> <\/div>\n","protected":false},"excerpt":{"rendered":"<p>Michell Lazo N\u00fa\u00f1ez conduc\u00eda su veh\u00edculo con 2,23 gramos de alcohol por litro de sangre cuando impact\u00f3 violentamente su m\u00f3vil contra un poste de alumbrado p\u00fablico, a ra\u00edz de lo cual un&#8230;<\/p>\n","protected":false},"author":482,"featured_media":60752,"comment_status":"open","ping_status":"open","sticky":false,"template":"","format":"standard","meta":{"advanced_seo_description":"","jetpack_seo_html_title":"","jetpack_seo_noindex":false,"_jetpack_memberships_contains_paid_content":false,"footnotes":""},"categories":[21],"tags":[],"class_list":["post-60751","post","type-post","status-publish","format-standard","has-post-thumbnail","hentry","category-policial"],"jetpack_featured_media_url":"https:\/\/i0.wp.com\/eltrabajo.cl\/portal\/wp-content\/uploads\/2015\/08\/Accidente.jpg?fit=530%2C348&ssl=1","jetpack_sharing_enabled":true,"jetpack_likes_enabled":true,"jetpack-related-posts":[],"_links":{"self":[{"href":"https:\/\/eltrabajo.cl\/portal\/wp-json\/wp\/v2\/posts\/60751","targetHints":{"allow":["GET"]}}],"collection":[{"href":"https:\/\/eltrabajo.cl\/portal\/wp-json\/wp\/v2\/posts"}],"about":[{"href":"https:\/\/eltrabajo.cl\/portal\/wp-json\/wp\/v2\/types\/post"}],"author":[{"embeddable":true,"href":"https:\/\/eltrabajo.cl\/portal\/wp-json\/wp\/v2\/users\/482"}],"replies":[{"embeddable":true,"href":"https:\/\/eltrabajo.cl\/portal\/wp-json\/wp\/v2\/comments?post=60751"}],"version-history":[{"count":0,"href":"https:\/\/eltrabajo.cl\/portal\/wp-json\/wp\/v2\/posts\/60751\/revisions"}],"wp:featuredmedia":[{"embeddable":true,"href":"https:\/\/eltrabajo.cl\/portal\/wp-json\/wp\/v2\/media\/60752"}],"wp:attachment":[{"href":"https:\/\/eltrabajo.cl\/portal\/wp-json\/wp\/v2\/media?parent=60751"}],"wp:term":[{"taxonomy":"category","embeddable":true,"href":"https:\/\/eltrabajo.cl\/portal\/wp-json\/wp\/v2\/categories?post=60751"},{"taxonomy":"post_tag","embeddable":true,"href":"https:\/\/eltrabajo.cl\/portal\/wp-json\/wp\/v2\/tags?post=60751"}],"curies":[{"name":"wp","href":"https:\/\/api.w.org\/{rel}","templated":true}]}}